{"id":6717,"date":"2024-01-10T22:07:58","date_gmt":"2024-01-11T01:07:58","guid":{"rendered":"https:\/\/focotocantinense.com.br\/?p=6717"},"modified":"2024-01-10T22:41:33","modified_gmt":"2024-01-11T01:41:33","slug":"prefeito-joao-alberto-empossa-os-novos-conselheiros-tutelares-de-tocatinia","status":"publish","type":"post","link":"https:\/\/focotocantinense.com.br\/?p=6717","title":{"rendered":"Prefeito Jo\u00e3o Alberto empossa os novos conselheiros tutelares de Tocant\u00ednia"},"content":{"rendered":"\n<p><br>Neste \u00faltimo dia 10 de janeiro o prefeito Joao Alberto Coelho Machado empossou os novos conselheiros para o mandato de 2024 a 2028. A cerim\u00f4nia aconteceu no Audit\u00f3rio do Cefya Frei Ant\u00f4nio e teve a participa\u00e7\u00e3o em massa da popula\u00e7\u00e3o com a presen\u00e7a de diversas autoridades dentre elas o presidente do Conselho Municipal dos Direitos da Crian\u00e7a e do adolescente Pr Donilton Santiago , do presidente da C\u00e2mara S\u00e9rgio Caldeira, primeira dama e secret\u00e1ria de Assist\u00eancia Social Samua Nikaelem, do secret\u00e1rio de Administra\u00e7\u00e3o Enaldo Rodrigues e do Secret\u00e1rio de Educa\u00e7\u00e3o Andr\u00e9 Goveia .<\/p>\n\n\n\n<p>Na mesa das autoridades Sofia Rodrigues representou as crian\u00e7as e adolescentes do munic\u00edpio na qual destacou a import\u00e2ncia do Estatuto da Crian\u00e7a e do adolescente. Danilo Rodrigues liderou o juramento dos conselheiros onde os mesmos se comprometeram na ampla defesa da Crian\u00e7a e do adolescente. Elisabeth Xerente em nome dos conselheiros empossados disse \u201co trabalho de rede \u00e9 fundamental para o desenvolvimento do Conselho Tutelar e ressaltou a import\u00e2ncia da representatividade do povo Xerente dentro do Conselho.\u201d <\/p>\n\n\n\n<p>Para o prefeito em exerc\u00edcio Joao Alberto \u201cO conselho tutelar \u00e9 um \u00f3rg\u00e3o de extrema import\u00e2ncia para o nosso munic\u00edpio e temos certeza que os conselheiros eleitos e empossados com a compet\u00eancia que tem desenvolver\u00e3o um excelente trabalho em prol das crian\u00e7as e adolescentes tocantinienses e o poder executivo estar\u00e1 sempre a disposi\u00e7\u00e3o para atender da melhor forma poss\u00edvel as demandas pertinentes.\u201d<br><\/p>\n\n\n\n<p>A Secret\u00e1ria de Assist\u00eancia Social e primeira dama Samua Nikaelem \u201c parabenizo todos os conselheiros empossados e tenham certeza que esta pasta estar\u00e1 a disposi\u00e7\u00e3o para somar com o trabalho do Conselho pois nossas crian\u00e7as e adolescentes s\u00e3o de grande import\u00e2ncia para o desenvolvimento de nossa cidade e portanto nossa prioridade em todas as inst\u00e2ncias da sociedade\u201d.<\/p>\n\n\n\n<p><br>Na oportunidade a ex-conselheira Ragleide Alves agradeceu o apoio da gest\u00e3o municipal ao Conselho Tutelar , explicitou os avan\u00e7os como ve\u00edculo pr\u00f3prio e celulares adquiridos e pediu que continue o investimento da gest\u00e3o municipal no desenvolvimento do \u00f3rg\u00e3o . Foi realizada uma homenagem a todos os conselheiros que encerraram o mandato pelo presidente do CMDCA Pr Donilton Santiago . Os conselheiros empossados foram Elizabeth Xerente, Danilo Rodrigues, Wanderson Xerente, Frederico Vieira e Adelaide Nogueira.<\/p>\n\n\n\n<figure class=\"wp-block-image size-large\"><img loading=\"lazy\" decoding=\"async\" width=\"1024\" height=\"719\" src=\"https:\/\/focotocantinense.com.br\/wp-content\/uploads\/2024\/01\/bbbbb-1024x719.jpg\" alt=\"\" class=\"wp-image-6722\" srcset=\"https:\/\/focotocantinense.com.br\/wp-content\/uploads\/2024\/01\/bbbbb-1024x719.jpg 1024w, https:\/\/focotocantinense.com.br\/wp-content\/uploads\/2024\/01\/bbbbb-300x211.jpg 300w, https:\/\/focotocantinense.com.br\/wp-content\/uploads\/2024\/01\/bbbbb-768x540.jpg 768w, https:\/\/focotocantinense.com.br\/wp-content\/uploads\/2024\/01\/bbbbb-1536x1079.jpg 1536w, https:\/\/focotocantinense.com.br\/wp-content\/uploads\/2024\/01\/bbbbb.jpg 1600w\" sizes=\"auto, (max-width: 1024px) 100vw, 1024px\" \/><\/figure>\n\n\n\n<p><\/p>\n\n\n\n<figure class=\"wp-block-image size-large\"><img loading=\"lazy\" decoding=\"async\" width=\"1024\" height=\"737\" src=\"https:\/\/focotocantinense.com.br\/wp-content\/uploads\/2024\/01\/cccc-1024x737.jpg\" alt=\"\" class=\"wp-image-6721\" srcset=\"https:\/\/focotocantinense.com.br\/wp-content\/uploads\/2024\/01\/cccc-1024x737.jpg 1024w, https:\/\/focotocantinense.com.br\/wp-content\/uploads\/2024\/01\/cccc-300x216.jpg 300w, https:\/\/focotocantinense.com.br\/wp-content\/uploads\/2024\/01\/cccc-768x552.jpg 768w, https:\/\/focotocantinense.com.br\/wp-content\/uploads\/2024\/01\/cccc-1536x1105.jpg 1536w, https:\/\/focotocantinense.com.br\/wp-content\/uploads\/2024\/01\/cccc.jpg 1600w\" sizes=\"auto, (max-width: 1024px) 100vw, 1024px\" \/><\/figure>\n\n\n\n<p><\/p>\n\n\n\n<figure class=\"wp-block-image size-large\"><img loading=\"lazy\" decoding=\"async\" width=\"1024\" height=\"655\" src=\"https:\/\/focotocantinense.com.br\/wp-content\/uploads\/2024\/01\/aaaaaaaaaaaaaa-1-1024x655.jpg\" alt=\"\" class=\"wp-image-6719\" srcset=\"https:\/\/focotocantinense.com.br\/wp-content\/uploads\/2024\/01\/aaaaaaaaaaaaaa-1-1024x655.jpg 1024w, https:\/\/focotocantinense.com.br\/wp-content\/uploads\/2024\/01\/aaaaaaaaaaaaaa-1-300x192.jpg 300w, https:\/\/focotocantinense.com.br\/wp-content\/uploads\/2024\/01\/aaaaaaaaaaaaaa-1-768x492.jpg 768w, https:\/\/focotocantinense.com.br\/wp-content\/uploads\/2024\/01\/aaaaaaaaaaaaaa-1-1536x983.jpg 1536w, https:\/\/focotocantinense.com.br\/wp-content\/uploads\/2024\/01\/aaaaaaaaaaaaaa-1.jpg 1600w\" sizes=\"auto, (max-width: 1024px) 100vw, 1024px\" \/><\/figure>\n\n\n\n<p><\/p>\n\n\n\n<p><\/p>\n\n\n\n<figure class=\"wp-block-image size-full\"><img loading=\"lazy\" decoding=\"async\" width=\"640\" height=\"193\" src=\"https:\/\/focotocantinense.com.br\/wp-content\/uploads\/2024\/01\/VINI_181-1.jpg\" alt=\"\" class=\"wp-image-6712\" srcset=\"https:\/\/focotocantinense.com.br\/wp-content\/uploads\/2024\/01\/VINI_181-1.jpg 640w, https:\/\/focotocantinense.com.br\/wp-content\/uploads\/2024\/01\/VINI_181-1-300x90.jpg 300w\" sizes=\"auto, (max-width: 640px) 100vw, 640px\" \/><\/figure>\n","protected":false},"excerpt":{"rendered":"<p>Neste \u00faltimo dia 10 de janeiro o prefeito Joao Alberto Coelho Machado empossou os novos conselheiros para o mandato de 2024 a 2028. A cerim\u00f4nia aconteceu no Audit\u00f3rio do Cefya Frei Ant\u00f4nio e teve a participa\u00e7\u00e3o em massa da popula\u00e7\u00e3o com a presen\u00e7a de diversas autoridades dentre elas o presidente do Conselho Municipal dos Direitos &hellip;<\/p>\n","protected":false},"author":5,"featured_media":6719,"comment_status":"open","ping_status":"open","sticky":false,"template":"","format":"standard","meta":{"footnotes":""},"categories":[78],"tags":[],"class_list":["post-6717","post","type-post","status-publish","format-standard","has-post-thumbnail","","category-tocantinia"],"_links":{"self":[{"href":"https:\/\/focotocantinense.com.br\/index.php?rest_route=\/wp\/v2\/posts\/6717","targetHints":{"allow":["GET"]}}],"collection":[{"href":"https:\/\/focotocantinense.com.br\/index.php?rest_route=\/wp\/v2\/posts"}],"about":[{"href":"https:\/\/focotocantinense.com.br\/index.php?rest_route=\/wp\/v2\/types\/post"}],"author":[{"embeddable":true,"href":"https:\/\/focotocantinense.com.br\/index.php?rest_route=\/wp\/v2\/users\/5"}],"replies":[{"embeddable":true,"href":"https:\/\/focotocantinense.com.br\/index.php?rest_route=%2Fwp%2Fv2%2Fcomments&post=6717"}],"version-history":[{"count":3,"href":"https:\/\/focotocantinense.com.br\/index.php?rest_route=\/wp\/v2\/posts\/6717\/revisions"}],"predecessor-version":[{"id":6724,"href":"https:\/\/focotocantinense.com.br\/index.php?rest_route=\/wp\/v2\/posts\/6717\/revisions\/6724"}],"wp:featuredmedia":[{"embeddable":true,"href":"https:\/\/focotocantinense.com.br\/index.php?rest_route=\/wp\/v2\/media\/6719"}],"wp:attachment":[{"href":"https:\/\/focotocantinense.com.br\/index.php?rest_route=%2Fwp%2Fv2%2Fmedia&parent=6717"}],"wp:term":[{"taxonomy":"category","embeddable":true,"href":"https:\/\/focotocantinense.com.br\/index.php?rest_route=%2Fwp%2Fv2%2Fcategories&post=6717"},{"taxonomy":"post_tag","embeddable":true,"href":"https:\/\/focotocantinense.com.br\/index.php?rest_route=%2Fwp%2Fv2%2Ftags&post=6717"}],"curies":[{"name":"wp","href":"https:\/\/api.w.org\/{rel}","templated":true}]}}