{"id":6710,"date":"2024-01-09T10:56:45","date_gmt":"2024-01-09T13:56:45","guid":{"rendered":"https:\/\/focotocantinense.com.br\/?p=6710"},"modified":"2024-01-09T10:56:46","modified_gmt":"2024-01-09T13:56:46","slug":"em-porto-nacional-antonio-andrade-participa-de-missa-de-encerramento-das-festividades-de-santos-reis","status":"publish","type":"post","link":"https:\/\/focotocantinense.com.br\/?p=6710","title":{"rendered":"Em Porto Nacional, Antonio Andrade participa de Missa de encerramento das festividades de Santos Reis"},"content":{"rendered":"\n<p><\/p>\n\n\n\n<p>Na noite de s\u00e1bado, 6 de janeiro, ocorreu o encerramento dos festejos de Santos Reis em Porto Nacional. A data marca o encerramento das festividades do Natal. O deputado federal Antonio Andrade, compareceu acompanhado de sua esposa, Virg\u00ednia Andrade, \u00e0 Missa em homenagem aos Santos Reis Magos.<\/p>\n\n\n\n<p>A missa foi celebrada pelo Pe. Luiz Ant\u00f4nio, e contou com centenas de pessoas que lotaram a Par\u00f3quia, bem como a \u00e1rea externa.<\/p>\n\n\n\n<p>Em entrevista, Antonio Andrade disse que a ocasi\u00e3o foi especial, uma noite de renova\u00e7\u00e3o da f\u00e9, esperan\u00e7a e devo\u00e7\u00e3o. Agradeceu a forma carinhosa que foi recepcionado pela popula\u00e7\u00e3o e parabenizou a comunidade por mais uma bela edi\u00e7\u00e3o dos festejos de Santos Reis.<\/p>\n\n\n\n<p>Neste ano, a manifesta\u00e7\u00e3o religiosa tradicional na regi\u00e3o teve como festeiros: Theimy, Capit\u00e3o do Mastro; Mariana Oliveira, Rainha do Mastro; Reginaldo Corr\u00eaa, Imperador; e a Daura Cristina, Imperatriz dos festejos.<\/p>\n\n\n\n<p>O deputado federal Antonio Andrade, fez a doa\u00e7\u00e3o de uma moto 0km para a Par\u00f3quia, o ve\u00edculo foi utilizado como pr\u00eamio de uma rifa cujo objetivo era arrecadar fundos para as festividades. E quem teve a sorte grande e ganhou a moto foi a jovem, Yasmin Facundes Rodrigues, que recebeu as chaves das m\u00e3os de Daniela Andrade e M\u00e1rcio Ant\u00f4nio Andrade, ambos representando o parlamentar.<\/p>\n\n\n\n<figure class=\"wp-block-image size-full is-resized\"><img loading=\"lazy\" decoding=\"async\" width=\"592\" height=\"329\" src=\"https:\/\/focotocantinense.com.br\/wp-content\/uploads\/2024\/01\/aaaa.jpg\" alt=\"\" class=\"wp-image-6711\" style=\"width:840px;height:auto\" srcset=\"https:\/\/focotocantinense.com.br\/wp-content\/uploads\/2024\/01\/aaaa.jpg 592w, https:\/\/focotocantinense.com.br\/wp-content\/uploads\/2024\/01\/aaaa-300x167.jpg 300w\" sizes=\"auto, (max-width: 592px) 100vw, 592px\" \/><\/figure>\n\n\n\n<p><\/p>\n\n\n\n<figure class=\"wp-block-image size-full\"><img loading=\"lazy\" decoding=\"async\" width=\"640\" height=\"193\" src=\"https:\/\/focotocantinense.com.br\/wp-content\/uploads\/2024\/01\/VINI_181-1.jpg\" alt=\"\" class=\"wp-image-6712\" srcset=\"https:\/\/focotocantinense.com.br\/wp-content\/uploads\/2024\/01\/VINI_181-1.jpg 640w, https:\/\/focotocantinense.com.br\/wp-content\/uploads\/2024\/01\/VINI_181-1-300x90.jpg 300w\" sizes=\"auto, (max-width: 640px) 100vw, 640px\" \/><\/figure>\n","protected":false},"excerpt":{"rendered":"<p>Na noite de s\u00e1bado, 6 de janeiro, ocorreu o encerramento dos festejos de Santos Reis em Porto Nacional. A data marca o encerramento das festividades do Natal. O deputado federal Antonio Andrade, compareceu acompanhado de sua esposa, Virg\u00ednia Andrade, \u00e0 Missa em homenagem aos Santos Reis Magos. A missa foi celebrada pelo Pe. Luiz Ant\u00f4nio, &hellip;<\/p>\n","protected":false},"author":5,"featured_media":6711,"comment_status":"open","ping_status":"open","sticky":false,"template":"","format":"standard","meta":{"footnotes":""},"categories":[46],"tags":[],"class_list":["post-6710","post","type-post","status-publish","format-standard","has-post-thumbnail","","category-porto_nacional"],"_links":{"self":[{"href":"https:\/\/focotocantinense.com.br\/index.php?rest_route=\/wp\/v2\/posts\/6710","targetHints":{"allow":["GET"]}}],"collection":[{"href":"https:\/\/focotocantinense.com.br\/index.php?rest_route=\/wp\/v2\/posts"}],"about":[{"href":"https:\/\/focotocantinense.com.br\/index.php?rest_route=\/wp\/v2\/types\/post"}],"author":[{"embeddable":true,"href":"https:\/\/focotocantinense.com.br\/index.php?rest_route=\/wp\/v2\/users\/5"}],"replies":[{"embeddable":true,"href":"https:\/\/focotocantinense.com.br\/index.php?rest_route=%2Fwp%2Fv2%2Fcomments&post=6710"}],"version-history":[{"count":1,"href":"https:\/\/focotocantinense.com.br\/index.php?rest_route=\/wp\/v2\/posts\/6710\/revisions"}],"predecessor-version":[{"id":6713,"href":"https:\/\/focotocantinense.com.br\/index.php?rest_route=\/wp\/v2\/posts\/6710\/revisions\/6713"}],"wp:featuredmedia":[{"embeddable":true,"href":"https:\/\/focotocantinense.com.br\/index.php?rest_route=\/wp\/v2\/media\/6711"}],"wp:attachment":[{"href":"https:\/\/focotocantinense.com.br\/index.php?rest_route=%2Fwp%2Fv2%2Fmedia&parent=6710"}],"wp:term":[{"taxonomy":"category","embeddable":true,"href":"https:\/\/focotocantinense.com.br\/index.php?rest_route=%2Fwp%2Fv2%2Fcategories&post=6710"},{"taxonomy":"post_tag","embeddable":true,"href":"https:\/\/focotocantinense.com.br\/index.php?rest_route=%2Fwp%2Fv2%2Ftags&post=6710"}],"curies":[{"name":"wp","href":"https:\/\/api.w.org\/{rel}","templated":true}]}}