{"id":6703,"date":"2024-01-05T18:42:28","date_gmt":"2024-01-05T21:42:28","guid":{"rendered":"https:\/\/focotocantinense.com.br\/?p=6703"},"modified":"2024-01-05T18:42:29","modified_gmt":"2024-01-05T21:42:29","slug":"instituto-gratidao-tocantins-pretende-realizar-mais-um-casamento-comunitario-para-100-casais","status":"publish","type":"post","link":"https:\/\/focotocantinense.com.br\/?p=6703","title":{"rendered":"Instituto Gratid\u00e3o Tocantins pretende realizar mais um casamento comunit\u00e1rio para 100 casais"},"content":{"rendered":"\n<p>Ap\u00f3s o grande sucesso do primeiro casamento comunit\u00e1rio, que marcou o m\u00eas de junho de 2023 com emo\u00e7\u00f5es e celebra\u00e7\u00e3o, a diretora do Instituto Gratid\u00e3o Tocantins (IGT), Alline Moreira, deu continuidade ao projeto ao protocolar nesta sexta-feira, 05, um novo of\u00edcio para a realiza\u00e7\u00e3o do evento em 2024.<\/p>\n\n\n\n<p>A expectativa \u00e9 unir mais 100 casais no sagrado matrim\u00f4nio. O cartor\u00e1rio Ricardo Alves Rodrigues, do Cart\u00f3rio de Registro Civil de Pessoas Naturais de Gurupi, recebeu a diretora dando in\u00edcio aos preparativos para a grande celebra\u00e7\u00e3o.<\/p>\n\n\n\n<p>Em 2023, o Deputado Gutierres Torquato e a diretora do IGT, Alline Moreira, proporcionaram uma noite memor\u00e1vel para celebrar o amor das 200 pessoas que subiram ao altar. A cerim\u00f4nia n\u00e3o se limitou apenas ao matrim\u00f4nio; a organiza\u00e7\u00e3o do evento surpreendeu os participantes com a apresenta\u00e7\u00e3o da banda nacional Babado Novo.<\/p>\n\n\n\n<p>Al\u00e9m da cerim\u00f4nia em si, a equipe de organiza\u00e7\u00e3o do evento se dedicou a proporcionar uma experi\u00eancia completa para as 100 noivas. Em parceria com a Secretaria de Assist\u00eancia Social do Tocantins, o dia da noiva no IGT contou com designer de sobrancelhas e profissionais especializados em cabelo e maquiagem.<\/p>\n\n\n\n<p>A expectativa para o Casamento Comunit\u00e1rio de 2024 \u00e9 muito grande, prometendo superar as emo\u00e7\u00f5es vividas no ano anterior. Para mais informa\u00e7\u00f5es, os interessados podem procurar o Instituto Gratid\u00e3o Tocantins, localizado na av Paran\u00e1, entre as ruas 5 e 6, em Gurupi.<\/p>\n\n\n\n<figure class=\"wp-block-image size-full\"><img loading=\"lazy\" decoding=\"async\" width=\"506\" height=\"458\" src=\"https:\/\/focotocantinense.com.br\/wp-content\/uploads\/2024\/01\/aaaaa.jpg\" alt=\"\" class=\"wp-image-6705\" srcset=\"https:\/\/focotocantinense.com.br\/wp-content\/uploads\/2024\/01\/aaaaa.jpg 506w, https:\/\/focotocantinense.com.br\/wp-content\/uploads\/2024\/01\/aaaaa-300x272.jpg 300w\" sizes=\"auto, (max-width: 506px) 100vw, 506px\" \/><\/figure>\n\n\n\n<p><\/p>\n\n\n\n<figure class=\"wp-block-image size-full\"><img loading=\"lazy\" decoding=\"async\" width=\"640\" height=\"193\" src=\"https:\/\/focotocantinense.com.br\/wp-content\/uploads\/2024\/01\/VINI_181.jpg\" alt=\"\" class=\"wp-image-6697\" srcset=\"https:\/\/focotocantinense.com.br\/wp-content\/uploads\/2024\/01\/VINI_181.jpg 640w, https:\/\/focotocantinense.com.br\/wp-content\/uploads\/2024\/01\/VINI_181-300x90.jpg 300w\" sizes=\"auto, (max-width: 640px) 100vw, 640px\" \/><\/figure>\n","protected":false},"excerpt":{"rendered":"<p>Ap\u00f3s o grande sucesso do primeiro casamento comunit\u00e1rio, que marcou o m\u00eas de junho de 2023 com emo\u00e7\u00f5es e celebra\u00e7\u00e3o, a diretora do Instituto Gratid\u00e3o Tocantins (IGT), Alline Moreira, deu continuidade ao projeto ao protocolar nesta sexta-feira, 05, um novo of\u00edcio para a realiza\u00e7\u00e3o do evento em 2024. A expectativa \u00e9 unir mais 100 casais &hellip;<\/p>\n","protected":false},"author":5,"featured_media":6704,"comment_status":"open","ping_status":"open","sticky":false,"template":"","format":"standard","meta":{"footnotes":""},"categories":[38],"tags":[],"class_list":["post-6703","post","type-post","status-publish","format-standard","has-post-thumbnail","","category-gurupi"],"_links":{"self":[{"href":"https:\/\/focotocantinense.com.br\/index.php?rest_route=\/wp\/v2\/posts\/6703","targetHints":{"allow":["GET"]}}],"collection":[{"href":"https:\/\/focotocantinense.com.br\/index.php?rest_route=\/wp\/v2\/posts"}],"about":[{"href":"https:\/\/focotocantinense.com.br\/index.php?rest_route=\/wp\/v2\/types\/post"}],"author":[{"embeddable":true,"href":"https:\/\/focotocantinense.com.br\/index.php?rest_route=\/wp\/v2\/users\/5"}],"replies":[{"embeddable":true,"href":"https:\/\/focotocantinense.com.br\/index.php?rest_route=%2Fwp%2Fv2%2Fcomments&post=6703"}],"version-history":[{"count":1,"href":"https:\/\/focotocantinense.com.br\/index.php?rest_route=\/wp\/v2\/posts\/6703\/revisions"}],"predecessor-version":[{"id":6706,"href":"https:\/\/focotocantinense.com.br\/index.php?rest_route=\/wp\/v2\/posts\/6703\/revisions\/6706"}],"wp:featuredmedia":[{"embeddable":true,"href":"https:\/\/focotocantinense.com.br\/index.php?rest_route=\/wp\/v2\/media\/6704"}],"wp:attachment":[{"href":"https:\/\/focotocantinense.com.br\/index.php?rest_route=%2Fwp%2Fv2%2Fmedia&parent=6703"}],"wp:term":[{"taxonomy":"category","embeddable":true,"href":"https:\/\/focotocantinense.com.br\/index.php?rest_route=%2Fwp%2Fv2%2Fcategories&post=6703"},{"taxonomy":"post_tag","embeddable":true,"href":"https:\/\/focotocantinense.com.br\/index.php?rest_route=%2Fwp%2Fv2%2Ftags&post=6703"}],"curies":[{"name":"wp","href":"https:\/\/api.w.org\/{rel}","templated":true}]}}