{"id":6694,"date":"2024-01-04T22:56:18","date_gmt":"2024-01-05T01:56:18","guid":{"rendered":"https:\/\/focotocantinense.com.br\/?p=6694"},"modified":"2024-01-04T22:59:02","modified_gmt":"2024-01-05T01:59:02","slug":"governo-do-tocantins-amplia-prazo-para-pagamento-do-ipva-2024-com-desconto-de-10-ate-31-de-janeiro","status":"publish","type":"post","link":"https:\/\/focotocantinense.com.br\/?p=6694","title":{"rendered":"Governo do Tocantins amplia prazo para pagamento do IPVA 2024 com desconto de 10% at\u00e9 31 de janeiro"},"content":{"rendered":"\n<p>O Governo do Tocantins prorrogou o prazo para pagamento do Imposto sobre a Propriedade de Ve\u00edculos Automotores (IPVA) referente ao exerc\u00edcio de 2024, que inicialmente tinha como data limite o dia 15 de janeiro com desconto de 10%, foi estendido at\u00e9 o dia 31 de janeiro.<\/p>\n\n\n\n<p>A decis\u00e3o governamental busca proporcionar maior flexibilidade aos contribuintes, permitindo que eles possam cumprir suas obriga\u00e7\u00f5es fiscais de forma mais tranquila e eficiente, incentivando a adimpl\u00eancia.<\/p>\n\n\n\n<p>Al\u00e9m do pagamento \u00e0 vista, o contribuinte poder\u00e1 escolher quitar o imposto de forma parcelada, em at\u00e9 10 vezes, ou em parcela \u00fanica, sem desconto, na data final do calend\u00e1rio fiscal do IPVA que \u00e9 15 de outubro.&nbsp;No caso de parcelamento, a presta\u00e7\u00e3o deve ser igual ou superior a R$ 200 para pessoa f\u00edsica e R$ 400 para pessoa jur\u00eddica.<\/p>\n\n\n\n<p>Para imprimir o Documento de Arrecada\u00e7\u00e3o Estadual (Dare) \u00e9 f\u00e1cil. Basta acessar a p\u00e1gina da Secretaria da Fazenda na internet preencher as informa\u00e7\u00f5es solicitadas do ve\u00edculo (CPF ou CNPJ do propriet\u00e1rio, placa e renavam). O pagamento pode ser efetuado utilizando o c\u00f3digo de barras ou por PIX, cujo QR-Code consta no Dare.<\/p>\n\n\n\n<p><strong>Calend\u00e1rio<\/strong><\/p>\n\n\n\n<p>\u00c9 importante os contribuintes ficarem atentos quanto \u00e0s datas de quita\u00e7\u00e3o do IPVA 2024, pois a Portaria Sefaz n\u00ba 3\/2024\/GABSEC publicada no Di\u00e1rio Oficial do Estado do Tocantins, desta quarta-feira, dia 3, edi\u00e7\u00e3o 6482, altera somente o prazo para pagamento \u00e0 vista ou a primeira parcela para casos de divis\u00e3o do imposto em 10 vezes. Quem optou pelo parcelamento, os vencimentos acontecem sempre no dia 15 do m\u00eas ou no dia subsequente, se o dia 15 caiu no final de semana ou feriado.<\/p>\n\n\n\n<p><strong>Divis\u00e3o<\/strong><\/p>\n\n\n\n<p>Da arrecada\u00e7\u00e3o do IPVA, 50% \u00e9 destinada ao Estado e 50% ao munic\u00edpio onde o ve\u00edculo est\u00e1 licenciado. Essa divis\u00e3o demonstra a import\u00e2ncia do pagamento em dia do imposto, que \u00e9 uma fonte fundamental de recursos para o desenvolvimento de servi\u00e7os p\u00fablicos essenciais, como sa\u00fade, educa\u00e7\u00e3o e infraestrutura. Dessa forma, a prorroga\u00e7\u00e3o do prazo tamb\u00e9m representa um est\u00edmulo ao investimento na melhoria da qualidade de vida da popula\u00e7\u00e3o do Tocantins. O Dare tamb\u00e9m pode ser impresso em qualquer Ag\u00eancia de Atendimento da Sefaz.<\/p>\n\n\n\n<p><strong>CRLV<\/strong><\/p>\n\n\n\n<p>&nbsp;O pagamento do IPVA tamb\u00e9m \u00e9 exigido para emiss\u00e3o do Certificado de Registro e Licenciamento do Ve\u00edculo (CRLV), documento que indica que o ve\u00edculo est\u00e1 apto para circular pelas vias.<\/p>\n\n\n\n<p><strong>Isen\u00e7\u00e3o<\/strong><\/p>\n\n\n\n<p>Este ano, al\u00e9m dos casos previstos no artigo 71 da lei 1.287\/2001 (C\u00f3digo Tribut\u00e1rio do Estado do Tocantins), continuam isentos do IPVA, ve\u00edculos cujo imposto for igual ou inferior a R$ 200 e tamb\u00e9m aqueles de propriedades de deficientes auditivos ou com s\u00edndrome de down.]\n\n\n\n<figure class=\"wp-block-image size-large is-resized\"><img loading=\"lazy\" decoding=\"async\" width=\"1024\" height=\"680\" src=\"https:\/\/focotocantinense.com.br\/wp-content\/uploads\/2024\/01\/bbbbbbbbbbb-2-1024x680.jpg\" alt=\"\" class=\"wp-image-6701\" style=\"width:821px;height:auto\" srcset=\"https:\/\/focotocantinense.com.br\/wp-content\/uploads\/2024\/01\/bbbbbbbbbbb-2-1024x680.jpg 1024w, https:\/\/focotocantinense.com.br\/wp-content\/uploads\/2024\/01\/bbbbbbbbbbb-2-300x199.jpg 300w, https:\/\/focotocantinense.com.br\/wp-content\/uploads\/2024\/01\/bbbbbbbbbbb-2-768x510.jpg 768w, https:\/\/focotocantinense.com.br\/wp-content\/uploads\/2024\/01\/bbbbbbbbbbb-2-1536x1020.jpg 1536w, https:\/\/focotocantinense.com.br\/wp-content\/uploads\/2024\/01\/bbbbbbbbbbb-2-2048x1360.jpg 2048w, https:\/\/focotocantinense.com.br\/wp-content\/uploads\/2024\/01\/bbbbbbbbbbb-2-310x205.jpg 310w\" sizes=\"auto, (max-width: 1024px) 100vw, 1024px\" \/><\/figure>\n\n\n\n<p><\/p>\n\n\n\n<figure class=\"wp-block-image size-full\"><img loading=\"lazy\" decoding=\"async\" width=\"640\" height=\"193\" src=\"https:\/\/focotocantinense.com.br\/wp-content\/uploads\/2024\/01\/VINI_181.jpg\" alt=\"\" class=\"wp-image-6697\" srcset=\"https:\/\/focotocantinense.com.br\/wp-content\/uploads\/2024\/01\/VINI_181.jpg 640w, https:\/\/focotocantinense.com.br\/wp-content\/uploads\/2024\/01\/VINI_181-300x90.jpg 300w\" sizes=\"auto, (max-width: 640px) 100vw, 640px\" \/><\/figure>\n\n\n\n<p><\/p>\n","protected":false},"excerpt":{"rendered":"<p>O Governo do Tocantins prorrogou o prazo para pagamento do Imposto sobre a Propriedade de Ve\u00edculos Automotores (IPVA) referente ao exerc\u00edcio de 2024, que inicialmente tinha como data limite o dia 15 de janeiro com desconto de 10%, foi estendido at\u00e9 o dia 31 de janeiro. A decis\u00e3o governamental busca proporcionar maior flexibilidade aos contribuintes, &hellip;<\/p>\n","protected":false},"author":5,"featured_media":6701,"comment_status":"open","ping_status":"open","sticky":false,"template":"","format":"standard","meta":{"footnotes":""},"categories":[39],"tags":[],"class_list":["post-6694","post","type-post","status-publish","format-standard","has-post-thumbnail","","category-estado"],"_links":{"self":[{"href":"https:\/\/focotocantinense.com.br\/index.php?rest_route=\/wp\/v2\/posts\/6694","targetHints":{"allow":["GET"]}}],"collection":[{"href":"https:\/\/focotocantinense.com.br\/index.php?rest_route=\/wp\/v2\/posts"}],"about":[{"href":"https:\/\/focotocantinense.com.br\/index.php?rest_route=\/wp\/v2\/types\/post"}],"author":[{"embeddable":true,"href":"https:\/\/focotocantinense.com.br\/index.php?rest_route=\/wp\/v2\/users\/5"}],"replies":[{"embeddable":true,"href":"https:\/\/focotocantinense.com.br\/index.php?rest_route=%2Fwp%2Fv2%2Fcomments&post=6694"}],"version-history":[{"count":3,"href":"https:\/\/focotocantinense.com.br\/index.php?rest_route=\/wp\/v2\/posts\/6694\/revisions"}],"predecessor-version":[{"id":6702,"href":"https:\/\/focotocantinense.com.br\/index.php?rest_route=\/wp\/v2\/posts\/6694\/revisions\/6702"}],"wp:featuredmedia":[{"embeddable":true,"href":"https:\/\/focotocantinense.com.br\/index.php?rest_route=\/wp\/v2\/media\/6701"}],"wp:attachment":[{"href":"https:\/\/focotocantinense.com.br\/index.php?rest_route=%2Fwp%2Fv2%2Fmedia&parent=6694"}],"wp:term":[{"taxonomy":"category","embeddable":true,"href":"https:\/\/focotocantinense.com.br\/index.php?rest_route=%2Fwp%2Fv2%2Fcategories&post=6694"},{"taxonomy":"post_tag","embeddable":true,"href":"https:\/\/focotocantinense.com.br\/index.php?rest_route=%2Fwp%2Fv2%2Ftags&post=6694"}],"curies":[{"name":"wp","href":"https:\/\/api.w.org\/{rel}","templated":true}]}}