{"id":6584,"date":"2023-12-30T20:35:59","date_gmt":"2023-12-30T23:35:59","guid":{"rendered":"https:\/\/focotocantinense.com.br\/?p=6584"},"modified":"2023-12-30T20:36:00","modified_gmt":"2023-12-30T23:36:00","slug":"em-dia-historico-deputado-federal-antonio-andrade-realiza-entrega-de-cestas-basicas-beneficiando-mais-de-10-000-pessoas-nos-quatro-cantos-de-porto-nacional","status":"publish","type":"post","link":"https:\/\/focotocantinense.com.br\/?p=6584","title":{"rendered":"Em dia hist\u00f3rico, deputado federal Antonio Andrade realiza entrega de cestas b\u00e1sicas beneficiando mais de 10.000 pessoas nos quatro cantos de Porto Nacional"},"content":{"rendered":"\n<p>Em dia hist\u00f3rico, deputado federal Antonio Andrade realiza entrega de cestas b\u00e1sicas beneficiando mais de 10.000 pessoas nos quatro cantos de Porto Nacional<\/p>\n\n\n\n<p>A distribui\u00e7\u00e3o ocorreu neste s\u00e1bado, 30 de dezembro, e foi marcada por muita alegria e gratid\u00e3o<\/p>\n\n\n\n<p>Com gesto de solidariedade e comprometimento com o bem-estar da popula\u00e7\u00e3o portuense, Antonio Andrade, pelo 5\u00b0 ano consecutivo realizou a entrega de cestas b\u00e1sicas a fam\u00edlias do munic\u00edpio de Porto Nacional. Garantindo desse modo, que muitas pessoas em situa\u00e7\u00e3o de vulnerabilidade econ\u00f4mica possam ter uma virada de ano mais digna e com a mesa farta.<\/p>\n\n\n\n<p>A distribui\u00e7\u00e3o ocorreu nos setores, Brigadeiro Eduardo Gomes (Escola Estadual Carm\u00eania Matos Maia), Nova Capital, Alto da Colina (resid\u00eancia do ex-vereador, Djalma Ara\u00fajo); setor Garcia ( resid\u00eancia do l\u00edder Edmar Batista); no Imperial, Jardim Querido ( Bar do Manel\u00e3o) e no Distrito de Pinheir\u00f3polis, sendo marcada por muita alegria e gratid\u00e3o.<\/p>\n\n\n\n<p>Virg\u00ednia Andrade, que acompanhou as distribui\u00e7\u00f5es ao lado do deputado, destacou a felicidade em contribuir com o momento especial. \u201c\u00c9 motivo de muita alegria fazermos essa entrega, que n\u00e3o \u00e9 apenas de alimentos, nosso intuito vai al\u00e9m, \u00e9 levar uma mensagem de f\u00e9, esperan\u00e7a e calor humano a cada cidad\u00e3o. Um presente da nossa fam\u00edlia para a sua\u201d, enfatizou.<\/p>\n\n\n\n<p>Em seu discurso, o parlamentar agradeceu a colabora\u00e7\u00e3o e envolvimento de todos os parceiros. \u201cSou grato a todos que colaboraram para que essa iniciativa fosse concretizada com \u00eaxito, muito obrigada, isso revela a empatia e o cuidado com o pr\u00f3ximo\u201d, pontuou.<\/p>\n\n\n\n<p>\u201cEsse ato \u00e9 um importante suporte, trabalhar em prol do povo \u00e9 o que nos move, essa a\u00e7\u00e3o \u00e9 uma prova de que unidos somos mais fortes para fazer a diferen\u00e7a positivamente na vida das pessoas, sou honrado e grato a Deus por me dar a oportunidade de promover a felicidade para tanta gente\u201d, frisou o deputado federal mais votado do Tocantins nas \u00faltimas elei\u00e7\u00f5es.<\/p>\n\n\n\n<p>Lembrando que, neste domingo, 31 de dezembro, o Distrito de Luzimangues receber\u00e1 a a\u00e7\u00e3o, favorecendo a comunidade local.<\/p>\n\n\n\n<p>Al\u00e9m do deputado Antonio Andrade participaram da iniciativa os vereadores; Tony Andrade, Jefferson Lopes e Gilian Fraga, o chefe do Ciretran Bruno Almeida; o l\u00edder da juventude portuense, Valber Albuquerque; os radialistas Xand\u00e3o e L\u00e9o Almeida tamb\u00e9m estiveram presentes, dentre outras lideran\u00e7as do munic\u00edpio.<\/p>\n\n\n\n<p>Assessoria de Comunica\u00e7\u00e3o \u2013 Deputado Federal Antonio Andrade<\/p>\n","protected":false},"excerpt":{"rendered":"<p>Em dia hist\u00f3rico, deputado federal Antonio Andrade realiza entrega de cestas b\u00e1sicas beneficiando mais de 10.000 pessoas nos quatro cantos de Porto Nacional A distribui\u00e7\u00e3o ocorreu neste s\u00e1bado, 30 de dezembro, e foi marcada por muita alegria e gratid\u00e3o Com gesto de solidariedade e comprometimento com o bem-estar da popula\u00e7\u00e3o portuense, Antonio Andrade, pelo 5\u00b0 &hellip;<\/p>\n","protected":false},"author":5,"featured_media":0,"comment_status":"open","ping_status":"open","sticky":false,"template":"","format":"standard","meta":{"footnotes":""},"categories":[1],"tags":[],"class_list":["post-6584","post","type-post","status-publish","format-standard","","category-sem-categoria"],"_links":{"self":[{"href":"https:\/\/focotocantinense.com.br\/index.php?rest_route=\/wp\/v2\/posts\/6584","targetHints":{"allow":["GET"]}}],"collection":[{"href":"https:\/\/focotocantinense.com.br\/index.php?rest_route=\/wp\/v2\/posts"}],"about":[{"href":"https:\/\/focotocantinense.com.br\/index.php?rest_route=\/wp\/v2\/types\/post"}],"author":[{"embeddable":true,"href":"https:\/\/focotocantinense.com.br\/index.php?rest_route=\/wp\/v2\/users\/5"}],"replies":[{"embeddable":true,"href":"https:\/\/focotocantinense.com.br\/index.php?rest_route=%2Fwp%2Fv2%2Fcomments&post=6584"}],"version-history":[{"count":1,"href":"https:\/\/focotocantinense.com.br\/index.php?rest_route=\/wp\/v2\/posts\/6584\/revisions"}],"predecessor-version":[{"id":6585,"href":"https:\/\/focotocantinense.com.br\/index.php?rest_route=\/wp\/v2\/posts\/6584\/revisions\/6585"}],"wp:attachment":[{"href":"https:\/\/focotocantinense.com.br\/index.php?rest_route=%2Fwp%2Fv2%2Fmedia&parent=6584"}],"wp:term":[{"taxonomy":"category","embeddable":true,"href":"https:\/\/focotocantinense.com.br\/index.php?rest_route=%2Fwp%2Fv2%2Fcategories&post=6584"},{"taxonomy":"post_tag","embeddable":true,"href":"https:\/\/focotocantinense.com.br\/index.php?rest_route=%2Fwp%2Fv2%2Ftags&post=6584"}],"curies":[{"name":"wp","href":"https:\/\/api.w.org\/{rel}","templated":true}]}}