{"id":6577,"date":"2023-12-28T20:47:00","date_gmt":"2023-12-28T23:47:00","guid":{"rendered":"https:\/\/focotocantinense.com.br\/?p=6577"},"modified":"2023-12-28T20:47:00","modified_gmt":"2023-12-28T23:47:00","slug":"moradores-da-zona-rural-do-municipio-de-crixas-sofrem-com-a-falta-de-agua","status":"publish","type":"post","link":"https:\/\/focotocantinense.com.br\/?p=6577","title":{"rendered":"Moradores da zona rural do munic\u00edpio de Crix\u00e1s sofrem com a falta de \u00e1gua"},"content":{"rendered":"\n<p>Os moradores do projeto Boa Sorte, localizado \u00e0 70 quil\u00f4metros da cidade de Crix\u00e1s-TO, vem sofrendo com a falta de \u00e1gua que tem preocupado com a popula\u00e7\u00e3o da regi\u00e3o.<\/p>\n\n\n\n<p>A seca j\u00e1 se estende por mais de 5 meses, o que tem cooperado para que as cisternas, represas, corr\u00e9gos, bem como a\u00e7udes, praticamente secos, at\u00e9 os animais tamb\u00e9m s\u00e3o atingidos pela falta de \u00e1gua.<\/p>\n\n\n\n<p>De acordo com a Prefeitura Municipal de Crix\u00e1s, uma for\u00e7a tarefa est\u00e1 sendo executada. O Executivo est\u00e1 disponibilizando um tanque pipa, para levar diariamente mil litros de \u00e1gua aos moradores com o intuito de amenizar a situa\u00e7\u00e3o.<\/p>\n\n\n\n<p>A \u00e1gua distribu\u00edda naquela regi\u00e3o, s\u00e3o utilizadas, para o trato das cria\u00e7\u00f5es de gado, porcos, galinhas, al\u00e9m de ajudar na limpeza da manuten\u00e7\u00e3o da casa, al\u00e9m de molhar as plantas, bem como at\u00e9 mesmo na higiene pessoal.<\/p>\n\n\n\n<p>Segundo a prefeita, Fl\u00e1via do Leitoa, a disponibiliza\u00e7\u00e3o dos implementos para a distribui\u00e7\u00e3o \u00e9 uma forma de ajudar o homem do campo que muito tem sofrido com essa seca. &#8220;Nosso munic\u00edpio tem feito de tudo para atender os moradores da melhor forma poss\u00edvel, sempre temos o cuidado de olhar para todas as \u00e1reas sociais, estamos fazendo de tudo para que todos possam ter \u00e1gua, todos precisam desse bem t\u00e3o valioso no nosso dia a dia, que \u00e9 a \u00e1gua, afinal \u00e1gua \u00e9 vida n\u00e9? Por isso estamos atentos aos anseios do nosso povo, podem contar com nossa m\u00e3o amiga estendida, para ajudar a todos, sobretudo o povo do Boa Sorte&#8221; disse a prefeita.<\/p>\n\n\n\n<p>Para a presidente da Associa\u00e7\u00e3o do Boa Sorte, Meirivam Lima, relatou da import\u00e2ncia da parceria entre a associa\u00e7\u00e3o de moradores com a prefeitura, em realizar o carregamento de \u00e1gua para cada um dos nossos chacareiros.<br>&#8220;Isso mostra o quanto nossa gestora por meio da prefeitura tem se preocupado com nosso povo. N\u00f3s da associa\u00e7\u00e3o do Boa Sorte estamos felizes com essa a\u00e7\u00e3o&#8221; destacou a presidente.<\/p>\n\n\n\n<p>Para o morador da Fazenda Mangaba, Jos\u00e9 Roberto, afirmou que a ajuda tem chegado em boa hora, uma vez, que estamos passando por esse problema da falta de \u00e1gua. &#8220;Hoje nossos rebanhos e cria\u00e7\u00f5es de terreiros tem \u00e1gua a vontade pra beberem, isso nos deixa muito feliz&#8221; finalizou.<\/p>\n\n\n\n<figure class=\"wp-block-image\"><img decoding=\"async\" src=\"http:\/\/n1to.com.br\/img\/uploads\/bbbb_29.jpg\" alt=\"\"\/><\/figure>\n\n\n\n<figure class=\"wp-block-image\"><img decoding=\"async\" src=\"http:\/\/n1to.com.br\/img\/uploads\/ccccc_10.jpg\" alt=\"\"\/><\/figure>\n\n\n\n<figure class=\"wp-block-image size-full\"><img loading=\"lazy\" decoding=\"async\" width=\"640\" height=\"193\" src=\"https:\/\/focotocantinense.com.br\/wp-content\/uploads\/2023\/12\/VINI_181-7.jpg\" alt=\"\" class=\"wp-image-6568\" srcset=\"https:\/\/focotocantinense.com.br\/wp-content\/uploads\/2023\/12\/VINI_181-7.jpg 640w, https:\/\/focotocantinense.com.br\/wp-content\/uploads\/2023\/12\/VINI_181-7-300x90.jpg 300w\" sizes=\"auto, (max-width: 640px) 100vw, 640px\" \/><\/figure>\n","protected":false},"excerpt":{"rendered":"<p>Os moradores do projeto Boa Sorte, localizado \u00e0 70 quil\u00f4metros da cidade de Crix\u00e1s-TO, vem sofrendo com a falta de \u00e1gua que tem preocupado com a popula\u00e7\u00e3o da regi\u00e3o. A seca j\u00e1 se estende por mais de 5 meses, o que tem cooperado para que as cisternas, represas, corr\u00e9gos, bem como a\u00e7udes, praticamente secos, at\u00e9 &hellip;<\/p>\n","protected":false},"author":5,"featured_media":6578,"comment_status":"open","ping_status":"open","sticky":false,"template":"","format":"standard","meta":{"footnotes":""},"categories":[68],"tags":[],"class_list":["post-6577","post","type-post","status-publish","format-standard","has-post-thumbnail","","category-crixas"],"_links":{"self":[{"href":"https:\/\/focotocantinense.com.br\/index.php?rest_route=\/wp\/v2\/posts\/6577","targetHints":{"allow":["GET"]}}],"collection":[{"href":"https:\/\/focotocantinense.com.br\/index.php?rest_route=\/wp\/v2\/posts"}],"about":[{"href":"https:\/\/focotocantinense.com.br\/index.php?rest_route=\/wp\/v2\/types\/post"}],"author":[{"embeddable":true,"href":"https:\/\/focotocantinense.com.br\/index.php?rest_route=\/wp\/v2\/users\/5"}],"replies":[{"embeddable":true,"href":"https:\/\/focotocantinense.com.br\/index.php?rest_route=%2Fwp%2Fv2%2Fcomments&post=6577"}],"version-history":[{"count":1,"href":"https:\/\/focotocantinense.com.br\/index.php?rest_route=\/wp\/v2\/posts\/6577\/revisions"}],"predecessor-version":[{"id":6579,"href":"https:\/\/focotocantinense.com.br\/index.php?rest_route=\/wp\/v2\/posts\/6577\/revisions\/6579"}],"wp:featuredmedia":[{"embeddable":true,"href":"https:\/\/focotocantinense.com.br\/index.php?rest_route=\/wp\/v2\/media\/6578"}],"wp:attachment":[{"href":"https:\/\/focotocantinense.com.br\/index.php?rest_route=%2Fwp%2Fv2%2Fmedia&parent=6577"}],"wp:term":[{"taxonomy":"category","embeddable":true,"href":"https:\/\/focotocantinense.com.br\/index.php?rest_route=%2Fwp%2Fv2%2Fcategories&post=6577"},{"taxonomy":"post_tag","embeddable":true,"href":"https:\/\/focotocantinense.com.br\/index.php?rest_route=%2Fwp%2Fv2%2Ftags&post=6577"}],"curies":[{"name":"wp","href":"https:\/\/api.w.org\/{rel}","templated":true}]}}