{"id":6571,"date":"2023-12-28T20:44:21","date_gmt":"2023-12-28T23:44:21","guid":{"rendered":"https:\/\/focotocantinense.com.br\/?p=6571"},"modified":"2023-12-28T20:44:21","modified_gmt":"2023-12-28T23:44:21","slug":"em-gurupi-fiscais-municipais-de-transito-estao-atuando-com-nova-identificacao","status":"publish","type":"post","link":"https:\/\/focotocantinense.com.br\/?p=6571","title":{"rendered":"Em Gurupi, fiscais municipais de tr\u00e2nsito est\u00e3o atuando com nova identifica\u00e7\u00e3o"},"content":{"rendered":"\n<p>&nbsp;Em Gurupi, os fiscais municipais de tr\u00e2nsito est\u00e3o utilizando um novo uniforme na cor verde-oliva. O intuito \u00e9 ter uma identifica\u00e7\u00e3o pr\u00f3pria do Munic\u00edpio, para que os profissionais n\u00e3o sejam confundidos com agentes de tr\u00e2nsito de outros \u00f3rg\u00e3os.<\/p>\n\n\n\n<p>\u201cEssa mudan\u00e7a visa proporcionar uma identifica\u00e7\u00e3o mais eficaz e melhor visibilidade aos profissionais do Munic\u00edpio durante as opera\u00e7\u00f5es e fiscaliza\u00e7\u00f5es de tr\u00e2nsito, facilitando o reconhecimento deles pela comunidade\u201d, explicou o presidente da Ag\u00eancia Municipal de Tr\u00e2nsito e Transporte de Gurupi (AMTT), Eduardo Baldini.<\/p>\n\n\n\n<p>Os agentes atuam em dois turnos: a equipe que faz o turno matutino, inicia as 7h e finaliza as 13h, e a equipe do turno vespertino entra \u00e0s 13h e segue at\u00e9 \u00e1s 19h.<\/p>\n\n\n\n<p>O presidente da AMTT destacou que, em situa\u00e7\u00f5es que demandem atua\u00e7\u00e3o durante a noite, os agentes utilizar\u00e3o coletes refletivos, aumentando a visibilidade e garantindo maior seguran\u00e7a aos profissionais.<\/p>\n\n\n\n<figure class=\"wp-block-image size-large\"><img loading=\"lazy\" decoding=\"async\" width=\"1024\" height=\"683\" src=\"https:\/\/focotocantinense.com.br\/wp-content\/uploads\/2023\/12\/Imagem-do-WhatsApp-de-2023-12-28-as-10.06.27_e9154a21-1-1024x683.jpg\" alt=\"\" class=\"wp-image-6573\" srcset=\"https:\/\/focotocantinense.com.br\/wp-content\/uploads\/2023\/12\/Imagem-do-WhatsApp-de-2023-12-28-as-10.06.27_e9154a21-1-1024x683.jpg 1024w, https:\/\/focotocantinense.com.br\/wp-content\/uploads\/2023\/12\/Imagem-do-WhatsApp-de-2023-12-28-as-10.06.27_e9154a21-1-300x200.jpg 300w, https:\/\/focotocantinense.com.br\/wp-content\/uploads\/2023\/12\/Imagem-do-WhatsApp-de-2023-12-28-as-10.06.27_e9154a21-1-768x512.jpg 768w, https:\/\/focotocantinense.com.br\/wp-content\/uploads\/2023\/12\/Imagem-do-WhatsApp-de-2023-12-28-as-10.06.27_e9154a21-1-1536x1024.jpg 1536w, https:\/\/focotocantinense.com.br\/wp-content\/uploads\/2023\/12\/Imagem-do-WhatsApp-de-2023-12-28-as-10.06.27_e9154a21-1.jpg 1600w\" sizes=\"auto, (max-width: 1024px) 100vw, 1024px\" \/><\/figure>\n\n\n\n<p><\/p>\n\n\n\n<figure class=\"wp-block-image\"><img decoding=\"async\" src=\"http:\/\/n1to.com.br\/img\/uploads\/VINI_181_55.jpg\" alt=\"\"\/><\/figure>\n","protected":false},"excerpt":{"rendered":"<p>&nbsp;Em Gurupi, os fiscais municipais de tr\u00e2nsito est\u00e3o utilizando um novo uniforme na cor verde-oliva. O intuito \u00e9 ter uma identifica\u00e7\u00e3o pr\u00f3pria do Munic\u00edpio, para que os profissionais n\u00e3o sejam confundidos com agentes de tr\u00e2nsito de outros \u00f3rg\u00e3os. \u201cEssa mudan\u00e7a visa proporcionar uma identifica\u00e7\u00e3o mais eficaz e melhor visibilidade aos profissionais do Munic\u00edpio durante as &hellip;<\/p>\n","protected":false},"author":5,"featured_media":6572,"comment_status":"open","ping_status":"open","sticky":false,"template":"","format":"standard","meta":{"footnotes":""},"categories":[38],"tags":[],"class_list":["post-6571","post","type-post","status-publish","format-standard","has-post-thumbnail","","category-gurupi"],"_links":{"self":[{"href":"https:\/\/focotocantinense.com.br\/index.php?rest_route=\/wp\/v2\/posts\/6571","targetHints":{"allow":["GET"]}}],"collection":[{"href":"https:\/\/focotocantinense.com.br\/index.php?rest_route=\/wp\/v2\/posts"}],"about":[{"href":"https:\/\/focotocantinense.com.br\/index.php?rest_route=\/wp\/v2\/types\/post"}],"author":[{"embeddable":true,"href":"https:\/\/focotocantinense.com.br\/index.php?rest_route=\/wp\/v2\/users\/5"}],"replies":[{"embeddable":true,"href":"https:\/\/focotocantinense.com.br\/index.php?rest_route=%2Fwp%2Fv2%2Fcomments&post=6571"}],"version-history":[{"count":1,"href":"https:\/\/focotocantinense.com.br\/index.php?rest_route=\/wp\/v2\/posts\/6571\/revisions"}],"predecessor-version":[{"id":6574,"href":"https:\/\/focotocantinense.com.br\/index.php?rest_route=\/wp\/v2\/posts\/6571\/revisions\/6574"}],"wp:featuredmedia":[{"embeddable":true,"href":"https:\/\/focotocantinense.com.br\/index.php?rest_route=\/wp\/v2\/media\/6572"}],"wp:attachment":[{"href":"https:\/\/focotocantinense.com.br\/index.php?rest_route=%2Fwp%2Fv2%2Fmedia&parent=6571"}],"wp:term":[{"taxonomy":"category","embeddable":true,"href":"https:\/\/focotocantinense.com.br\/index.php?rest_route=%2Fwp%2Fv2%2Fcategories&post=6571"},{"taxonomy":"post_tag","embeddable":true,"href":"https:\/\/focotocantinense.com.br\/index.php?rest_route=%2Fwp%2Fv2%2Ftags&post=6571"}],"curies":[{"name":"wp","href":"https:\/\/api.w.org\/{rel}","templated":true}]}}