{"id":6566,"date":"2023-12-27T19:41:21","date_gmt":"2023-12-27T22:41:21","guid":{"rendered":"https:\/\/focotocantinense.com.br\/?p=6566"},"modified":"2023-12-27T19:41:22","modified_gmt":"2023-12-27T22:41:22","slug":"prefeito-de-sao-valerio-olimpio-arraes-celebra-conquistas-e-planeja-futuro-em-reuniao-de-balanco-anual","status":"publish","type":"post","link":"https:\/\/focotocantinense.com.br\/?p=6566","title":{"rendered":"Prefeito de S\u00e3o Val\u00e9rio, Ol\u00edmpio Arraes, celebra conquistas e planeja futuro em reuni\u00e3o de balan\u00e7o anual"},"content":{"rendered":"\n<p><strong>Por Jonas Amaral<\/strong><\/p>\n\n\n\n<p>Em um encontro marcado por reflex\u00f5es sobre um ano desafiador, mas repleto de realiza\u00e7\u00f5es, o prefeito de S\u00e3o Val\u00e9rio, Ol\u00edmpio Arraes, reuniu-se na \u00faltima sexta-feira, dia 22, com sua equipe de secret\u00e1rios para realizar um balan\u00e7o de gest\u00e3o referente ao ano de 2023 e tra\u00e7ar planos para o pr\u00f3ximo ano.<\/p>\n\n\n\n<p>Durante a reuni\u00e3o, cada secret\u00e1rio apresentou os avan\u00e7os alcan\u00e7ados em suas respectivas pastas, destacando as conquistas que contribu\u00edram para o progresso do munic\u00edpio. Al\u00e9m do balan\u00e7o administrativo, foi discutido o planejamento estrat\u00e9gico para 2024, delineando metas e projetos para o futuro.<\/p>\n\n\n\n<p>O prefeito Ol\u00edmpio Arraes expressou sua gratid\u00e3o pela dedica\u00e7\u00e3o da equipe e parabenizou pelo trabalho realizado.&nbsp;<em>\u201cEstou muito feliz com a equipe que escolhi para trabalhar ao meu lado. Este ano de 2023 temos muito a celebrar, e faremos ainda mais em 2024. Estamos construindo todos os dias o S\u00e3o Val\u00e9rio do Futuro\u201d,<\/em>&nbsp;destacou o gestor.<\/p>\n\n\n\n<p>Segundo Ol\u00edmpio Arraes, a apresenta\u00e7\u00e3o dos resultados obtidos ao longo do ano evidenciou a efici\u00eancia da Prefeitura em diversas \u00e1reas, como sa\u00fade, educa\u00e7\u00e3o, infraestrutura e desenvolvimento social.&nbsp;<em>\u201cO ano de 2023 foi desafiador, mas tivemos a\u00e7\u00f5es expressivas que t\u00eam mudado a realidade da nossa popula\u00e7\u00e3o. H\u00e1 um trabalho consistente sendo feito, e isso nos mostra que estamos no caminho certo e vamos continuar neste ritmo de obras e servi\u00e7os\u201d,<\/em>&nbsp;ressaltou o prefeito.<\/p>\n\n\n\n<p>A reuni\u00e3o n\u00e3o apenas revisou as realiza\u00e7\u00f5es de 2023, mas tamb\u00e9m apontou os pr\u00f3ximos passos a serem dados em 2024. Os secret\u00e1rios apresentaram projetos que foram avaliados pelo prefeito e que devem ser implementados no pr\u00f3ximo ano.&nbsp;<em>\u201cTemos muito a ser feito, mas \u00e9 nessa uni\u00e3o e nesse esp\u00edrito coletivo que vamos construindo ideias e buscando formas de coloc\u00e1-las em pr\u00e1tica\u201d,<\/em>&nbsp;afirmou Ol\u00edmpio Arraes.<\/p>\n\n\n\n<p>Entre as a\u00e7\u00f5es destacadas para o in\u00edcio de 2024, o prefeito anunciou a inaugura\u00e7\u00e3o da Escola de Tempo Integral com 12 salas, a inaugura\u00e7\u00e3o da quadra poliesportiva e da orla, pavimenta\u00e7\u00e3o asf\u00e1ltica, al\u00e9m da publica\u00e7\u00e3o do t\u00e3o aguardado concurso p\u00fablico do munic\u00edpio. S\u00e3o Val\u00e9rio se prepara para novos cap\u00edtulos de crescimento e desenvolvimento sob a lideran\u00e7a comprometida de sua administra\u00e7\u00e3o municipal.<\/p>\n\n\n\n<figure class=\"wp-block-image size-large\"><img loading=\"lazy\" decoding=\"async\" width=\"1024\" height=\"576\" src=\"https:\/\/focotocantinense.com.br\/wp-content\/uploads\/2023\/12\/xxxxxxxxxxx-1-1024x576.jpeg\" alt=\"\" class=\"wp-image-6569\" srcset=\"https:\/\/focotocantinense.com.br\/wp-content\/uploads\/2023\/12\/xxxxxxxxxxx-1-1024x576.jpeg 1024w, https:\/\/focotocantinense.com.br\/wp-content\/uploads\/2023\/12\/xxxxxxxxxxx-1-300x169.jpeg 300w, https:\/\/focotocantinense.com.br\/wp-content\/uploads\/2023\/12\/xxxxxxxxxxx-1-768x432.jpeg 768w, https:\/\/focotocantinense.com.br\/wp-content\/uploads\/2023\/12\/xxxxxxxxxxx-1.jpeg 1536w\" sizes=\"auto, (max-width: 1024px) 100vw, 1024px\" \/><\/figure>\n\n\n\n<p><\/p>\n\n\n\n<figure class=\"wp-block-image size-full is-resized\"><img loading=\"lazy\" decoding=\"async\" width=\"640\" height=\"193\" src=\"https:\/\/focotocantinense.com.br\/wp-content\/uploads\/2023\/12\/VINI_181-7.jpg\" alt=\"\" class=\"wp-image-6568\" style=\"width:840px;height:auto\" srcset=\"https:\/\/focotocantinense.com.br\/wp-content\/uploads\/2023\/12\/VINI_181-7.jpg 640w, https:\/\/focotocantinense.com.br\/wp-content\/uploads\/2023\/12\/VINI_181-7-300x90.jpg 300w\" sizes=\"auto, (max-width: 640px) 100vw, 640px\" \/><\/figure>\n","protected":false},"excerpt":{"rendered":"<p>Por Jonas Amaral Em um encontro marcado por reflex\u00f5es sobre um ano desafiador, mas repleto de realiza\u00e7\u00f5es, o prefeito de S\u00e3o Val\u00e9rio, Ol\u00edmpio Arraes, reuniu-se na \u00faltima sexta-feira, dia 22, com sua equipe de secret\u00e1rios para realizar um balan\u00e7o de gest\u00e3o referente ao ano de 2023 e tra\u00e7ar planos para o pr\u00f3ximo ano. Durante a &hellip;<\/p>\n","protected":false},"author":5,"featured_media":6567,"comment_status":"open","ping_status":"open","sticky":false,"template":"","format":"standard","meta":{"footnotes":""},"categories":[57],"tags":[],"class_list":["post-6566","post","type-post","status-publish","format-standard","has-post-thumbnail","","category-sao-valerio"],"_links":{"self":[{"href":"https:\/\/focotocantinense.com.br\/index.php?rest_route=\/wp\/v2\/posts\/6566","targetHints":{"allow":["GET"]}}],"collection":[{"href":"https:\/\/focotocantinense.com.br\/index.php?rest_route=\/wp\/v2\/posts"}],"about":[{"href":"https:\/\/focotocantinense.com.br\/index.php?rest_route=\/wp\/v2\/types\/post"}],"author":[{"embeddable":true,"href":"https:\/\/focotocantinense.com.br\/index.php?rest_route=\/wp\/v2\/users\/5"}],"replies":[{"embeddable":true,"href":"https:\/\/focotocantinense.com.br\/index.php?rest_route=%2Fwp%2Fv2%2Fcomments&post=6566"}],"version-history":[{"count":1,"href":"https:\/\/focotocantinense.com.br\/index.php?rest_route=\/wp\/v2\/posts\/6566\/revisions"}],"predecessor-version":[{"id":6570,"href":"https:\/\/focotocantinense.com.br\/index.php?rest_route=\/wp\/v2\/posts\/6566\/revisions\/6570"}],"wp:featuredmedia":[{"embeddable":true,"href":"https:\/\/focotocantinense.com.br\/index.php?rest_route=\/wp\/v2\/media\/6567"}],"wp:attachment":[{"href":"https:\/\/focotocantinense.com.br\/index.php?rest_route=%2Fwp%2Fv2%2Fmedia&parent=6566"}],"wp:term":[{"taxonomy":"category","embeddable":true,"href":"https:\/\/focotocantinense.com.br\/index.php?rest_route=%2Fwp%2Fv2%2Fcategories&post=6566"},{"taxonomy":"post_tag","embeddable":true,"href":"https:\/\/focotocantinense.com.br\/index.php?rest_route=%2Fwp%2Fv2%2Ftags&post=6566"}],"curies":[{"name":"wp","href":"https:\/\/api.w.org\/{rel}","templated":true}]}}