{"id":6547,"date":"2023-12-23T10:11:19","date_gmt":"2023-12-23T13:11:19","guid":{"rendered":"https:\/\/focotocantinense.com.br\/?p=6547"},"modified":"2023-12-23T10:12:36","modified_gmt":"2023-12-23T13:12:36","slug":"em-tocantinia-acontece-a-formatura-da-primeira-turma-indigena-da-universidade-da-maturidade-no-brasil","status":"publish","type":"post","link":"https:\/\/focotocantinense.com.br\/?p=6547","title":{"rendered":"Em Tocant\u00ednia acontece a formatura  da primeira turma ind\u00edgena da Universidade da Maturidade no Brasil"},"content":{"rendered":"\n<p><strong>Por&nbsp; Zacarias Martins&nbsp;<\/strong><\/p>\n\n\n\n<p>Na noite desta quinta-feira,28, na terra ind\u00edgena Xerente, o vice-prefeito Jo\u00e3o Alberto Coelho Machado, acompanhado da esposa Samua Nikaelen, juntamente com uma comitiva formada por secret\u00e1rios municipais e outros integrantes do governo municipal, compareceram a solenidade de formatura da primeira turma ind\u00edgena do Brasil da UMA &#8211; Universidade da Maturidade.<\/p>\n\n\n\n<p>A Universidade da Maturidade \u00e9 um projeto de extens\u00e3o da Universidade Federal do Tocantins em parceria com a Prefeitura de Tocant\u00ednia por meio da Secretaria Municipal de Educa\u00e7\u00e3o \u2013 Semed, que est\u00e1 presente em diversos munic\u00edpios tocantinenses e estados brasileiros e visa a valoriza\u00e7\u00e3o do idoso por meio da forma\u00e7\u00e3o acad\u00eamica pela pedagogia da escuta, da pesquisa e da intergeracionalidade.<\/p>\n\n\n\n<p><strong>Planejamento<\/strong><\/p>\n\n\n\n<p>A cerim\u00f4nia que aconteceu no territ\u00f3rio ind\u00edgena&nbsp;Xerente foi&nbsp;toda planejada e elaborada a partir do processo de escuta dos anci\u00e3os e respeitando a cultura do povo&nbsp;Akw\u00ea. Todo o cerimonial foi realizado pelo coordenador educacional ind\u00edgena Marcos&nbsp;Suwate&nbsp;e pelo coordenador nacional da UMA Dr.&nbsp;Lu\u00eds&nbsp;Sin\u00e9sio Neto foi feito na l\u00edngua ind\u00edgena&nbsp;Akw\u00ea&nbsp;e tamb\u00e9m na l\u00edngua portuguesa, com destaque para o Hino Nacional Brasileiro cantado na l\u00edngua nativa, bem como, toda a trilha sonora da solenidade que foi composta por c\u00e2nticos ind\u00edgenas&nbsp;Akw\u00ea&nbsp;e a tradicional palavra do orador da turma que foi substitu\u00edda pelo discurso tradicional discurso&nbsp;Akw\u00ea&nbsp;Xerente realizado por dois anci\u00e3os concluintes.<\/p>\n\n\n\n<p><strong>Trajet\u00f3ria<\/strong><\/p>\n\n\n\n<p>Ap\u00f3s dois anos de forma\u00e7\u00e3o, com o direcionamento local da Prefeitura de Tocant\u00ednia, por meio da Secretaria Municipal de Educa\u00e7\u00e3o que disponibiliza transporte, material did\u00e1tico e a organiza\u00e7\u00e3o do corpo docente, dentre outros servi\u00e7os, foram 28 o n\u00famero de ind\u00edgenas Xerente que conclu\u00edram o curso de Educadores Sociais e Pol\u00edticos do Envelhecimento Humano e receberam os certificados por meio da Dra. Neila Os\u00f3rio, que no ato, representou o Magn\u00edfico Reitor da UFT, Eduardo Bovolato.<\/p>\n\n\n\n<p><strong>Emo\u00e7\u00e3o<\/strong><\/p>\n\n\n\n<p>Ao receber o diploma foi vis\u00edvel a emo\u00e7\u00e3o de cada um dos formados que entre l\u00e1grimas e sorrisos demonstravam gratid\u00e3o pela formatura. Na oportunidade, o vice-prefeito Jo\u00e3o Alberto Coelho Machado, representando o prefeito Manoel Silvino, parabenizou os formandos e reconheceu o trabalho da Universidade da Maturidade juntamente com a Prefeitura de Tocant\u00ednia, por meio da Secretaria de Educa\u00e7\u00e3o na concentra\u00e7\u00e3o de pol\u00edticas, esfor\u00e7os e a\u00e7\u00f5es de valoriza\u00e7\u00e3o da pessoa idosa, sobretudo, dos anci\u00e3os ind\u00edgenas Xerente.<\/p>\n\n\n\n<p><strong>Momento marcante<\/strong><\/p>\n\n\n\n<p>O vice-prefeito trouxe a mensagem de felicita\u00e7\u00f5es e de reconhecimento pelo marco hist\u00f3rico da solenidade por parte do prefeito Silvino. \u201cA formatura da primeira turma ind\u00edgena do Brasil da Universidade da Maturidade \u00e9 um momento marcante do reconhecimento ao relevante conhecimento cultural do povo ind\u00edgena Xerente. Eles constituem a nossa identidade e esses conhecimentos trabalhados por esse projeto que tem o apoio da Prefeitura de Tocant\u00ednia visam, n\u00e3o s\u00f3 um diploma que \u00e9 merecido pelos nossos anci\u00e3os mas, tamb\u00e9m, fortalecer a cultura, preservando a sua continuidade e assim, por meio da educa\u00e7\u00e3o, garantir uma vida saud\u00e1vel, longevidade e como tamb\u00e9m tornando nossa cidade um referencial nacional na forma\u00e7\u00e3o acerca do envelhecimento humano\u201d afirmou o vice-prefeito.<\/p>\n\n\n\n<p>Para o concluinte Augusto Xerente, \u201cA formatura representou um momento de alegria por ver o povo Xerente a cultura t\u00e3o bem reconhecida por meio de uma formatura muito bonita e preparada com carinho pelos nossos professores e a Dra. Neila Os\u00f3rio&#8221;, afirmou.<\/p>\n\n\n\n<p>J\u00e1 para o secret\u00e1rio municipal de Educa\u00e7\u00e3o, Andr\u00e9 Goveia, disse que a formatura da primeira turma ind\u00edgena do Brasil da Universidade da Maturidade, em parceria com a Prefeitura de Tocant\u00ednia, por meio da Secretaria Municipal de Educa\u00e7\u00e3o, marca um primeiro passo na consolida\u00e7\u00e3o de pol\u00edticas, a\u00e7\u00f5es e empenho de trazer \u00e0 tona conhecimentos hist\u00f3ricos, culturais, liter\u00e1rios e tantos outros da riqu\u00edssima cultura ind\u00edgena Xerente e que por vezes tem se perdido ao longo do tempo.<\/p>\n\n\n\n<p>\u201cMais do que uma formatura, \u00e9 um pilar de sustenta\u00e7\u00e3o que move muitas pessoas dentro de um trabalho de rede, com base na ci\u00eancia para que sejam sistematizados e preservados sobretudo, os saberes dos anci\u00e3os ind\u00edgenas que s\u00e3o bibliotecas vivas e que podem contribuir muito com uma vida mais feliz e saud\u00e1vel para as pessoas\u201d, asseverou Andr\u00e9 Goveia.<\/p>\n\n\n\n<p>A coordenadora nacional da Universidade da Maturidade, Dra. Neila Os\u00f3rio disse que essa \u00e9 uma tecnologia social que est\u00e1 contribuindo de forma significativa para que os saberes dos velhos e de forma brilhante dos anci\u00e3os ind\u00edgenas Xerente seja reconhecido e n\u00e3o fiquem invisibilizados, mas tenham lugar de destaque na sociedade, na hist\u00f3ria e na mem\u00f3ria de uma realidade favor\u00e1vel para as pol\u00edticas sociais e educacionais do envelhecimento humano<\/p>\n\n\n\n<p>O professor Leo Sampaio, coordenador da UMA Ind\u00edgena destaca que a cola\u00e7\u00e3o grau dessa primeira turma no Polo Ind\u00edgena, entrou para hist\u00f3ria, n\u00e3o somente de Tocant\u00ednia, mas, tamb\u00e9m, do Brasil. \u201cNossas Bibliotecas Vivas receberam o lugar que j\u00e1 \u00e9 de direito, um lugar vis\u00edvel: a parceria entre Prefeitura de Tocant\u00ednia por meio da Secretaria Municipal de Educa\u00e7\u00e3o e a Universidade Federal do Tocantins deu certo\u201d, destacou.<\/p>\n\n\n\n<p><strong>Mo\u00e7\u00e3o de Aplausos&nbsp;<\/strong><\/p>\n\n\n\n<p>Durante a solenidade de formatura e ap\u00f3s uma vota\u00e7\u00e3o unanime dos vereadores que concederam Mo\u00e7\u00e3o de Aplausos \u00e0 Universidade da Maturidade \u2013 Polo de Tocant\u00ednia por ter conquistado o Pr\u00eamio Darcy Ribeiro de Educa\u00e7\u00e3o, o presidente da C\u00e2mara, S\u00e9rgio Paulo Barbosa Caldeira, entregou placa de homenagem pela Mo\u00e7\u00e3o de Aplausos concedida pelo Legislativo Municipal por ocasi\u00e3o da solenidade de cola\u00e7\u00e3o de grau da Universidade da Maturidade. O vereador presidente S\u00e9rgio Caldeira compareceu ao evento e disse que \u201cN\u00e3o poder\u00edamos ter momento melhor para a entrega dessa Mo\u00e7\u00e3o de Aplausos pela C\u00e2mara de Tocant\u00ednia como esse em que sela a formatura da primeira turma ind\u00edgena da Universidade da Maturidade no Brasil e que representa um momento de grande orgulho e alegria para nosso munic\u00edpio\u201d, concluiu.<\/p>\n\n\n\n<figure class=\"wp-block-image size-large\"><img loading=\"lazy\" decoding=\"async\" width=\"1024\" height=\"683\" src=\"https:\/\/focotocantinense.com.br\/wp-content\/uploads\/2023\/12\/10-Movimentada-a-formatura-em-Tocantinia-da-primeira-turma-indigena-da-Universidade-da-Maturidade-no-Brasil-Foto-Higor-Batista-1024x683.jpg\" alt=\"\" class=\"wp-image-6551\" srcset=\"https:\/\/focotocantinense.com.br\/wp-content\/uploads\/2023\/12\/10-Movimentada-a-formatura-em-Tocantinia-da-primeira-turma-indigena-da-Universidade-da-Maturidade-no-Brasil-Foto-Higor-Batista-1024x683.jpg 1024w, https:\/\/focotocantinense.com.br\/wp-content\/uploads\/2023\/12\/10-Movimentada-a-formatura-em-Tocantinia-da-primeira-turma-indigena-da-Universidade-da-Maturidade-no-Brasil-Foto-Higor-Batista-300x200.jpg 300w, https:\/\/focotocantinense.com.br\/wp-content\/uploads\/2023\/12\/10-Movimentada-a-formatura-em-Tocantinia-da-primeira-turma-indigena-da-Universidade-da-Maturidade-no-Brasil-Foto-Higor-Batista-768x512.jpg 768w, https:\/\/focotocantinense.com.br\/wp-content\/uploads\/2023\/12\/10-Movimentada-a-formatura-em-Tocantinia-da-primeira-turma-indigena-da-Universidade-da-Maturidade-no-Brasil-Foto-Higor-Batista-1536x1024.jpg 1536w, https:\/\/focotocantinense.com.br\/wp-content\/uploads\/2023\/12\/10-Movimentada-a-formatura-em-Tocantinia-da-primeira-turma-indigena-da-Universidade-da-Maturidade-no-Brasil-Foto-Higor-Batista.jpg 1600w\" sizes=\"auto, (max-width: 1024px) 100vw, 1024px\" \/><\/figure>\n\n\n\n<p><\/p>\n\n\n\n<figure class=\"wp-block-image size-large\"><img loading=\"lazy\" decoding=\"async\" width=\"1024\" height=\"683\" src=\"https:\/\/focotocantinense.com.br\/wp-content\/uploads\/2023\/12\/9Movimentada-a-formatura-em-Tocantinia-da-primeira-turma-indigena-da-Universidade-da-Maturidade-no-Brasil-Foto-Higor-Batista-1024x683.jpg\" alt=\"\" class=\"wp-image-6550\" srcset=\"https:\/\/focotocantinense.com.br\/wp-content\/uploads\/2023\/12\/9Movimentada-a-formatura-em-Tocantinia-da-primeira-turma-indigena-da-Universidade-da-Maturidade-no-Brasil-Foto-Higor-Batista-1024x683.jpg 1024w, https:\/\/focotocantinense.com.br\/wp-content\/uploads\/2023\/12\/9Movimentada-a-formatura-em-Tocantinia-da-primeira-turma-indigena-da-Universidade-da-Maturidade-no-Brasil-Foto-Higor-Batista-300x200.jpg 300w, https:\/\/focotocantinense.com.br\/wp-content\/uploads\/2023\/12\/9Movimentada-a-formatura-em-Tocantinia-da-primeira-turma-indigena-da-Universidade-da-Maturidade-no-Brasil-Foto-Higor-Batista-768x512.jpg 768w, https:\/\/focotocantinense.com.br\/wp-content\/uploads\/2023\/12\/9Movimentada-a-formatura-em-Tocantinia-da-primeira-turma-indigena-da-Universidade-da-Maturidade-no-Brasil-Foto-Higor-Batista-1536x1024.jpg 1536w, https:\/\/focotocantinense.com.br\/wp-content\/uploads\/2023\/12\/9Movimentada-a-formatura-em-Tocantinia-da-primeira-turma-indigena-da-Universidade-da-Maturidade-no-Brasil-Foto-Higor-Batista.jpg 1600w\" sizes=\"auto, (max-width: 1024px) 100vw, 1024px\" \/><\/figure>\n\n\n\n<p><\/p>\n\n\n\n<figure class=\"wp-block-image size-large\"><img loading=\"lazy\" decoding=\"async\" width=\"1024\" height=\"683\" src=\"https:\/\/focotocantinense.com.br\/wp-content\/uploads\/2023\/12\/8-Movimentada-a-formatura-em-Tocantinia-da-primeira-turma-indigena-da-Universidade-da-Maturidade-no-Brasil-Foto-Higor-Batista-1024x683.jpg\" alt=\"\" class=\"wp-image-6549\" srcset=\"https:\/\/focotocantinense.com.br\/wp-content\/uploads\/2023\/12\/8-Movimentada-a-formatura-em-Tocantinia-da-primeira-turma-indigena-da-Universidade-da-Maturidade-no-Brasil-Foto-Higor-Batista-1024x683.jpg 1024w, https:\/\/focotocantinense.com.br\/wp-content\/uploads\/2023\/12\/8-Movimentada-a-formatura-em-Tocantinia-da-primeira-turma-indigena-da-Universidade-da-Maturidade-no-Brasil-Foto-Higor-Batista-300x200.jpg 300w, https:\/\/focotocantinense.com.br\/wp-content\/uploads\/2023\/12\/8-Movimentada-a-formatura-em-Tocantinia-da-primeira-turma-indigena-da-Universidade-da-Maturidade-no-Brasil-Foto-Higor-Batista-768x512.jpg 768w, https:\/\/focotocantinense.com.br\/wp-content\/uploads\/2023\/12\/8-Movimentada-a-formatura-em-Tocantinia-da-primeira-turma-indigena-da-Universidade-da-Maturidade-no-Brasil-Foto-Higor-Batista-1536x1024.jpg 1536w, https:\/\/focotocantinense.com.br\/wp-content\/uploads\/2023\/12\/8-Movimentada-a-formatura-em-Tocantinia-da-primeira-turma-indigena-da-Universidade-da-Maturidade-no-Brasil-Foto-Higor-Batista.jpg 1600w\" sizes=\"auto, (max-width: 1024px) 100vw, 1024px\" \/><\/figure>\n\n\n\n<p><\/p>\n\n\n\n<p><\/p>\n\n\n\n<figure class=\"wp-block-image size-full\"><img loading=\"lazy\" decoding=\"async\" width=\"817\" height=\"485\" src=\"https:\/\/focotocantinense.com.br\/wp-content\/uploads\/2023\/12\/12-Movimentada-a-formatura-em-Tocantinia-da-primeira-turma-indigena-da-Universidade-da-Maturidade-no-Brasil-Foto-Higor-Batista.jpg\" alt=\"\" class=\"wp-image-6548\" srcset=\"https:\/\/focotocantinense.com.br\/wp-content\/uploads\/2023\/12\/12-Movimentada-a-formatura-em-Tocantinia-da-primeira-turma-indigena-da-Universidade-da-Maturidade-no-Brasil-Foto-Higor-Batista.jpg 817w, https:\/\/focotocantinense.com.br\/wp-content\/uploads\/2023\/12\/12-Movimentada-a-formatura-em-Tocantinia-da-primeira-turma-indigena-da-Universidade-da-Maturidade-no-Brasil-Foto-Higor-Batista-300x178.jpg 300w, https:\/\/focotocantinense.com.br\/wp-content\/uploads\/2023\/12\/12-Movimentada-a-formatura-em-Tocantinia-da-primeira-turma-indigena-da-Universidade-da-Maturidade-no-Brasil-Foto-Higor-Batista-768x456.jpg 768w\" sizes=\"auto, (max-width: 817px) 100vw, 817px\" \/><\/figure>\n\n\n\n<p><\/p>\n\n\n\n<p><\/p>\n\n\n\n<figure class=\"wp-block-image size-full\"><img loading=\"lazy\" decoding=\"async\" width=\"640\" height=\"193\" src=\"https:\/\/focotocantinense.com.br\/wp-content\/uploads\/2023\/12\/VINI_181-6.jpg\" alt=\"\" class=\"wp-image-6545\" srcset=\"https:\/\/focotocantinense.com.br\/wp-content\/uploads\/2023\/12\/VINI_181-6.jpg 640w, https:\/\/focotocantinense.com.br\/wp-content\/uploads\/2023\/12\/VINI_181-6-300x90.jpg 300w\" sizes=\"auto, (max-width: 640px) 100vw, 640px\" \/><\/figure>\n","protected":false},"excerpt":{"rendered":"<p>Por&nbsp; Zacarias Martins&nbsp; Na noite desta quinta-feira,28, na terra ind\u00edgena Xerente, o vice-prefeito Jo\u00e3o Alberto Coelho Machado, acompanhado da esposa Samua Nikaelen, juntamente com uma comitiva formada por secret\u00e1rios municipais e outros integrantes do governo municipal, compareceram a solenidade de formatura da primeira turma ind\u00edgena do Brasil da UMA &#8211; Universidade da Maturidade. A Universidade &hellip;<\/p>\n","protected":false},"author":5,"featured_media":6548,"comment_status":"open","ping_status":"open","sticky":false,"template":"","format":"standard","meta":{"footnotes":""},"categories":[78],"tags":[],"class_list":["post-6547","post","type-post","status-publish","format-standard","has-post-thumbnail","","category-tocantinia"],"_links":{"self":[{"href":"https:\/\/focotocantinense.com.br\/index.php?rest_route=\/wp\/v2\/posts\/6547","targetHints":{"allow":["GET"]}}],"collection":[{"href":"https:\/\/focotocantinense.com.br\/index.php?rest_route=\/wp\/v2\/posts"}],"about":[{"href":"https:\/\/focotocantinense.com.br\/index.php?rest_route=\/wp\/v2\/types\/post"}],"author":[{"embeddable":true,"href":"https:\/\/focotocantinense.com.br\/index.php?rest_route=\/wp\/v2\/users\/5"}],"replies":[{"embeddable":true,"href":"https:\/\/focotocantinense.com.br\/index.php?rest_route=%2Fwp%2Fv2%2Fcomments&post=6547"}],"version-history":[{"count":1,"href":"https:\/\/focotocantinense.com.br\/index.php?rest_route=\/wp\/v2\/posts\/6547\/revisions"}],"predecessor-version":[{"id":6552,"href":"https:\/\/focotocantinense.com.br\/index.php?rest_route=\/wp\/v2\/posts\/6547\/revisions\/6552"}],"wp:featuredmedia":[{"embeddable":true,"href":"https:\/\/focotocantinense.com.br\/index.php?rest_route=\/wp\/v2\/media\/6548"}],"wp:attachment":[{"href":"https:\/\/focotocantinense.com.br\/index.php?rest_route=%2Fwp%2Fv2%2Fmedia&parent=6547"}],"wp:term":[{"taxonomy":"category","embeddable":true,"href":"https:\/\/focotocantinense.com.br\/index.php?rest_route=%2Fwp%2Fv2%2Fcategories&post=6547"},{"taxonomy":"post_tag","embeddable":true,"href":"https:\/\/focotocantinense.com.br\/index.php?rest_route=%2Fwp%2Fv2%2Ftags&post=6547"}],"curies":[{"name":"wp","href":"https:\/\/api.w.org\/{rel}","templated":true}]}}