{"id":6543,"date":"2023-12-21T18:20:49","date_gmt":"2023-12-21T21:20:49","guid":{"rendered":"https:\/\/focotocantinense.com.br\/?p=6543"},"modified":"2023-12-21T18:20:50","modified_gmt":"2023-12-21T21:20:50","slug":"prefeito-olimpio-arraes-garante-pagamento-antecipado-e-celebracoes-felizes-para-servidores-de-sao-valerio","status":"publish","type":"post","link":"https:\/\/focotocantinense.com.br\/?p=6543","title":{"rendered":"Prefeito Ol\u00edmpio Arraes garante pagamento antecipado e celebra\u00e7\u00f5es felizes para servidores de S\u00e3o Val\u00e9rio"},"content":{"rendered":"\n<p><strong>Por Jonas Amaral<\/strong><\/p>\n\n\n\n<p>Em um gesto de generosidade e comprometimento, o prefeito de S\u00e3o Val\u00e9rio, Ol\u00edmpio Arraes, anunciou nesta quinta-feira a antecipa\u00e7\u00e3o do pagamento referente ao m\u00eas de dezembro para todos os servidores municipais. A medida visa n\u00e3o apenas reconhecer o empenho dos funcion\u00e1rios ao longo do ano, mas tamb\u00e9m aquecer a economia local, proporcionando um Natal mais aben\u00e7oado para todos.<\/p>\n\n\n\n<p>No v\u00eddeo publicado nas redes sociais, o prefeito expressou sua gratid\u00e3o aos servidores, destacando a import\u00e2ncia do compromisso e dedica\u00e7\u00e3o demonstrados ao longo de 2023. Al\u00e9m disso, Ol\u00edmpio Arraes compartilhou a boa not\u00edcia de que, ao longo do ano, mais de R$ 13 milh\u00f5es foram injetados nas contas dos servidores, impulsionando o com\u00e9rcio local.<\/p>\n\n\n\n<p>A antecipa\u00e7\u00e3o do pagamento n\u00e3o \u00e9 apenas um ato de reconhecimento, mas tamb\u00e9m uma garantia de tranquilidade para os servidores desfrutarem das festividades de final de ano com seguran\u00e7a financeira. A decis\u00e3o do prefeito reflete o compromisso da gest\u00e3o municipal em assegurar o bem-estar dos servidores p\u00fablicos, valorizando o trabalho dedicado de cada um.<\/p>\n\n\n\n<p>A atitude do prefeito foi recebida com entusiasmo pela popula\u00e7\u00e3o, que reconhece na medida uma demonstra\u00e7\u00e3o de sensibilidade e comprometimento com o servidor p\u00fablico. Com a not\u00edcia, a ceia de Natal dos servidores est\u00e1 garantida, proporcionando n\u00e3o apenas um al\u00edvio financeiro, mas tamb\u00e9m a oportunidade de celebrar as festividades com mais seguran\u00e7a e alegria.<\/p>\n\n\n\n<p>Em suas palavras, Ol\u00edmpio Arraes afirmou:<em>&nbsp;\u201cForam 12 meses com sal\u00e1rio antecipado. Quero dizer para os nossos comerciantes que foram mais de 13 milh\u00f5es injetados nas contas dos nossos funcion\u00e1rios durante esse ano, e pelos estudos que n\u00f3s temos, 90% desses recursos ficam no com\u00e9rcio local aquecendo a economia para os nossos funcion\u00e1rios, nossos servidores. N\u00f3s queremos dizer que tenham um bom Natal, que tenham um feliz ano novo e que o ano que vem vamos continuar trabalhando muito mais\u201d,<\/em>&nbsp;comentou o prefeito.<\/p>\n\n\n\n<p>\u00a0A a\u00e7\u00e3o do prefeito Ol\u00edmpio Arraes n\u00e3o apenas refor\u00e7a o compromisso com o desenvolvimento local, mas tamb\u00e9m destaca a import\u00e2ncia de reconhecer e valorizar o esfor\u00e7o dos servidores, tornando as festividades de final de ano ainda mais especiais para toda a comunidade de S\u00e3o Val\u00e9rio.<\/p>\n\n\n\n<figure class=\"wp-block-image size-large\"><img loading=\"lazy\" decoding=\"async\" width=\"1024\" height=\"700\" src=\"https:\/\/focotocantinense.com.br\/wp-content\/uploads\/2023\/12\/Prefeito-Olimpio-Arraes-1024x700.jpeg\" alt=\"\" class=\"wp-image-6544\" srcset=\"https:\/\/focotocantinense.com.br\/wp-content\/uploads\/2023\/12\/Prefeito-Olimpio-Arraes-1024x700.jpeg 1024w, https:\/\/focotocantinense.com.br\/wp-content\/uploads\/2023\/12\/Prefeito-Olimpio-Arraes-300x205.jpeg 300w, https:\/\/focotocantinense.com.br\/wp-content\/uploads\/2023\/12\/Prefeito-Olimpio-Arraes-768x525.jpeg 768w, https:\/\/focotocantinense.com.br\/wp-content\/uploads\/2023\/12\/Prefeito-Olimpio-Arraes-110x75.jpeg 110w, https:\/\/focotocantinense.com.br\/wp-content\/uploads\/2023\/12\/Prefeito-Olimpio-Arraes.jpeg 1155w\" sizes=\"auto, (max-width: 1024px) 100vw, 1024px\" \/><\/figure>\n\n\n\n<p><\/p>\n\n\n\n<figure class=\"wp-block-image size-full\"><img loading=\"lazy\" decoding=\"async\" width=\"640\" height=\"193\" src=\"https:\/\/focotocantinense.com.br\/wp-content\/uploads\/2023\/12\/VINI_181-6.jpg\" alt=\"\" class=\"wp-image-6545\" srcset=\"https:\/\/focotocantinense.com.br\/wp-content\/uploads\/2023\/12\/VINI_181-6.jpg 640w, https:\/\/focotocantinense.com.br\/wp-content\/uploads\/2023\/12\/VINI_181-6-300x90.jpg 300w\" sizes=\"auto, (max-width: 640px) 100vw, 640px\" \/><\/figure>\n","protected":false},"excerpt":{"rendered":"<p>Por Jonas Amaral Em um gesto de generosidade e comprometimento, o prefeito de S\u00e3o Val\u00e9rio, Ol\u00edmpio Arraes, anunciou nesta quinta-feira a antecipa\u00e7\u00e3o do pagamento referente ao m\u00eas de dezembro para todos os servidores municipais. A medida visa n\u00e3o apenas reconhecer o empenho dos funcion\u00e1rios ao longo do ano, mas tamb\u00e9m aquecer a economia local, proporcionando &hellip;<\/p>\n","protected":false},"author":5,"featured_media":6544,"comment_status":"open","ping_status":"open","sticky":false,"template":"","format":"standard","meta":{"footnotes":""},"categories":[57],"tags":[],"class_list":["post-6543","post","type-post","status-publish","format-standard","has-post-thumbnail","","category-sao-valerio"],"_links":{"self":[{"href":"https:\/\/focotocantinense.com.br\/index.php?rest_route=\/wp\/v2\/posts\/6543","targetHints":{"allow":["GET"]}}],"collection":[{"href":"https:\/\/focotocantinense.com.br\/index.php?rest_route=\/wp\/v2\/posts"}],"about":[{"href":"https:\/\/focotocantinense.com.br\/index.php?rest_route=\/wp\/v2\/types\/post"}],"author":[{"embeddable":true,"href":"https:\/\/focotocantinense.com.br\/index.php?rest_route=\/wp\/v2\/users\/5"}],"replies":[{"embeddable":true,"href":"https:\/\/focotocantinense.com.br\/index.php?rest_route=%2Fwp%2Fv2%2Fcomments&post=6543"}],"version-history":[{"count":1,"href":"https:\/\/focotocantinense.com.br\/index.php?rest_route=\/wp\/v2\/posts\/6543\/revisions"}],"predecessor-version":[{"id":6546,"href":"https:\/\/focotocantinense.com.br\/index.php?rest_route=\/wp\/v2\/posts\/6543\/revisions\/6546"}],"wp:featuredmedia":[{"embeddable":true,"href":"https:\/\/focotocantinense.com.br\/index.php?rest_route=\/wp\/v2\/media\/6544"}],"wp:attachment":[{"href":"https:\/\/focotocantinense.com.br\/index.php?rest_route=%2Fwp%2Fv2%2Fmedia&parent=6543"}],"wp:term":[{"taxonomy":"category","embeddable":true,"href":"https:\/\/focotocantinense.com.br\/index.php?rest_route=%2Fwp%2Fv2%2Fcategories&post=6543"},{"taxonomy":"post_tag","embeddable":true,"href":"https:\/\/focotocantinense.com.br\/index.php?rest_route=%2Fwp%2Fv2%2Ftags&post=6543"}],"curies":[{"name":"wp","href":"https:\/\/api.w.org\/{rel}","templated":true}]}}