{"id":6539,"date":"2023-12-21T13:39:52","date_gmt":"2023-12-21T16:39:52","guid":{"rendered":"https:\/\/focotocantinense.com.br\/?p=6539"},"modified":"2023-12-21T13:41:11","modified_gmt":"2023-12-21T16:41:11","slug":"deputado-eli-borges-lidera-aprovacao-historica-de-emenda-conservadora-na-ldo-2024","status":"publish","type":"post","link":"https:\/\/focotocantinense.com.br\/?p=6539","title":{"rendered":"Deputado Eli Borges lidera aprova\u00e7\u00e3o hist\u00f3rica de emenda conservadora na LDO 2024"},"content":{"rendered":"\n<p><strong>Por Jonas Amaral<\/strong><\/p>\n\n\n\n<p>Durante a Sess\u00e3o Conjunta do Congresso Nacional, o Pastor e Deputado Federal Eli Borges (PL\/TO), protagonizou um momento decisivo ao votar e articular favoravelmente \u00e0 emenda da Lei de Diretrizes Or\u00e7ament\u00e1rias (LDO) de 2024, marcando uma vit\u00f3ria legislativa que reflete sua firme posi\u00e7\u00e3o em defesa da fam\u00edlia, propriedades rurais e do direito \u00e0 vida.<\/p>\n\n\n\n<p><br>A emenda aprovada, que contou com o voto e a articula\u00e7\u00e3o do pastor e Deputado Eli Borges, representando a Frente Parlamentar Evang\u00e9lica (FPE), identificada como PLN 4\/23, visa assegurar a seguran\u00e7a jur\u00eddica dos propriet\u00e1rios de terras, a integridade das crian\u00e7as e a defesa da vida desde a concep\u00e7\u00e3o.<\/p>\n\n\n\n<p>A emenda, identificada como PLN 4\/23 e aprovada por ampla maioria, estabelece proibi\u00e7\u00f5es importantes no uso de recursos p\u00fablicos. Com seu voto e articula\u00e7\u00e3o, o pastor e Deputado Eli Borges reiterou seu compromisso com a prote\u00e7\u00e3o das propriedades rurais privadas, a preserva\u00e7\u00e3o dos valores familiares e o respeito pela vida. A emenda expressamente veda a utiliza\u00e7\u00e3o de fundos federais para promo\u00e7\u00e3o de invas\u00f5es ou ocupa\u00e7\u00f5es de propriedades rurais, procedimentos de mudan\u00e7a de sexo em crian\u00e7as, realiza\u00e7\u00e3o de abortos, e propaga\u00e7\u00e3o da pol\u00edtica de g\u00eanero.<\/p>\n\n\n\n<p>Durante seu discurso na Sess\u00e3o Conjunta, Eli Borges enfatizou que a emenda n\u00e3o \u00e9 apenas um adendo, mas uma manifesta\u00e7\u00e3o clara dos princ\u00edpios que devem guiar o uso respons\u00e1vel dos recursos p\u00fablicos. Ele destacou a import\u00e2ncia de alinhar o or\u00e7amento p\u00fablico com os valores conservadores que representam a maioria da popula\u00e7\u00e3o brasileira.<\/p>\n\n\n\n<p>O pastor e Deputado ressaltou que a emenda tamb\u00e9m visa proteger as crian\u00e7as de pol\u00edticas p\u00fablicas que possam interferir em seu desenvolvimento natural e discernimento, reafirmando o papel do Congresso Nacional em definir a destina\u00e7\u00e3o de fundos de acordo com os preceitos de prote\u00e7\u00e3o e respeito \u00e0 estrutura familiar.<\/p>\n\n\n\n<p>Ao concluir seu discurso, o parlamentar expressou uma b\u00ean\u00e7\u00e3o, manifestando a cren\u00e7a de que a aprova\u00e7\u00e3o da emenda \u00e9 o melhor caminho para o Brasil, refor\u00e7ando sua vis\u00e3o de uma sociedade que prioriza valores s\u00f3lidos e o respeito \u00e0 vida em todas as suas formas. A vota\u00e7\u00e3o hist\u00f3rica liderada por Eli Borges representa um marco na atua\u00e7\u00e3o legislativa, alinhando-se aos anseios de seus eleitores e consolidando seu compromisso com a constru\u00e7\u00e3o de uma na\u00e7\u00e3o fundamentada em princ\u00edpios conservadores.<\/p>\n\n\n\n<figure class=\"wp-block-image size-large\"><img loading=\"lazy\" decoding=\"async\" width=\"1024\" height=\"683\" src=\"https:\/\/focotocantinense.com.br\/wp-content\/uploads\/2023\/12\/Eli-Borges-1024x683.jpg\" alt=\"\" class=\"wp-image-6540\" srcset=\"https:\/\/focotocantinense.com.br\/wp-content\/uploads\/2023\/12\/Eli-Borges-1024x683.jpg 1024w, https:\/\/focotocantinense.com.br\/wp-content\/uploads\/2023\/12\/Eli-Borges-300x200.jpg 300w, https:\/\/focotocantinense.com.br\/wp-content\/uploads\/2023\/12\/Eli-Borges-768x512.jpg 768w, https:\/\/focotocantinense.com.br\/wp-content\/uploads\/2023\/12\/Eli-Borges.jpg 1200w\" sizes=\"auto, (max-width: 1024px) 100vw, 1024px\" \/><\/figure>\n\n\n\n<p><\/p>\n\n\n\n<figure class=\"wp-block-image size-full\"><img loading=\"lazy\" decoding=\"async\" width=\"640\" height=\"193\" src=\"https:\/\/focotocantinense.com.br\/wp-content\/uploads\/2023\/12\/VINI_181-5.jpg\" alt=\"\" class=\"wp-image-6537\" srcset=\"https:\/\/focotocantinense.com.br\/wp-content\/uploads\/2023\/12\/VINI_181-5.jpg 640w, https:\/\/focotocantinense.com.br\/wp-content\/uploads\/2023\/12\/VINI_181-5-300x90.jpg 300w\" sizes=\"auto, (max-width: 640px) 100vw, 640px\" \/><\/figure>\n","protected":false},"excerpt":{"rendered":"<p>Por Jonas Amaral Durante a Sess\u00e3o Conjunta do Congresso Nacional, o Pastor e Deputado Federal Eli Borges (PL\/TO), protagonizou um momento decisivo ao votar e articular favoravelmente \u00e0 emenda da Lei de Diretrizes Or\u00e7ament\u00e1rias (LDO) de 2024, marcando uma vit\u00f3ria legislativa que reflete sua firme posi\u00e7\u00e3o em defesa da fam\u00edlia, propriedades rurais e do direito &hellip;<\/p>\n","protected":false},"author":5,"featured_media":6540,"comment_status":"open","ping_status":"open","sticky":false,"template":"","format":"standard","meta":{"footnotes":""},"categories":[40],"tags":[],"class_list":["post-6539","post","type-post","status-publish","format-standard","has-post-thumbnail","","category-politica"],"_links":{"self":[{"href":"https:\/\/focotocantinense.com.br\/index.php?rest_route=\/wp\/v2\/posts\/6539","targetHints":{"allow":["GET"]}}],"collection":[{"href":"https:\/\/focotocantinense.com.br\/index.php?rest_route=\/wp\/v2\/posts"}],"about":[{"href":"https:\/\/focotocantinense.com.br\/index.php?rest_route=\/wp\/v2\/types\/post"}],"author":[{"embeddable":true,"href":"https:\/\/focotocantinense.com.br\/index.php?rest_route=\/wp\/v2\/users\/5"}],"replies":[{"embeddable":true,"href":"https:\/\/focotocantinense.com.br\/index.php?rest_route=%2Fwp%2Fv2%2Fcomments&post=6539"}],"version-history":[{"count":2,"href":"https:\/\/focotocantinense.com.br\/index.php?rest_route=\/wp\/v2\/posts\/6539\/revisions"}],"predecessor-version":[{"id":6542,"href":"https:\/\/focotocantinense.com.br\/index.php?rest_route=\/wp\/v2\/posts\/6539\/revisions\/6542"}],"wp:featuredmedia":[{"embeddable":true,"href":"https:\/\/focotocantinense.com.br\/index.php?rest_route=\/wp\/v2\/media\/6540"}],"wp:attachment":[{"href":"https:\/\/focotocantinense.com.br\/index.php?rest_route=%2Fwp%2Fv2%2Fmedia&parent=6539"}],"wp:term":[{"taxonomy":"category","embeddable":true,"href":"https:\/\/focotocantinense.com.br\/index.php?rest_route=%2Fwp%2Fv2%2Fcategories&post=6539"},{"taxonomy":"post_tag","embeddable":true,"href":"https:\/\/focotocantinense.com.br\/index.php?rest_route=%2Fwp%2Fv2%2Ftags&post=6539"}],"curies":[{"name":"wp","href":"https:\/\/api.w.org\/{rel}","templated":true}]}}