{"id":6535,"date":"2023-12-19T19:47:35","date_gmt":"2023-12-19T22:47:35","guid":{"rendered":"https:\/\/focotocantinense.com.br\/?p=6535"},"modified":"2023-12-19T19:47:35","modified_gmt":"2023-12-19T22:47:35","slug":"governador-wanderlei-barbosa-determina-pagamento-dos-salarios-dos-servidores-nesta-sexta-feira-22-antes-das-festividades-de-natal","status":"publish","type":"post","link":"https:\/\/focotocantinense.com.br\/?p=6535","title":{"rendered":"Governador Wanderlei Barbosa determina pagamento dos sal\u00e1rios dos servidores nesta sexta-feira, 22, antes das festividades de Natal"},"content":{"rendered":"\n<p>Os servidores p\u00fablicos do Estado do Tocantins receber\u00e3o os sal\u00e1rios do m\u00eas de dezembro antes do Natal. Por determina\u00e7\u00e3o do governador Wanderlei Barbosa, o Governo do Tocantins estar\u00e1 aplicando, nesta sexta-feira, 22, R$ 272.191.677,87 referentes \u00e0 folha de dezembro, reafirmando o compromisso com o funcionalismo p\u00fablico e a valoriza\u00e7\u00e3o dos profissionais que desempenham pap\u00e9is fundamentais na presta\u00e7\u00e3o de servi\u00e7os \u00e0 popula\u00e7\u00e3o.<\/p>\n\n\n\n<p>&#8220;Nesta sexta-feira, 22, ser\u00e1 depositado, na conta de todos os servidores, o pagamento de dezembro. O 13\u00b0 sal\u00e1rio \u00e9 pago no m\u00eas de anivers\u00e1rio de cada servidor, portanto quem comemora em dezembro tamb\u00e9m receber\u00e1 o direito garantido. Quero cumprimentar cada servidora e servidor do Estado e desejar um Feliz Natal e um Ano Novo de muita felicidade&#8221;, destaca o governador.<\/p>\n\n\n\n<p>Com a quita\u00e7\u00e3o da folha de dezembro, o Governo do Tocantins ter\u00e1 cumprido, de forma integral e antecipada, o compromisso financeiro do exerc\u00edcio de 2023 com os servidores p\u00fablicos, j\u00e1 que o 13\u00b0 sal\u00e1rio vem sendo pago no m\u00eas de anivers\u00e1rio do servidor.<\/p>\n\n\n\n<figure class=\"wp-block-image size-large\"><img loading=\"lazy\" decoding=\"async\" width=\"1024\" height=\"585\" src=\"https:\/\/focotocantinense.com.br\/wp-content\/uploads\/2023\/12\/359792-1024x585.jpg\" alt=\"\" class=\"wp-image-6536\" srcset=\"https:\/\/focotocantinense.com.br\/wp-content\/uploads\/2023\/12\/359792-1024x585.jpg 1024w, https:\/\/focotocantinense.com.br\/wp-content\/uploads\/2023\/12\/359792-300x172.jpg 300w, https:\/\/focotocantinense.com.br\/wp-content\/uploads\/2023\/12\/359792-768x439.jpg 768w, https:\/\/focotocantinense.com.br\/wp-content\/uploads\/2023\/12\/359792-1536x878.jpg 1536w, https:\/\/focotocantinense.com.br\/wp-content\/uploads\/2023\/12\/359792.jpg 1555w\" sizes=\"auto, (max-width: 1024px) 100vw, 1024px\" \/><\/figure>\n\n\n\n<p><\/p>\n\n\n\n<p><\/p>\n\n\n\n<figure class=\"wp-block-image size-full\"><img loading=\"lazy\" decoding=\"async\" width=\"640\" height=\"193\" src=\"https:\/\/focotocantinense.com.br\/wp-content\/uploads\/2023\/12\/VINI_181-5.jpg\" alt=\"\" class=\"wp-image-6537\" srcset=\"https:\/\/focotocantinense.com.br\/wp-content\/uploads\/2023\/12\/VINI_181-5.jpg 640w, https:\/\/focotocantinense.com.br\/wp-content\/uploads\/2023\/12\/VINI_181-5-300x90.jpg 300w\" sizes=\"auto, (max-width: 640px) 100vw, 640px\" \/><\/figure>\n","protected":false},"excerpt":{"rendered":"<p>Os servidores p\u00fablicos do Estado do Tocantins receber\u00e3o os sal\u00e1rios do m\u00eas de dezembro antes do Natal. Por determina\u00e7\u00e3o do governador Wanderlei Barbosa, o Governo do Tocantins estar\u00e1 aplicando, nesta sexta-feira, 22, R$ 272.191.677,87 referentes \u00e0 folha de dezembro, reafirmando o compromisso com o funcionalismo p\u00fablico e a valoriza\u00e7\u00e3o dos profissionais que desempenham pap\u00e9is fundamentais &hellip;<\/p>\n","protected":false},"author":5,"featured_media":6536,"comment_status":"open","ping_status":"open","sticky":false,"template":"","format":"standard","meta":{"footnotes":""},"categories":[40],"tags":[],"class_list":["post-6535","post","type-post","status-publish","format-standard","has-post-thumbnail","","category-politica"],"_links":{"self":[{"href":"https:\/\/focotocantinense.com.br\/index.php?rest_route=\/wp\/v2\/posts\/6535","targetHints":{"allow":["GET"]}}],"collection":[{"href":"https:\/\/focotocantinense.com.br\/index.php?rest_route=\/wp\/v2\/posts"}],"about":[{"href":"https:\/\/focotocantinense.com.br\/index.php?rest_route=\/wp\/v2\/types\/post"}],"author":[{"embeddable":true,"href":"https:\/\/focotocantinense.com.br\/index.php?rest_route=\/wp\/v2\/users\/5"}],"replies":[{"embeddable":true,"href":"https:\/\/focotocantinense.com.br\/index.php?rest_route=%2Fwp%2Fv2%2Fcomments&post=6535"}],"version-history":[{"count":1,"href":"https:\/\/focotocantinense.com.br\/index.php?rest_route=\/wp\/v2\/posts\/6535\/revisions"}],"predecessor-version":[{"id":6538,"href":"https:\/\/focotocantinense.com.br\/index.php?rest_route=\/wp\/v2\/posts\/6535\/revisions\/6538"}],"wp:featuredmedia":[{"embeddable":true,"href":"https:\/\/focotocantinense.com.br\/index.php?rest_route=\/wp\/v2\/media\/6536"}],"wp:attachment":[{"href":"https:\/\/focotocantinense.com.br\/index.php?rest_route=%2Fwp%2Fv2%2Fmedia&parent=6535"}],"wp:term":[{"taxonomy":"category","embeddable":true,"href":"https:\/\/focotocantinense.com.br\/index.php?rest_route=%2Fwp%2Fv2%2Fcategories&post=6535"},{"taxonomy":"post_tag","embeddable":true,"href":"https:\/\/focotocantinense.com.br\/index.php?rest_route=%2Fwp%2Fv2%2Ftags&post=6535"}],"curies":[{"name":"wp","href":"https:\/\/api.w.org\/{rel}","templated":true}]}}