{"id":6532,"date":"2023-12-19T19:41:31","date_gmt":"2023-12-19T22:41:31","guid":{"rendered":"https:\/\/focotocantinense.com.br\/?p=6532"},"modified":"2023-12-19T19:41:31","modified_gmt":"2023-12-19T22:41:31","slug":"prefeitura-de-gurupi-assina-contrato-com-empresa-que-prestara-servico-de-transporte-coletivo-na-cidade","status":"publish","type":"post","link":"https:\/\/focotocantinense.com.br\/?p=6532","title":{"rendered":"Prefeitura de Gurupi assina contrato com empresa que prestar\u00e1 servi\u00e7o de transporte coletivo na cidade"},"content":{"rendered":"\n<p>Uma not\u00edcia aguardada ansiosamente pela comunidade gurupiense finalmente se concretizou nesta ter\u00e7a-feira, 19. A prefeita de Gurupi, Josi Nunes, assinou o contrato com a empresa Izabely Transportes, que vai prestar o servi\u00e7o de transporte p\u00fablico coletivo na cidade. A solenidade, realizada pela manh\u00e3 em seu gabinete, contou com a presen\u00e7a de vereadores e secret\u00e1rios municipais.<\/p>\n\n\n\n<p>A Izabely Transportes, empresa de Bras\u00edlia-DF, tem como previs\u00e3o iniciar suas opera\u00e7\u00f5es em fevereiro do pr\u00f3ximo ano. A frota inicial ser\u00e1 composta por seis ve\u00edculos para percorrerem cinco linhas, todos com capacidade para 48 passageiros e equipados com acessibilidade e ar condicionado, visando atender \u00e0s diversas necessidades da comunidade gurupiense.<\/p>\n\n\n\n<p>Al\u00e9m da retomada do transporte coletivo em Gurupi, o contrato representa tamb\u00e9m a realiza\u00e7\u00e3o de mais um compromisso da prefeita Josi Nunes com a popula\u00e7\u00e3o gurupiense. Durante a assinatura, a gestora expressou seu entusiasmo. &#8220;Hoje \u00e9 um dia de conquista para Gurupi e estou muito feliz. A comunidade esperava ansiosamente pelo retorno do transporte coletivo, e agora, com o contrato estabelecido com a Izabely Transportes, estamos mais pr\u00f3ximos de tornar essa expectativa uma realidade. \u00c9 mais um compromisso com o povo de Gurupi concretizado, e tenho certeza de que ser\u00e1 um servi\u00e7o de qualidade para nossa popula\u00e7\u00e3o&#8221;, comentou.<\/p>\n\n\n\n<p>O empres\u00e1rio Paulo Vitor, representando a Izabely Transportes, compartilhou sua perspectiva otimista em rela\u00e7\u00e3o \u00e0 presta\u00e7\u00e3o dos servi\u00e7os: &#8220;Estamos muito entusiasmados com essa parceria. Nossa expectativa \u00e9 proporcionar \u00e0 comunidade de Gurupi um atendimento de qualidade, eficiente, seguro e duradouro. A comunidade pode esperar que estaremos comprometidos em contribuir para a mobilidade urbana da cidade e em atender \u00e0s expectativas da popula\u00e7\u00e3o&#8221;, disse.<\/p>\n\n\n\n<p><strong>O contrato<\/strong><\/p>\n\n\n\n<p>O contrato prev\u00ea a concess\u00e3o do servi\u00e7o pelos pr\u00f3ximos 10 anos, podendo ser prorrog\u00e1vel por um per\u00edodo m\u00e1ximo de 35 anos.<\/p>\n\n\n\n<p>A tarifa p\u00fablica, que deve ser paga pelo usu\u00e1rio, foi fixada em R$ 5,35 (cinco reais e trinta e cinco centavos) para o primeiro ano da concess\u00e3o. Para viabilizar o servi\u00e7o, a Prefeitura de Gurupi utilizar\u00e1 o modelo de concess\u00e3o patrocinada com aporte subsidi\u00e1rio, em que o ente p\u00fablico arca com parte dos custos, com fim de reduzir a tarifa para a popula\u00e7\u00e3o.<\/p>\n\n\n\n<p>Conforme o edital, no primeiro ano da concess\u00e3o, a Prefeitura de Gurupi destinar\u00e1 R$ 120 mil mensais, como forma de subs\u00eddio dos servi\u00e7os. No segundo ano, o subs\u00eddio ser\u00e1 de at\u00e9 R$ 60 mil por m\u00eas, o que contribuir\u00e1 para manter uma tarifa reduzida ao usu\u00e1rio.<\/p>\n\n\n\n<p><strong>Itiner\u00e1rios<\/strong><\/p>\n\n\n\n<p>Confira os itiner\u00e1rios de cada uma das cinco linhas do servi\u00e7o de transporte p\u00fablico de Gurupi:<\/p>\n\n\n\n<p><strong>Verde:<\/strong>&nbsp;Centro de Integra\u00e7\u00e3o\/Uni\u00e3o IV\/Novo Horizonte \/UFT\/Jardim Sevilha\/Parque Residencial S\u00e3o Paulo\/Casego\/ Vila Paulista\/S\u00e3o Jos\u00e9\/Aeroporto\/Jardim Tocantins\/Centro;<\/p>\n\n\n\n<p><strong>Vermelha:<\/strong>&nbsp;Centro de Integra\u00e7\u00e3o\/Centro\/Pedroso\/Jardim Medeiros\/ Jardim dos Buritis\/ UnirG Campus 1\/Jo\u00e3o Lisboa\/Jardim Tropical;<\/p>\n\n\n\n<p><strong>Azul:<\/strong>&nbsp;Centro de Integra\u00e7\u00e3o\/Waldir Lins\/Sol Nascente\/Vila Alagoana\/Parque das Ac\u00e1cias\/Campo Bello\/ Alto da Boa Vista;<\/p>\n\n\n\n<p><strong>Amarela:<\/strong>&nbsp;Centro de Integra\u00e7\u00e3o\/Vila \u00cdris\/ Nova Fronteira\/Santa Rita\/Bela Vista\/Setor Madrid\/Alto dos Buritis;<\/p>\n\n\n\n<p><strong>Roxa:<\/strong>\u00a0Centro de Integra\u00e7\u00e3o\/Parque Industrial.<\/p>\n\n\n\n<figure class=\"wp-block-image size-full\"><img loading=\"lazy\" decoding=\"async\" width=\"936\" height=\"520\" src=\"https:\/\/focotocantinense.com.br\/wp-content\/uploads\/2023\/12\/6397901b-853c-42a6-bf14-1d885788f017.jpg\" alt=\"\" class=\"wp-image-6533\" srcset=\"https:\/\/focotocantinense.com.br\/wp-content\/uploads\/2023\/12\/6397901b-853c-42a6-bf14-1d885788f017.jpg 936w, https:\/\/focotocantinense.com.br\/wp-content\/uploads\/2023\/12\/6397901b-853c-42a6-bf14-1d885788f017-300x167.jpg 300w, https:\/\/focotocantinense.com.br\/wp-content\/uploads\/2023\/12\/6397901b-853c-42a6-bf14-1d885788f017-768x427.jpg 768w\" sizes=\"auto, (max-width: 936px) 100vw, 936px\" \/><\/figure>\n\n\n\n<p><\/p>\n\n\n\n<figure class=\"wp-block-image size-full\"><img loading=\"lazy\" decoding=\"async\" width=\"640\" height=\"193\" src=\"https:\/\/focotocantinense.com.br\/wp-content\/uploads\/2023\/12\/VINI_181-4.jpg\" alt=\"\" class=\"wp-image-6520\" srcset=\"https:\/\/focotocantinense.com.br\/wp-content\/uploads\/2023\/12\/VINI_181-4.jpg 640w, https:\/\/focotocantinense.com.br\/wp-content\/uploads\/2023\/12\/VINI_181-4-300x90.jpg 300w\" sizes=\"auto, (max-width: 640px) 100vw, 640px\" \/><\/figure>\n","protected":false},"excerpt":{"rendered":"<p>Uma not\u00edcia aguardada ansiosamente pela comunidade gurupiense finalmente se concretizou nesta ter\u00e7a-feira, 19. A prefeita de Gurupi, Josi Nunes, assinou o contrato com a empresa Izabely Transportes, que vai prestar o servi\u00e7o de transporte p\u00fablico coletivo na cidade. A solenidade, realizada pela manh\u00e3 em seu gabinete, contou com a presen\u00e7a de vereadores e secret\u00e1rios municipais. &hellip;<\/p>\n","protected":false},"author":5,"featured_media":6533,"comment_status":"open","ping_status":"open","sticky":false,"template":"","format":"standard","meta":{"footnotes":""},"categories":[38],"tags":[],"class_list":["post-6532","post","type-post","status-publish","format-standard","has-post-thumbnail","","category-gurupi"],"_links":{"self":[{"href":"https:\/\/focotocantinense.com.br\/index.php?rest_route=\/wp\/v2\/posts\/6532","targetHints":{"allow":["GET"]}}],"collection":[{"href":"https:\/\/focotocantinense.com.br\/index.php?rest_route=\/wp\/v2\/posts"}],"about":[{"href":"https:\/\/focotocantinense.com.br\/index.php?rest_route=\/wp\/v2\/types\/post"}],"author":[{"embeddable":true,"href":"https:\/\/focotocantinense.com.br\/index.php?rest_route=\/wp\/v2\/users\/5"}],"replies":[{"embeddable":true,"href":"https:\/\/focotocantinense.com.br\/index.php?rest_route=%2Fwp%2Fv2%2Fcomments&post=6532"}],"version-history":[{"count":1,"href":"https:\/\/focotocantinense.com.br\/index.php?rest_route=\/wp\/v2\/posts\/6532\/revisions"}],"predecessor-version":[{"id":6534,"href":"https:\/\/focotocantinense.com.br\/index.php?rest_route=\/wp\/v2\/posts\/6532\/revisions\/6534"}],"wp:featuredmedia":[{"embeddable":true,"href":"https:\/\/focotocantinense.com.br\/index.php?rest_route=\/wp\/v2\/media\/6533"}],"wp:attachment":[{"href":"https:\/\/focotocantinense.com.br\/index.php?rest_route=%2Fwp%2Fv2%2Fmedia&parent=6532"}],"wp:term":[{"taxonomy":"category","embeddable":true,"href":"https:\/\/focotocantinense.com.br\/index.php?rest_route=%2Fwp%2Fv2%2Fcategories&post=6532"},{"taxonomy":"post_tag","embeddable":true,"href":"https:\/\/focotocantinense.com.br\/index.php?rest_route=%2Fwp%2Fv2%2Ftags&post=6532"}],"curies":[{"name":"wp","href":"https:\/\/api.w.org\/{rel}","templated":true}]}}