{"id":6517,"date":"2023-12-18T19:57:07","date_gmt":"2023-12-18T22:57:07","guid":{"rendered":"https:\/\/focotocantinense.com.br\/?p=6517"},"modified":"2023-12-18T19:58:01","modified_gmt":"2023-12-18T22:58:01","slug":"gurupi-mapeia-agricultores-familiares-para-enriquecer-a-merenda-escolar-em-2024","status":"publish","type":"post","link":"https:\/\/focotocantinense.com.br\/?p=6517","title":{"rendered":"Gurupi mapeia agricultores familiares para enriquecer a merenda escolar em 2024"},"content":{"rendered":"\n<p>A Prefeitura de Gurupi, por meio do Departamento de Alimenta\u00e7\u00e3o Escolar da Secretaria Municipal da Educa\u00e7\u00e3o (SEMEG), est\u00e1 conduzindo o mapeamento dos agricultores familiares para a primeira fase do planejamento da alimenta\u00e7\u00e3o escolar de 2024. O prazo para os agricultores individuais ou grupos informais informarem \u00e0 rede municipal de ensino de Gurupi sobre sua produ\u00e7\u00e3o vai at\u00e9 a pr\u00f3xima sexta-feira, 20 de dezembro.<\/p>\n\n\n\n<p>O Secret\u00e1rio da Educa\u00e7\u00e3o, Professor Davi Abrantes, ressalta a import\u00e2ncia desse mapeamento para conhecer os produtos cultivados na zona rural de Gurupi e regi\u00e3o. \u201cAcreditamos na necessidade de seguir esse planejamento. Todo ano fazemos esse mapeamento, isso porque os produtos e suas quantidades podem variar de um ano para o outro, por isso \u00e9 importante que os agricultores familiares participem, anualmente, desse procedimento. Nessa primeira etapa, queremos identificar os produtos cultivados localmente, priorizando essa cadeia produtiva para integr\u00e1-los \u00e0 Alimenta\u00e7\u00e3o Escolar&#8221;, afirmou o secret\u00e1rio.<\/p>\n\n\n\n<p>E mesmo aqueles que participaram da Chamada P\u00fablica no ano anterior, devem entrar em contato com a SEMEG para garantir a continuidade no processo de 2024. O pr\u00f3ximo passo ser\u00e1 a pesquisa de pre\u00e7o, que est\u00e1 prevista para ser realizada entre os dias 2 a 4 de janeiro. Em seguida, ser\u00e1 a vez da Chamada P\u00fablica 2024, em que o edital est\u00e1 previsto para ser divulgado na segunda quinzena do m\u00eas que vem.<\/p>\n\n\n\n<p>O Departamento de Alimenta\u00e7\u00e3o Escolar est\u00e1 atendendo os agricultores familiares pelo telefone (63) 3301-4359, no hor\u00e1rio de expediente (8h \u00e0s 14h). Para o mapeamento, \u00e9 essencial que os agricultores forne\u00e7am informa\u00e7\u00f5es como nome completo, alimentos dispon\u00edveis, contato telef\u00f4nico, endere\u00e7o da propriedade ou \u00e1rea de cultivo, e o n\u00famero da DAP do PRONAF para identifica\u00e7\u00e3o. Esse processo visa fortalecer a parceria entre produtores locais e a alimenta\u00e7\u00e3o nas escolas, promovendo a sustentabilidade e a valoriza\u00e7\u00e3o da produ\u00e7\u00e3o agr\u00edcola regional.<\/p>\n\n\n\n<figure class=\"wp-block-image size-full\"><img loading=\"lazy\" decoding=\"async\" width=\"1014\" height=\"506\" src=\"https:\/\/focotocantinense.com.br\/wp-content\/uploads\/2023\/12\/aaaa-1.jpg\" alt=\"\" class=\"wp-image-6518\" srcset=\"https:\/\/focotocantinense.com.br\/wp-content\/uploads\/2023\/12\/aaaa-1.jpg 1014w, https:\/\/focotocantinense.com.br\/wp-content\/uploads\/2023\/12\/aaaa-1-300x150.jpg 300w, https:\/\/focotocantinense.com.br\/wp-content\/uploads\/2023\/12\/aaaa-1-768x383.jpg 768w, https:\/\/focotocantinense.com.br\/wp-content\/uploads\/2023\/12\/aaaa-1-660x330.jpg 660w\" sizes=\"auto, (max-width: 1014px) 100vw, 1014px\" \/><\/figure>\n\n\n\n<p><\/p>\n\n\n\n<figure class=\"wp-block-image size-full\"><img loading=\"lazy\" decoding=\"async\" width=\"640\" height=\"193\" src=\"https:\/\/focotocantinense.com.br\/wp-content\/uploads\/2023\/12\/VINI_181-4.jpg\" alt=\"\" class=\"wp-image-6520\" srcset=\"https:\/\/focotocantinense.com.br\/wp-content\/uploads\/2023\/12\/VINI_181-4.jpg 640w, https:\/\/focotocantinense.com.br\/wp-content\/uploads\/2023\/12\/VINI_181-4-300x90.jpg 300w\" sizes=\"auto, (max-width: 640px) 100vw, 640px\" \/><\/figure>\n","protected":false},"excerpt":{"rendered":"<p>A Prefeitura de Gurupi, por meio do Departamento de Alimenta\u00e7\u00e3o Escolar da Secretaria Municipal da Educa\u00e7\u00e3o (SEMEG), est\u00e1 conduzindo o mapeamento dos agricultores familiares para a primeira fase do planejamento da alimenta\u00e7\u00e3o escolar de 2024. O prazo para os agricultores individuais ou grupos informais informarem \u00e0 rede municipal de ensino de Gurupi sobre sua produ\u00e7\u00e3o &hellip;<\/p>\n","protected":false},"author":5,"featured_media":6518,"comment_status":"open","ping_status":"open","sticky":false,"template":"","format":"standard","meta":{"footnotes":""},"categories":[38],"tags":[],"class_list":["post-6517","post","type-post","status-publish","format-standard","has-post-thumbnail","","category-gurupi"],"_links":{"self":[{"href":"https:\/\/focotocantinense.com.br\/index.php?rest_route=\/wp\/v2\/posts\/6517","targetHints":{"allow":["GET"]}}],"collection":[{"href":"https:\/\/focotocantinense.com.br\/index.php?rest_route=\/wp\/v2\/posts"}],"about":[{"href":"https:\/\/focotocantinense.com.br\/index.php?rest_route=\/wp\/v2\/types\/post"}],"author":[{"embeddable":true,"href":"https:\/\/focotocantinense.com.br\/index.php?rest_route=\/wp\/v2\/users\/5"}],"replies":[{"embeddable":true,"href":"https:\/\/focotocantinense.com.br\/index.php?rest_route=%2Fwp%2Fv2%2Fcomments&post=6517"}],"version-history":[{"count":2,"href":"https:\/\/focotocantinense.com.br\/index.php?rest_route=\/wp\/v2\/posts\/6517\/revisions"}],"predecessor-version":[{"id":6521,"href":"https:\/\/focotocantinense.com.br\/index.php?rest_route=\/wp\/v2\/posts\/6517\/revisions\/6521"}],"wp:featuredmedia":[{"embeddable":true,"href":"https:\/\/focotocantinense.com.br\/index.php?rest_route=\/wp\/v2\/media\/6518"}],"wp:attachment":[{"href":"https:\/\/focotocantinense.com.br\/index.php?rest_route=%2Fwp%2Fv2%2Fmedia&parent=6517"}],"wp:term":[{"taxonomy":"category","embeddable":true,"href":"https:\/\/focotocantinense.com.br\/index.php?rest_route=%2Fwp%2Fv2%2Fcategories&post=6517"},{"taxonomy":"post_tag","embeddable":true,"href":"https:\/\/focotocantinense.com.br\/index.php?rest_route=%2Fwp%2Fv2%2Ftags&post=6517"}],"curies":[{"name":"wp","href":"https:\/\/api.w.org\/{rel}","templated":true}]}}