{"id":6513,"date":"2023-12-18T18:13:33","date_gmt":"2023-12-18T21:13:33","guid":{"rendered":"https:\/\/focotocantinense.com.br\/?p=6513"},"modified":"2023-12-18T18:13:33","modified_gmt":"2023-12-18T21:13:33","slug":"antonio-andrade-prestigia-formatura-do-9-ano-da-escola-militar-custodia-da-silva-pedreira","status":"publish","type":"post","link":"https:\/\/focotocantinense.com.br\/?p=6513","title":{"rendered":"Antonio Andrade prestigia formatura do 9\u00b0 ano da Escola Militar Cust\u00f3dia da Silva Pedreira"},"content":{"rendered":"\n<p>Na ocasi\u00e3o, o deputado recebeu homenagem em agradecimento ao apoio prestado \u00e0 entidade<\/p>\n\n\n\n<p>Demonstrando o respeito e a valoriza\u00e7\u00e3o ao setor educacional, o deputado federal, Antonio Andrade, na companhia de sua esposa, Virg\u00ednia Andrade, prestigiou na manh\u00e3 deste s\u00e1bado, 16 de dezembro, a formatura dos alunos do 9\u00b0 ano da Escola Militar Cust\u00f3dia da Silva Pedreira, em Porto Nacional. Pais, padrinhos, familiares, amigos e convidados prestigiaram o momento especial dos concluintes.<\/p>\n\n\n\n<p>Dezenas de estudantes conclu\u00edram o 9\u00b0 ano do ensino fundamental e j\u00e1 podem ingressar no ensino m\u00e9dio, dando continuidade aos aprendizados que v\u00e3o muito al\u00e9m das pr\u00e1ticas pedag\u00f3gicas, incluem conceitos de disciplina, respeito e a pr\u00e1tica da cidadania.<\/p>\n\n\n\n<p>Antonio Andrade, ressaltou a import\u00e2ncia dos ensinamentos morais, \u00e9ticos, a qualidade pedag\u00f3gica e a disciplina que os jovens tem acesso na Escola Militar. Tamb\u00e9m destacou que o investimento na educa\u00e7\u00e3o sempre esteve entre as prioridades em sua trajet\u00f3ria enquanto parlamentar.<\/p>\n\n\n\n<p>\u201cParabenizo a todos os alunos pela conquista, aos pais, professores e todos os profissionais envolvidos nesse processo. Fico muito honrado com a homenagem recebida, pois, como autor do projeto pela implanta\u00e7\u00e3o da Escola Militar Cust\u00f3dia da Silva Pedreira em Porto Nacional, \u00e9 um sonho ver os alunos t\u00e3o felizes e realizados. Isso \u00e9 poss\u00edvel gra\u00e7as ao empenho dos professores e da Pol\u00edcia Militar, formando alunos em bons cidad\u00e3os, por meio dos conceitos de disciplina e civismo\u201d, concluiu o parlamentar.<\/p>\n\n\n\n<p>Presen\u00e7as<\/p>\n\n\n\n<p>O evento foi evento foi prestigiado pelo Major QOPM Emerson Rodrigues Moura ( respondendo pelo comando do 5\u00b0 Batalh\u00e3o da Pol\u00edcia Militar de Porto Nacional); Marcos Renovato Dourado ( Comandante da 3\u00aa Companhia do Corpo de Bombeiros de Porto Nacional); Tenente QOA Marizan Fernandes Souto ( diretor da Escola Militar Cust\u00f3dia da Silva Pedreira); 2\u00b0 Tenente QOA Luciano Alves Muniz ( coordenador disciplinar); Solange Pereira Gl\u00f3ria ( representando a superintendente regional de Educa\u00e7\u00e3o Araildes Pinto de Almeida);Alexsandra Gon\u00e7alves de Ara\u00fajo Guimar\u00e3es ( representando os professores do CMTO); Jacqueline Michelle ( professora de l\u00edngua portuguesa e inglesa); Vanda Figueiredo (coordenadora pedag\u00f3gica); Ivana Ornelas Galv\u00e3o ( orientadora educacional).<\/p>\n\n\n\n<p>Assessoria de Comunica\u00e7\u00e3o \u2013 Deputado Federal Antonio Andrade<\/p>\n","protected":false},"excerpt":{"rendered":"<p>Na ocasi\u00e3o, o deputado recebeu homenagem em agradecimento ao apoio prestado \u00e0 entidade Demonstrando o respeito e a valoriza\u00e7\u00e3o ao setor educacional, o deputado federal, Antonio Andrade, na companhia de sua esposa, Virg\u00ednia Andrade, prestigiou na manh\u00e3 deste s\u00e1bado, 16 de dezembro, a formatura dos alunos do 9\u00b0 ano da Escola Militar Cust\u00f3dia da Silva &hellip;<\/p>\n","protected":false},"author":5,"featured_media":6514,"comment_status":"open","ping_status":"open","sticky":false,"template":"","format":"standard","meta":{"footnotes":""},"categories":[1],"tags":[],"class_list":["post-6513","post","type-post","status-publish","format-standard","has-post-thumbnail","","category-sem-categoria"],"_links":{"self":[{"href":"https:\/\/focotocantinense.com.br\/index.php?rest_route=\/wp\/v2\/posts\/6513","targetHints":{"allow":["GET"]}}],"collection":[{"href":"https:\/\/focotocantinense.com.br\/index.php?rest_route=\/wp\/v2\/posts"}],"about":[{"href":"https:\/\/focotocantinense.com.br\/index.php?rest_route=\/wp\/v2\/types\/post"}],"author":[{"embeddable":true,"href":"https:\/\/focotocantinense.com.br\/index.php?rest_route=\/wp\/v2\/users\/5"}],"replies":[{"embeddable":true,"href":"https:\/\/focotocantinense.com.br\/index.php?rest_route=%2Fwp%2Fv2%2Fcomments&post=6513"}],"version-history":[{"count":1,"href":"https:\/\/focotocantinense.com.br\/index.php?rest_route=\/wp\/v2\/posts\/6513\/revisions"}],"predecessor-version":[{"id":6515,"href":"https:\/\/focotocantinense.com.br\/index.php?rest_route=\/wp\/v2\/posts\/6513\/revisions\/6515"}],"wp:featuredmedia":[{"embeddable":true,"href":"https:\/\/focotocantinense.com.br\/index.php?rest_route=\/wp\/v2\/media\/6514"}],"wp:attachment":[{"href":"https:\/\/focotocantinense.com.br\/index.php?rest_route=%2Fwp%2Fv2%2Fmedia&parent=6513"}],"wp:term":[{"taxonomy":"category","embeddable":true,"href":"https:\/\/focotocantinense.com.br\/index.php?rest_route=%2Fwp%2Fv2%2Fcategories&post=6513"},{"taxonomy":"post_tag","embeddable":true,"href":"https:\/\/focotocantinense.com.br\/index.php?rest_route=%2Fwp%2Fv2%2Ftags&post=6513"}],"curies":[{"name":"wp","href":"https:\/\/api.w.org\/{rel}","templated":true}]}}