{"id":6510,"date":"2023-12-18T18:10:38","date_gmt":"2023-12-18T21:10:38","guid":{"rendered":"https:\/\/focotocantinense.com.br\/?p=6510"},"modified":"2023-12-18T18:10:39","modified_gmt":"2023-12-18T21:10:39","slug":"em-porto-nacional-antonio-andrade-marca-presenca-em-confraternizacao-de-associacao-de-pessoas-com-deficiencia","status":"publish","type":"post","link":"https:\/\/focotocantinense.com.br\/?p=6510","title":{"rendered":"Em Porto Nacional, Antonio Andrade marca presen\u00e7a em confraterniza\u00e7\u00e3o de Associa\u00e7\u00e3o de Pessoas com Defici\u00eancia"},"content":{"rendered":"\n<p>\u00c9 a 3\u00aa vez que a entidade que conta com cerca de 50 associados realiza a confraterniza\u00e7\u00e3o de fim de ano<\/p>\n\n\n\n<p>Para celebrar o fim de ano, pactuar novos projetos para 2024 e refor\u00e7ar os la\u00e7os de amizade, a Associa\u00e7\u00e3o de Pessoas com defici\u00eancia de Porto Nacional, promoveu neste domingo, 17 de dezembro, uma confraterniza\u00e7\u00e3o nas depend\u00eancias da unidade.<\/p>\n\n\n\n<p>Essa foi a 3\u00aa confraterniza\u00e7\u00e3o promovida pela associa\u00e7\u00e3o, al\u00e9m de amigos e familiares, quem tamb\u00e9m fez quest\u00e3o de comparecer foi o deputado federal Antonio Andrade, grande apoiador e defensor dos direitos das pessoas com defici\u00eancia. Ele aproveitou a oportunidade para falar sobre a import\u00e2ncia desses momentos de celebra\u00e7\u00e3o e uni\u00e3o.<\/p>\n\n\n\n<p>\u201cN\u00e3o poderia deixar de vir prestigiar esse momento festivo e especial, tenho um carinho muito grande por essa entidade e por todos que dela fazem parte. Digo isso como amigo e tamb\u00e9m enquanto parlamentar, pois, por meio deste papel tenho feito um importante trabalho pela classe, apresentando proposituras para pessoas que possuem algum tipo de defici\u00eancia, seja ela: visual, auditiva, motora, psicossocial, m\u00faltipla, mental ou intelectual. Seguirei trabalhando em prol dessa causa\u201d, enfatizou o parlamentar.<\/p>\n\n\n\n<p>Sobre a Associa\u00e7\u00e3o de Pessoas com Defici\u00eancia<\/p>\n\n\n\n<p>A entidade que possui cerca de 50 associados foi fundada em 1996 pelo saudoso Juraci da Osego e a Regina. O atual presidente da Associa\u00e7\u00e3o \u00e9 o Nilo Negre de Sousa, que ainda ter\u00e1 mais dois anos na lideran\u00e7a.<\/p>\n\n\n\n<p>Assessoria de Comunica\u00e7\u00e3o \u2013 Deputado Federal Antonio Andrade<\/p>\n","protected":false},"excerpt":{"rendered":"<p>\u00c9 a 3\u00aa vez que a entidade que conta com cerca de 50 associados realiza a confraterniza\u00e7\u00e3o de fim de ano Para celebrar o fim de ano, pactuar novos projetos para 2024 e refor\u00e7ar os la\u00e7os de amizade, a Associa\u00e7\u00e3o de Pessoas com defici\u00eancia de Porto Nacional, promoveu neste domingo, 17 de dezembro, uma confraterniza\u00e7\u00e3o &hellip;<\/p>\n","protected":false},"author":5,"featured_media":6511,"comment_status":"open","ping_status":"open","sticky":false,"template":"","format":"standard","meta":{"footnotes":""},"categories":[1],"tags":[],"class_list":["post-6510","post","type-post","status-publish","format-standard","has-post-thumbnail","","category-sem-categoria"],"_links":{"self":[{"href":"https:\/\/focotocantinense.com.br\/index.php?rest_route=\/wp\/v2\/posts\/6510","targetHints":{"allow":["GET"]}}],"collection":[{"href":"https:\/\/focotocantinense.com.br\/index.php?rest_route=\/wp\/v2\/posts"}],"about":[{"href":"https:\/\/focotocantinense.com.br\/index.php?rest_route=\/wp\/v2\/types\/post"}],"author":[{"embeddable":true,"href":"https:\/\/focotocantinense.com.br\/index.php?rest_route=\/wp\/v2\/users\/5"}],"replies":[{"embeddable":true,"href":"https:\/\/focotocantinense.com.br\/index.php?rest_route=%2Fwp%2Fv2%2Fcomments&post=6510"}],"version-history":[{"count":1,"href":"https:\/\/focotocantinense.com.br\/index.php?rest_route=\/wp\/v2\/posts\/6510\/revisions"}],"predecessor-version":[{"id":6512,"href":"https:\/\/focotocantinense.com.br\/index.php?rest_route=\/wp\/v2\/posts\/6510\/revisions\/6512"}],"wp:featuredmedia":[{"embeddable":true,"href":"https:\/\/focotocantinense.com.br\/index.php?rest_route=\/wp\/v2\/media\/6511"}],"wp:attachment":[{"href":"https:\/\/focotocantinense.com.br\/index.php?rest_route=%2Fwp%2Fv2%2Fmedia&parent=6510"}],"wp:term":[{"taxonomy":"category","embeddable":true,"href":"https:\/\/focotocantinense.com.br\/index.php?rest_route=%2Fwp%2Fv2%2Fcategories&post=6510"},{"taxonomy":"post_tag","embeddable":true,"href":"https:\/\/focotocantinense.com.br\/index.php?rest_route=%2Fwp%2Fv2%2Ftags&post=6510"}],"curies":[{"name":"wp","href":"https:\/\/api.w.org\/{rel}","templated":true}]}}