{"id":6502,"date":"2023-12-17T15:20:27","date_gmt":"2023-12-17T18:20:27","guid":{"rendered":"https:\/\/focotocantinense.com.br\/?p=6502"},"modified":"2023-12-17T15:20:28","modified_gmt":"2023-12-17T18:20:28","slug":"vice-prefeito-de-tocantinia-joao-alberto-e-comitiva-participam-do-salao-nacional-do-turismo-em-brasilia","status":"publish","type":"post","link":"https:\/\/focotocantinense.com.br\/?p=6502","title":{"rendered":"Vice-prefeito de Tocant\u00ednia, Jo\u00e3o Alberto e comitiva participam do Sal\u00e3o Nacional do Turismo em Bras\u00edlia"},"content":{"rendered":"\n<p><strong>Por Zacarias Martins<\/strong><\/p>\n\n\n\n<p>O vice-prefeito, de Tocant\u00ednia, Jo\u00e3o Alberto Coelho Machado, &nbsp;acompanhado de uma comitiva composta pelos secret\u00e1rios Larisse Alencar (Turismo), &nbsp;Kl\u00e9ber Wairur\u00e3 Barbosa Lima&nbsp;Xerente (Desenvolvimento dos Povos Ind\u00edgenas), Andr\u00e9 Goveia (Educa\u00e7\u00e3o) e Suiane Sardinha (Meio Ambiente),&nbsp; &nbsp;participaram da s\u00e9tima edi\u00e7\u00e3o do Sal\u00e3o Nacional do Turismo de &nbsp;Bras\u00edlia, onde &nbsp;o munic\u00edpio de Tocant\u00ednia foi destaque com a cultura Akw\u00ea Xerente na atividade do &nbsp;etnoturismo, tendo a experi\u00eancia classificada entre as melhores do pa\u00eds e a melhor em n\u00edvel de estado.<\/p>\n\n\n\n<p>Na oportunidade a turism\u00f3loga Leda Galv\u00e3o, apresentou a experi\u00eancia do City Tour hist\u00f3rico e cultural em Tocant\u00ednia,&nbsp; tendo sido&nbsp; &nbsp;exibido um document\u00e1rio mostrando o potencial do turismo hist\u00f3rico e cultural do munic\u00edpio,&nbsp; mostrando &nbsp;&nbsp;imagens de \u00edcones como o pr\u00e9dio&nbsp; hist\u00f3rico da prefeitura, C\u00e2mara de Vereadores, o Col\u00e9gio Batista, Col\u00e9gio Frei Ant\u00f4nio, casa Lar no Sert\u00e3o, Casa da Boleira, al\u00e9m do Centro de Refer\u00eancia do Projeto Leitura Viva, bem como,&nbsp; o , artesanato Akw\u00ea Xerente, &nbsp;dentre outros.<\/p>\n\n\n\n<p>Durante esse Sal\u00e3o nacional do Turismo, o &nbsp;vice-prefeito, Jo\u00e3o Alberto Machado, &nbsp;juntamente com a sua comitiva buscaram conhecer e se apropriar de experi\u00eancias de turismo de diversos estados e munic\u00edpios, &nbsp;visando fortalecer as atividades&nbsp; ligadas ao &nbsp;turismo em Tocant\u00ednia.<\/p>\n\n\n\n<p>Na ocasi\u00e3o, &nbsp;o vice-prefeito esteve em conversa\u00e7\u00f5es &nbsp;com conselheiros nacionais do turismo buscando novas parcerias e estrat\u00e9gias para desenvolver as experi\u00eancias de um City Tour hist\u00f3rico e cultural, atualmente, &nbsp;j\u00e1 em andamento.<\/p>\n\n\n\n<p><strong>Tocant\u00ednia ganha visibilidade nesse evento<\/strong><\/p>\n\n\n\n<p>Nesse Sal\u00e3o do Turismo, Tocant\u00ednia teve um estande pr\u00f3prio representando o etnoturismo tocantinense, &nbsp;com a participa\u00e7\u00e3o das artes\u00e3s ind\u00edgenas Hireki da Mata e Marcilene Brupahi que mostraram o artesanato de capim dourado e palha de buriti abordando seus aspectos hist\u00f3ricos e culturais dentro da cultura Xerente.<\/p>\n\n\n\n<p>Para o vice-prefeito Jo\u00e3o Alberto \u201cessa \u00e9 uma experi\u00eancia e uma oportunidade de grande relev\u00e2ncia para Tocant\u00ednia, onde temos a alegria de ver os esfor\u00e7os da nossa gest\u00e3o em prol do turismo serem evidenciados nesse evento de renome nacional. O evento nos proporcionou um engajamento com a rede nacional de turismo que vai alavancar o turismo em Tocant\u00ednia\u201d , concluiu Jo\u00e3o Alberto.<\/p>\n\n\n\n<p>J\u00e1 a &nbsp;secret\u00e1ria &nbsp;municipal de Turismo, &nbsp;Larisse Alencar afirmou que esse \u00e9 um momento que marca a hist\u00f3ria do turismo em Tocant\u00ednia.<\/p>\n\n\n\n<p>\u201cGra\u00e7as aos esfor\u00e7os do nosso prefeito, Manoel &nbsp;Silvino, &nbsp;do nosso vice-prefeito, &nbsp;Jo\u00e3o Alberto, &nbsp;bem como, dos nossos vereadores, do secret\u00e1rio estadual de Turismo,&nbsp; Hercy Ayres Rodrigues Filho, o Sebrae e toda equipe t\u00e9cnica da Prefeitura, temos alcan\u00e7ado grandes conquistas que vem desenvolvendo conhecimento e a\u00e7\u00f5es para que nosso potencial tur\u00edstico seja reconhecido\u201d, argumentou.<\/p>\n\n\n\n<figure class=\"wp-block-image\"><img decoding=\"async\" src=\"http:\/\/n1to.com.br\/img\/uploads\/4_TOCANTINIA_16.jpg\" alt=\"\"\/><\/figure>\n\n\n\n<figure class=\"wp-block-image\"><img decoding=\"async\" src=\"http:\/\/n1to.com.br\/img\/uploads\/2_TOCANTINIA_23.jpg\" alt=\"\"\/><\/figure>\n\n\n\n<figure class=\"wp-block-image\"><img decoding=\"async\" src=\"http:\/\/n1to.com.br\/img\/uploads\/3_TOCANTINIA_23.jpg\" alt=\"\"\/><\/figure>\n\n\n\n<figure class=\"wp-block-image\"><img decoding=\"async\" src=\"http:\/\/n1to.com.br\/img\/uploads\/5_TOCANTINIA_8.jpg\" alt=\"\"\/><\/figure>\n\n\n\n<p><\/p>\n\n\n\n<figure class=\"wp-block-image\"><img decoding=\"async\" src=\"http:\/\/n1to.com.br\/img\/uploads\/6_TOCANTINIA_5.jpg\" alt=\"\"\/><\/figure>\n\n\n\n<figure class=\"wp-block-image\"><img decoding=\"async\" src=\"http:\/\/n1to.com.br\/img\/uploads\/7_TOCANTINIA_4.jpg\" alt=\"\"\/><\/figure>\n\n\n\n<p><\/p>\n\n\n\n<figure class=\"wp-block-image size-large\"><img loading=\"lazy\" decoding=\"async\" width=\"1024\" height=\"682\" src=\"https:\/\/focotocantinense.com.br\/wp-content\/uploads\/2023\/12\/1-TOCANTINIA-1-1024x682.jpg\" alt=\"\" class=\"wp-image-6504\" srcset=\"https:\/\/focotocantinense.com.br\/wp-content\/uploads\/2023\/12\/1-TOCANTINIA-1-1024x682.jpg 1024w, https:\/\/focotocantinense.com.br\/wp-content\/uploads\/2023\/12\/1-TOCANTINIA-1-300x200.jpg 300w, https:\/\/focotocantinense.com.br\/wp-content\/uploads\/2023\/12\/1-TOCANTINIA-1-768x512.jpg 768w, https:\/\/focotocantinense.com.br\/wp-content\/uploads\/2023\/12\/1-TOCANTINIA-1-1536x1023.jpg 1536w, https:\/\/focotocantinense.com.br\/wp-content\/uploads\/2023\/12\/1-TOCANTINIA-1-310x205.jpg 310w, https:\/\/focotocantinense.com.br\/wp-content\/uploads\/2023\/12\/1-TOCANTINIA-1.jpg 1600w\" sizes=\"auto, (max-width: 1024px) 100vw, 1024px\" \/><\/figure>\n\n\n\n<p><\/p>\n\n\n\n<figure class=\"wp-block-image size-full\"><img loading=\"lazy\" decoding=\"async\" width=\"640\" height=\"193\" src=\"https:\/\/focotocantinense.com.br\/wp-content\/uploads\/2023\/12\/VINI_181-3.jpg\" alt=\"\" class=\"wp-image-6506\" srcset=\"https:\/\/focotocantinense.com.br\/wp-content\/uploads\/2023\/12\/VINI_181-3.jpg 640w, https:\/\/focotocantinense.com.br\/wp-content\/uploads\/2023\/12\/VINI_181-3-300x90.jpg 300w\" sizes=\"auto, (max-width: 640px) 100vw, 640px\" \/><\/figure>\n","protected":false},"excerpt":{"rendered":"<p>Por Zacarias Martins O vice-prefeito, de Tocant\u00ednia, Jo\u00e3o Alberto Coelho Machado, &nbsp;acompanhado de uma comitiva composta pelos secret\u00e1rios Larisse Alencar (Turismo), &nbsp;Kl\u00e9ber Wairur\u00e3 Barbosa Lima&nbsp;Xerente (Desenvolvimento dos Povos Ind\u00edgenas), Andr\u00e9 Goveia (Educa\u00e7\u00e3o) e Suiane Sardinha (Meio Ambiente),&nbsp; &nbsp;participaram da s\u00e9tima edi\u00e7\u00e3o do Sal\u00e3o Nacional do Turismo de &nbsp;Bras\u00edlia, onde &nbsp;o munic\u00edpio de Tocant\u00ednia foi destaque &hellip;<\/p>\n","protected":false},"author":5,"featured_media":6503,"comment_status":"open","ping_status":"open","sticky":false,"template":"","format":"standard","meta":{"footnotes":""},"categories":[78],"tags":[],"class_list":["post-6502","post","type-post","status-publish","format-standard","has-post-thumbnail","","category-tocantinia"],"_links":{"self":[{"href":"https:\/\/focotocantinense.com.br\/index.php?rest_route=\/wp\/v2\/posts\/6502","targetHints":{"allow":["GET"]}}],"collection":[{"href":"https:\/\/focotocantinense.com.br\/index.php?rest_route=\/wp\/v2\/posts"}],"about":[{"href":"https:\/\/focotocantinense.com.br\/index.php?rest_route=\/wp\/v2\/types\/post"}],"author":[{"embeddable":true,"href":"https:\/\/focotocantinense.com.br\/index.php?rest_route=\/wp\/v2\/users\/5"}],"replies":[{"embeddable":true,"href":"https:\/\/focotocantinense.com.br\/index.php?rest_route=%2Fwp%2Fv2%2Fcomments&post=6502"}],"version-history":[{"count":1,"href":"https:\/\/focotocantinense.com.br\/index.php?rest_route=\/wp\/v2\/posts\/6502\/revisions"}],"predecessor-version":[{"id":6507,"href":"https:\/\/focotocantinense.com.br\/index.php?rest_route=\/wp\/v2\/posts\/6502\/revisions\/6507"}],"wp:featuredmedia":[{"embeddable":true,"href":"https:\/\/focotocantinense.com.br\/index.php?rest_route=\/wp\/v2\/media\/6503"}],"wp:attachment":[{"href":"https:\/\/focotocantinense.com.br\/index.php?rest_route=%2Fwp%2Fv2%2Fmedia&parent=6502"}],"wp:term":[{"taxonomy":"category","embeddable":true,"href":"https:\/\/focotocantinense.com.br\/index.php?rest_route=%2Fwp%2Fv2%2Fcategories&post=6502"},{"taxonomy":"post_tag","embeddable":true,"href":"https:\/\/focotocantinense.com.br\/index.php?rest_route=%2Fwp%2Fv2%2Ftags&post=6502"}],"curies":[{"name":"wp","href":"https:\/\/api.w.org\/{rel}","templated":true}]}}