{"id":6494,"date":"2023-12-16T05:47:46","date_gmt":"2023-12-16T08:47:46","guid":{"rendered":"https:\/\/focotocantinense.com.br\/?p=6494"},"modified":"2023-12-16T05:47:47","modified_gmt":"2023-12-16T08:47:47","slug":"cantata-de-natal-encanta-moradores-de-tocantinia-2","status":"publish","type":"post","link":"https:\/\/focotocantinense.com.br\/?p=6494","title":{"rendered":"Cantata de Natal encanta moradores de Tocant\u00ednia"},"content":{"rendered":"\n<p>Can<\/p>\n\n\n\n<p><strong>Por Zacarias Martins<\/strong><\/p>\n\n\n\n<p>A Prefeitura de Tocant\u00ednia, por meio da Secretaria Municipal Educa\u00e7\u00e3o \u2013 Semed, realizou no Centro de Refer\u00eancia do Projeto Leitura Viva, na noite de quinta-feira, dia 14, &nbsp;a Cantata de Natal Vozes da Educa\u00e7\u00e3o, &nbsp;&nbsp;com a participa\u00e7\u00e3o dos alunos, servidores da rede municipal de ensino e comunidade em geral.<\/p>\n\n\n\n<p>Essa iniciativa tem como objetivo desenvolver junto aos alunos e a comunidade em geral, a\u00e7\u00f5es capazes de promover sentimentos e a\u00e7\u00f5es do verdadeiro Natal. \u2018N\u00e3o um Natal capitalista, mas realmente promover viv\u00eancias di\u00e1rias de amor, carinho e respeito para consigo e para com o pr\u00f3ximo, de maneira l\u00fadica criativa, e bem significativa para todos\u201d, foi o que afirmou a coordenadora do Centro de Refer\u00eancia do Projeto Leitura Viva, a professora Carmem L\u00facia Dias de Oliveira.<\/p>\n\n\n\n<p>O secret\u00e1rio de Educa\u00e7\u00e3o de Tocant\u00ednia, professor Andr\u00e9 Goveia, disse que \u00e9 imposs\u00edvel falar de Natal sem falar de emo\u00e7\u00e3o, de coisas boas, porque este clima natalino nos traz alegria.&nbsp;<\/p>\n\n\n\n<p>\u201cAs pessoas ficam melhores nesta \u00e9poca&nbsp;e deixam aflorar tudo que h\u00e1 de bom em&nbsp;si.&nbsp;Umas das defini\u00e7\u00f5es de&nbsp;m\u00fasica diz que&nbsp;a m\u00fasica&nbsp;\u00e9 a arte de manifestar os diversos sentimentos de nossa alma e,&nbsp;atrav\u00e9s das can\u00e7\u00f5es que foram entoadas pelos corais,&nbsp;acredito que conseguimos fazer isto, com essa Cantata de Natal\u201d, concluiu, o secret\u00e1rio Andr\u00e9, afirmando que os presentes desfrutaram de uma apresenta\u00e7\u00e3o espetacular.<\/p>\n\n\n\n<p>Para a mission\u00e1ria, professora Simone de Jesus Silva, gestora da Escola Municipal de Tempo Integral Ant\u00f4nio Benvido da Luz, e tamb\u00e9m, regente da Cantata de Natal Vozes da Educa\u00e7\u00e3o, a busca da musicalidade vai al\u00e9m de instrumento dentro da escola,&nbsp; pois o &nbsp;Natal \u00e9 o momento que paramos para celebrarmos o nascimento de Jesus.<\/p>\n\n\n\n<p>\u201cConvidando as fam\u00edlias para estarmos juntos para este evento que resgata a import\u00e2ncia do trabalho e a valoriza\u00e7\u00e3o do nascimento de Jesus Cristo no seio familiar\u201d, afirmou, ressaltando&nbsp; que o ator de reger as crian\u00e7as, revigora o esp\u00edrito, assim como a luz de Cristo invade o semblante de cada um.<\/p>\n\n\n\n<p>\u201cTodos os envolvidos ficara \u00a0cheios de entusiasmo e\u00a0 energia. A satisfa\u00e7\u00e3o em cantar transformada na meiguice dos pequenos infantis, no toque que perpassa os homens e, tamb\u00e9m, as mulheres. Independente de ra\u00e7as, credos, valores, negros e ind\u00edgenas presentes neste evento, \u00a0fortalecem a unidade, comunh\u00e3o, companheirismo e fortalece, tamb\u00e9m, \u00a0a nossa cidadania\u201d, concluiu a regente <\/p>\n\n\n\n<figure class=\"wp-block-image size-large\"><img loading=\"lazy\" decoding=\"async\" width=\"1024\" height=\"704\" src=\"https:\/\/focotocantinense.com.br\/wp-content\/uploads\/2023\/12\/DDDDDDD-1024x704.jpg\" alt=\"\" class=\"wp-image-6500\" srcset=\"https:\/\/focotocantinense.com.br\/wp-content\/uploads\/2023\/12\/DDDDDDD-1024x704.jpg 1024w, https:\/\/focotocantinense.com.br\/wp-content\/uploads\/2023\/12\/DDDDDDD-300x206.jpg 300w, https:\/\/focotocantinense.com.br\/wp-content\/uploads\/2023\/12\/DDDDDDD-768x528.jpg 768w, https:\/\/focotocantinense.com.br\/wp-content\/uploads\/2023\/12\/DDDDDDD-1536x1056.jpg 1536w, https:\/\/focotocantinense.com.br\/wp-content\/uploads\/2023\/12\/DDDDDDD-110x75.jpg 110w, https:\/\/focotocantinense.com.br\/wp-content\/uploads\/2023\/12\/DDDDDDD.jpg 1600w\" sizes=\"auto, (max-width: 1024px) 100vw, 1024px\" \/><\/figure>\n\n\n\n<p>Simone.<\/p>\n\n\n\n<figure class=\"wp-block-image size-large\"><img loading=\"lazy\" decoding=\"async\" width=\"1024\" height=\"693\" src=\"https:\/\/focotocantinense.com.br\/wp-content\/uploads\/2023\/12\/CCCCCCC-1024x693.jpg\" alt=\"\" class=\"wp-image-6499\" srcset=\"https:\/\/focotocantinense.com.br\/wp-content\/uploads\/2023\/12\/CCCCCCC-1024x693.jpg 1024w, https:\/\/focotocantinense.com.br\/wp-content\/uploads\/2023\/12\/CCCCCCC-300x203.jpg 300w, https:\/\/focotocantinense.com.br\/wp-content\/uploads\/2023\/12\/CCCCCCC-768x520.jpg 768w, https:\/\/focotocantinense.com.br\/wp-content\/uploads\/2023\/12\/CCCCCCC-1536x1040.jpg 1536w, https:\/\/focotocantinense.com.br\/wp-content\/uploads\/2023\/12\/CCCCCCC-110x75.jpg 110w, https:\/\/focotocantinense.com.br\/wp-content\/uploads\/2023\/12\/CCCCCCC.jpg 1600w\" sizes=\"auto, (max-width: 1024px) 100vw, 1024px\" \/><\/figure>\n\n\n\n<p><\/p>\n\n\n\n<figure class=\"wp-block-image size-large\"><img loading=\"lazy\" decoding=\"async\" width=\"1024\" height=\"654\" src=\"https:\/\/focotocantinense.com.br\/wp-content\/uploads\/2023\/12\/BBBBBBBBB-1024x654.jpg\" alt=\"\" class=\"wp-image-6498\" srcset=\"https:\/\/focotocantinense.com.br\/wp-content\/uploads\/2023\/12\/BBBBBBBBB-1024x654.jpg 1024w, https:\/\/focotocantinense.com.br\/wp-content\/uploads\/2023\/12\/BBBBBBBBB-300x192.jpg 300w, https:\/\/focotocantinense.com.br\/wp-content\/uploads\/2023\/12\/BBBBBBBBB-768x491.jpg 768w, https:\/\/focotocantinense.com.br\/wp-content\/uploads\/2023\/12\/BBBBBBBBB-1536x981.jpg 1536w, https:\/\/focotocantinense.com.br\/wp-content\/uploads\/2023\/12\/BBBBBBBBB.jpg 1600w\" sizes=\"auto, (max-width: 1024px) 100vw, 1024px\" \/><\/figure>\n\n\n\n<p><\/p>\n\n\n\n<figure class=\"wp-block-image size-large\"><img loading=\"lazy\" decoding=\"async\" width=\"1024\" height=\"700\" src=\"https:\/\/focotocantinense.com.br\/wp-content\/uploads\/2023\/12\/EEEEEEE-1024x700.jpg\" alt=\"\" class=\"wp-image-6496\" srcset=\"https:\/\/focotocantinense.com.br\/wp-content\/uploads\/2023\/12\/EEEEEEE-1024x700.jpg 1024w, https:\/\/focotocantinense.com.br\/wp-content\/uploads\/2023\/12\/EEEEEEE-300x205.jpg 300w, https:\/\/focotocantinense.com.br\/wp-content\/uploads\/2023\/12\/EEEEEEE-768x525.jpg 768w, https:\/\/focotocantinense.com.br\/wp-content\/uploads\/2023\/12\/EEEEEEE-1536x1050.jpg 1536w, https:\/\/focotocantinense.com.br\/wp-content\/uploads\/2023\/12\/EEEEEEE-110x75.jpg 110w, https:\/\/focotocantinense.com.br\/wp-content\/uploads\/2023\/12\/EEEEEEE.jpg 1600w\" sizes=\"auto, (max-width: 1024px) 100vw, 1024px\" \/><\/figure>\n\n\n\n<p><\/p>\n\n\n\n<p><\/p>\n\n\n\n<figure class=\"wp-block-image size-large\"><img loading=\"lazy\" decoding=\"async\" width=\"1024\" height=\"591\" src=\"https:\/\/focotocantinense.com.br\/wp-content\/uploads\/2023\/12\/aaaaaaaaaaaaaaaaaaaaaaa-2-1024x591.jpg\" alt=\"\" class=\"wp-image-6497\" srcset=\"https:\/\/focotocantinense.com.br\/wp-content\/uploads\/2023\/12\/aaaaaaaaaaaaaaaaaaaaaaa-2-1024x591.jpg 1024w, https:\/\/focotocantinense.com.br\/wp-content\/uploads\/2023\/12\/aaaaaaaaaaaaaaaaaaaaaaa-2-300x173.jpg 300w, https:\/\/focotocantinense.com.br\/wp-content\/uploads\/2023\/12\/aaaaaaaaaaaaaaaaaaaaaaa-2-768x443.jpg 768w, https:\/\/focotocantinense.com.br\/wp-content\/uploads\/2023\/12\/aaaaaaaaaaaaaaaaaaaaaaa-2.jpg 1093w\" sizes=\"auto, (max-width: 1024px) 100vw, 1024px\" \/><\/figure>\n\n\n\n<p><\/p>\n\n\n\n<p><\/p>\n\n\n\n<figure class=\"wp-block-image size-full\"><img loading=\"lazy\" decoding=\"async\" width=\"640\" height=\"193\" src=\"https:\/\/focotocantinense.com.br\/wp-content\/uploads\/2023\/12\/VINI_181-2.jpg\" alt=\"\" class=\"wp-image-6489\" srcset=\"https:\/\/focotocantinense.com.br\/wp-content\/uploads\/2023\/12\/VINI_181-2.jpg 640w, https:\/\/focotocantinense.com.br\/wp-content\/uploads\/2023\/12\/VINI_181-2-300x90.jpg 300w\" sizes=\"auto, (max-width: 640px) 100vw, 640px\" \/><\/figure>\n","protected":false},"excerpt":{"rendered":"<p>Can Por Zacarias Martins A Prefeitura de Tocant\u00ednia, por meio da Secretaria Municipal Educa\u00e7\u00e3o \u2013 Semed, realizou no Centro de Refer\u00eancia do Projeto Leitura Viva, na noite de quinta-feira, dia 14, &nbsp;a Cantata de Natal Vozes da Educa\u00e7\u00e3o, &nbsp;&nbsp;com a participa\u00e7\u00e3o dos alunos, servidores da rede municipal de ensino e comunidade em geral. Essa iniciativa &hellip;<\/p>\n","protected":false},"author":5,"featured_media":6496,"comment_status":"open","ping_status":"open","sticky":false,"template":"","format":"standard","meta":{"footnotes":""},"categories":[78],"tags":[],"class_list":["post-6494","post","type-post","status-publish","format-standard","has-post-thumbnail","","category-tocantinia"],"_links":{"self":[{"href":"https:\/\/focotocantinense.com.br\/index.php?rest_route=\/wp\/v2\/posts\/6494","targetHints":{"allow":["GET"]}}],"collection":[{"href":"https:\/\/focotocantinense.com.br\/index.php?rest_route=\/wp\/v2\/posts"}],"about":[{"href":"https:\/\/focotocantinense.com.br\/index.php?rest_route=\/wp\/v2\/types\/post"}],"author":[{"embeddable":true,"href":"https:\/\/focotocantinense.com.br\/index.php?rest_route=\/wp\/v2\/users\/5"}],"replies":[{"embeddable":true,"href":"https:\/\/focotocantinense.com.br\/index.php?rest_route=%2Fwp%2Fv2%2Fcomments&post=6494"}],"version-history":[{"count":1,"href":"https:\/\/focotocantinense.com.br\/index.php?rest_route=\/wp\/v2\/posts\/6494\/revisions"}],"predecessor-version":[{"id":6501,"href":"https:\/\/focotocantinense.com.br\/index.php?rest_route=\/wp\/v2\/posts\/6494\/revisions\/6501"}],"wp:featuredmedia":[{"embeddable":true,"href":"https:\/\/focotocantinense.com.br\/index.php?rest_route=\/wp\/v2\/media\/6496"}],"wp:attachment":[{"href":"https:\/\/focotocantinense.com.br\/index.php?rest_route=%2Fwp%2Fv2%2Fmedia&parent=6494"}],"wp:term":[{"taxonomy":"category","embeddable":true,"href":"https:\/\/focotocantinense.com.br\/index.php?rest_route=%2Fwp%2Fv2%2Fcategories&post=6494"},{"taxonomy":"post_tag","embeddable":true,"href":"https:\/\/focotocantinense.com.br\/index.php?rest_route=%2Fwp%2Fv2%2Ftags&post=6494"}],"curies":[{"name":"wp","href":"https:\/\/api.w.org\/{rel}","templated":true}]}}