{"id":6482,"date":"2023-12-15T13:08:47","date_gmt":"2023-12-15T16:08:47","guid":{"rendered":"https:\/\/focotocantinense.com.br\/?p=6482"},"modified":"2023-12-15T13:08:47","modified_gmt":"2023-12-15T16:08:47","slug":"deputado-antonio-andrade-participa-de-formatura-de-alunos-da-escola-de-tempo-integral-girassol-dom-pedro-ll-em-porto-nacional","status":"publish","type":"post","link":"https:\/\/focotocantinense.com.br\/?p=6482","title":{"rendered":"Deputado Antonio Andrade participa de formatura de alunos da Escola de Tempo Integral Girassol Dom Pedro ll, em Porto Nacional"},"content":{"rendered":"\n<p>O convite ao parlamentar foi feito em reconhecimento ao seu compromisso com a educa\u00e7\u00e3o e a valoriza\u00e7\u00e3o do ensino p\u00fablico<\/p>\n\n\n\n<p>Escolhido como patrono da turma de formandos pelo apoio constante e as relevantes contribui\u00e7\u00f5es com os projetos da Escola de Tempo Integral Girassol Dom Pedro ll, o deputado federal, Antonio Andrade, participou nesta quinta-feira, 14 de dezembro, da cerim\u00f4nia de formatura dos concluintes do 9\u00b0 ano de uma das mais tradicionais Unidades Escolares de Porto Nacional.<\/p>\n\n\n\n<p>A solenidade, que aconteceu no espa\u00e7o Cabana Eventos, foi marcada pela felicidade dos formandos que conclu\u00edram essa importante etapa de suas vidas, na presen\u00e7a de amigos e familiares que vibraram com a conquista. Dos 38 alunos concluintes, 29 participaram da cerim\u00f4nia, incluindo dois estudantes com Transtorno do Espectro Autista (TEA).<\/p>\n\n\n\n<p>Comprovando o trabalho cont\u00ednuo da escola voltado para a promo\u00e7\u00e3o da inclus\u00e3o, a professora de matem\u00e1tica, Aryana Brito, destacou em sua fala durante a solenidade: \u201cNossa miss\u00e3o \u00e9 proporcionar educa\u00e7\u00e3o de qualidade, atuando em Ensino, Pesquisa, com a forma\u00e7\u00e3o cidad\u00e3, a inclus\u00e3o social, inova\u00e7\u00e3o e o desenvolvimento total do ind\u00edviduo\u201d, enfatizou.<\/p>\n\n\n\n<p>Garleane Carvalho, que \u00e9 professora de portugu\u00eas, agradeceu ao deputado federal Antonio Andrade por todo o empenho na realiza\u00e7\u00e3o do evento. Estamos muito contentes, nossos alunos em sua grande maioria s\u00e3o de fam\u00edlias carentes, filhos de dom\u00e9sticas, lavradores, trabalhadores que atuam na zona urbana e precisam do suporte necess\u00e1rio para poderem trabalhar com a certeza de que seus filhos est\u00e3o sendo bem instru\u00eddos, seguros e recebendo uma educa\u00e7\u00e3o de qualidade. Agrade\u00e7o muito ao deputado Antonio Andrade que nos deu condi\u00e7\u00f5es de promover essa festa linda para os nossos alunos, da maneira que eles merecem\u201d, concluiu.<\/p>\n\n\n\n<p>Muito feliz, o parlamentar parabenizou os estudantes e desejou uma jornada de muito sucesso a todos, ressaltando seu carinho pelos alunos e corpo docente da escola. \u201cEsse reconhecimento me emociona, pois, vem de jovens estudantes cheios de sonhos e que acreditam no trabalho s\u00e9rio que me proponho a fazer, em especial pela educa\u00e7\u00e3o. Tenho certeza que esse grupo de estudantes ser\u00e1 motivo de muito orgulho, dando continuidade nos estudos e se tornando profissionais altamente qualificados\u201d, finalizou.<\/p>\n\n\n\n<p>Assessoria de Comunica\u00e7\u00e3o \u2013 Deputado Antonio Andrade<\/p>\n","protected":false},"excerpt":{"rendered":"<p>O convite ao parlamentar foi feito em reconhecimento ao seu compromisso com a educa\u00e7\u00e3o e a valoriza\u00e7\u00e3o do ensino p\u00fablico Escolhido como patrono da turma de formandos pelo apoio constante e as relevantes contribui\u00e7\u00f5es com os projetos da Escola de Tempo Integral Girassol Dom Pedro ll, o deputado federal, Antonio Andrade, participou nesta quinta-feira, 14 &hellip;<\/p>\n","protected":false},"author":5,"featured_media":6483,"comment_status":"open","ping_status":"open","sticky":false,"template":"","format":"standard","meta":{"footnotes":""},"categories":[1],"tags":[],"class_list":["post-6482","post","type-post","status-publish","format-standard","has-post-thumbnail","","category-sem-categoria"],"_links":{"self":[{"href":"https:\/\/focotocantinense.com.br\/index.php?rest_route=\/wp\/v2\/posts\/6482","targetHints":{"allow":["GET"]}}],"collection":[{"href":"https:\/\/focotocantinense.com.br\/index.php?rest_route=\/wp\/v2\/posts"}],"about":[{"href":"https:\/\/focotocantinense.com.br\/index.php?rest_route=\/wp\/v2\/types\/post"}],"author":[{"embeddable":true,"href":"https:\/\/focotocantinense.com.br\/index.php?rest_route=\/wp\/v2\/users\/5"}],"replies":[{"embeddable":true,"href":"https:\/\/focotocantinense.com.br\/index.php?rest_route=%2Fwp%2Fv2%2Fcomments&post=6482"}],"version-history":[{"count":1,"href":"https:\/\/focotocantinense.com.br\/index.php?rest_route=\/wp\/v2\/posts\/6482\/revisions"}],"predecessor-version":[{"id":6484,"href":"https:\/\/focotocantinense.com.br\/index.php?rest_route=\/wp\/v2\/posts\/6482\/revisions\/6484"}],"wp:featuredmedia":[{"embeddable":true,"href":"https:\/\/focotocantinense.com.br\/index.php?rest_route=\/wp\/v2\/media\/6483"}],"wp:attachment":[{"href":"https:\/\/focotocantinense.com.br\/index.php?rest_route=%2Fwp%2Fv2%2Fmedia&parent=6482"}],"wp:term":[{"taxonomy":"category","embeddable":true,"href":"https:\/\/focotocantinense.com.br\/index.php?rest_route=%2Fwp%2Fv2%2Fcategories&post=6482"},{"taxonomy":"post_tag","embeddable":true,"href":"https:\/\/focotocantinense.com.br\/index.php?rest_route=%2Fwp%2Fv2%2Ftags&post=6482"}],"curies":[{"name":"wp","href":"https:\/\/api.w.org\/{rel}","templated":true}]}}