{"id":6474,"date":"2023-12-14T21:01:00","date_gmt":"2023-12-15T00:01:00","guid":{"rendered":"https:\/\/focotocantinense.com.br\/?p=6474"},"modified":"2023-12-14T21:06:05","modified_gmt":"2023-12-15T00:06:05","slug":"torneio-interclasse-movimenta-escolas-municipais-de-tocantinia","status":"publish","type":"post","link":"https:\/\/focotocantinense.com.br\/?p=6474","title":{"rendered":"Torneio Interclasse movimenta escolas municipais de Tocant\u00ednia"},"content":{"rendered":"\n<p><\/p>\n\n\n\n<p>O 1\u00b0 Torneio Interclasse das escolas municipais de Tocant\u00ednia ocorreu nos dias 11 e 12 de dezembro e contou com a participa\u00e7\u00e3o de atletas do 1\u00b0 ao 6\u00b0 ano das escolas municipais Benvindo da Luz e Escola Professor Constantino Pedro de Castro.<\/p>\n\n\n\n<p>O interclasse foi um sucesso. Professores, pais e comunidade se fizeram presentes no evento. Foram dias de muita divers\u00e3o, as torcidas estavam bastante empolgadas. Nota-se que os jogos foram positivos para a comunidade de Tocant\u00ednia e pretende-se continuar com os interclasse no decorrer do ano letivo de 2024.<\/p>\n\n\n\n<figure class=\"wp-block-image size-large is-resized\"><img loading=\"lazy\" decoding=\"async\" width=\"770\" height=\"1024\" src=\"https:\/\/focotocantinense.com.br\/wp-content\/uploads\/2023\/12\/bbb-1-770x1024.jpg\" alt=\"\" class=\"wp-image-6479\" style=\"width:410px;height:auto\" srcset=\"https:\/\/focotocantinense.com.br\/wp-content\/uploads\/2023\/12\/bbb-1-770x1024.jpg 770w, https:\/\/focotocantinense.com.br\/wp-content\/uploads\/2023\/12\/bbb-1-226x300.jpg 226w, https:\/\/focotocantinense.com.br\/wp-content\/uploads\/2023\/12\/bbb-1-768x1021.jpg 768w, https:\/\/focotocantinense.com.br\/wp-content\/uploads\/2023\/12\/bbb-1.jpg 963w\" sizes=\"auto, (max-width: 770px) 100vw, 770px\" \/><\/figure>\n\n\n\n<p><\/p>\n\n\n\n<figure class=\"wp-block-image size-full\"><img loading=\"lazy\" decoding=\"async\" width=\"1024\" height=\"768\" src=\"https:\/\/focotocantinense.com.br\/wp-content\/uploads\/2023\/12\/aaaaaaaaaaaaaaaaaaaaaaa.jpg\" alt=\"\" class=\"wp-image-6475\" srcset=\"https:\/\/focotocantinense.com.br\/wp-content\/uploads\/2023\/12\/aaaaaaaaaaaaaaaaaaaaaaa.jpg 1024w, https:\/\/focotocantinense.com.br\/wp-content\/uploads\/2023\/12\/aaaaaaaaaaaaaaaaaaaaaaa-300x225.jpg 300w, https:\/\/focotocantinense.com.br\/wp-content\/uploads\/2023\/12\/aaaaaaaaaaaaaaaaaaaaaaa-768x576.jpg 768w\" sizes=\"auto, (max-width: 1024px) 100vw, 1024px\" \/><\/figure>\n\n\n\n<p><\/p>\n\n\n\n<figure class=\"wp-block-image size-full\"><img loading=\"lazy\" decoding=\"async\" width=\"720\" height=\"543\" src=\"https:\/\/focotocantinense.com.br\/wp-content\/uploads\/2023\/12\/ddd.jpg\" alt=\"\" class=\"wp-image-6477\" srcset=\"https:\/\/focotocantinense.com.br\/wp-content\/uploads\/2023\/12\/ddd.jpg 720w, https:\/\/focotocantinense.com.br\/wp-content\/uploads\/2023\/12\/ddd-300x226.jpg 300w\" sizes=\"auto, (max-width: 720px) 100vw, 720px\" \/><\/figure>\n\n\n\n<p><\/p>\n\n\n\n<p><\/p>\n\n\n\n<figure class=\"wp-block-image size-full\"><img loading=\"lazy\" decoding=\"async\" width=\"640\" height=\"193\" src=\"https:\/\/focotocantinense.com.br\/wp-content\/uploads\/2023\/12\/VINI_181-1.jpg\" alt=\"\" class=\"wp-image-6459\" srcset=\"https:\/\/focotocantinense.com.br\/wp-content\/uploads\/2023\/12\/VINI_181-1.jpg 640w, https:\/\/focotocantinense.com.br\/wp-content\/uploads\/2023\/12\/VINI_181-1-300x90.jpg 300w\" sizes=\"auto, (max-width: 640px) 100vw, 640px\" \/><\/figure>\n","protected":false},"excerpt":{"rendered":"<p>O 1\u00b0 Torneio Interclasse das escolas municipais de Tocant\u00ednia ocorreu nos dias 11 e 12 de dezembro e contou com a participa\u00e7\u00e3o de atletas do 1\u00b0 ao 6\u00b0 ano das escolas municipais Benvindo da Luz e Escola Professor Constantino Pedro de Castro. O interclasse foi um sucesso. Professores, pais e comunidade se fizeram presentes no &hellip;<\/p>\n","protected":false},"author":5,"featured_media":6475,"comment_status":"open","ping_status":"open","sticky":false,"template":"","format":"standard","meta":{"footnotes":""},"categories":[78],"tags":[],"class_list":["post-6474","post","type-post","status-publish","format-standard","has-post-thumbnail","","category-tocantinia"],"_links":{"self":[{"href":"https:\/\/focotocantinense.com.br\/index.php?rest_route=\/wp\/v2\/posts\/6474","targetHints":{"allow":["GET"]}}],"collection":[{"href":"https:\/\/focotocantinense.com.br\/index.php?rest_route=\/wp\/v2\/posts"}],"about":[{"href":"https:\/\/focotocantinense.com.br\/index.php?rest_route=\/wp\/v2\/types\/post"}],"author":[{"embeddable":true,"href":"https:\/\/focotocantinense.com.br\/index.php?rest_route=\/wp\/v2\/users\/5"}],"replies":[{"embeddable":true,"href":"https:\/\/focotocantinense.com.br\/index.php?rest_route=%2Fwp%2Fv2%2Fcomments&post=6474"}],"version-history":[{"count":2,"href":"https:\/\/focotocantinense.com.br\/index.php?rest_route=\/wp\/v2\/posts\/6474\/revisions"}],"predecessor-version":[{"id":6480,"href":"https:\/\/focotocantinense.com.br\/index.php?rest_route=\/wp\/v2\/posts\/6474\/revisions\/6480"}],"wp:featuredmedia":[{"embeddable":true,"href":"https:\/\/focotocantinense.com.br\/index.php?rest_route=\/wp\/v2\/media\/6475"}],"wp:attachment":[{"href":"https:\/\/focotocantinense.com.br\/index.php?rest_route=%2Fwp%2Fv2%2Fmedia&parent=6474"}],"wp:term":[{"taxonomy":"category","embeddable":true,"href":"https:\/\/focotocantinense.com.br\/index.php?rest_route=%2Fwp%2Fv2%2Fcategories&post=6474"},{"taxonomy":"post_tag","embeddable":true,"href":"https:\/\/focotocantinense.com.br\/index.php?rest_route=%2Fwp%2Fv2%2Ftags&post=6474"}],"curies":[{"name":"wp","href":"https:\/\/api.w.org\/{rel}","templated":true}]}}