{"id":6468,"date":"2023-12-14T16:29:09","date_gmt":"2023-12-14T19:29:09","guid":{"rendered":"https:\/\/focotocantinense.com.br\/?p=6468"},"modified":"2023-12-14T16:29:10","modified_gmt":"2023-12-14T19:29:10","slug":"comissao-de-saude-aprova-relatorio-de-antonio-andrade-em-projeto-que-dispensa-licitacao-na-pandemia","status":"publish","type":"post","link":"https:\/\/focotocantinense.com.br\/?p=6468","title":{"rendered":"Comiss\u00e3o de Sa\u00fade aprova relat\u00f3rio de Antonio Andrade em projeto que dispensa licita\u00e7\u00e3o na pandemia"},"content":{"rendered":"\n<p>Em sess\u00e3o ordin\u00e1ria realizada nesta quarta-feira (13\/12), a Comiss\u00e3o de Sa\u00fade da C\u00e2mara dos Deputados, aprovou por unanimidade o relat\u00f3rio apresentado pelo Deputado Antonio Andrade (Republicanos), referente ao projeto de lei que versa sobre a dispensa de licita\u00e7\u00e3o em contrata\u00e7\u00f5es durante a pandemia.<\/p>\n\n\n\n<p>O relat\u00f3rio, que prev\u00ea a dispensa de licita\u00e7\u00e3o nas situa\u00e7\u00f5es de pandemia ou de calamidade p\u00fablica, se houver risco iminente para a popula\u00e7\u00e3o e quando for poss\u00edvel concluir obras ou presta\u00e7\u00e3o de servi\u00e7os em at\u00e9 180 dias consecutivos e ininterruptos, foi bastante elogiado pelos demais pares das comiss\u00f5es.<\/p>\n\n\n\n<p>O texto do projeto, que continua tramitando na C\u00e2mara, altera a Lei das Licita\u00e7\u00f5es, e, ainda, a contrata\u00e7\u00e3o de m\u00e9dicos brasileiros diplomados no exterior, estrangeiros ou intercambistas, mesmo que a documenta\u00e7\u00e3o deles n\u00e3o tenha sido validada no Pa\u00eds.<\/p>\n\n\n\n<p>\u201cA Lei de Licita\u00e7\u00f5es foi aprovada para preservar o er\u00e1rio e o patrim\u00f4nio p\u00fablico. Entretanto, h\u00e1 situa\u00e7\u00f5es, como bem estabelecido no projeto principal, de emerg\u00eancia ou de calamidade p\u00fablica, que requerem respostas imediatas, imposs\u00edveis de serem oferecidas pelo processo usual de licita\u00e7\u00e3o\u201d, afirmou o relator.<\/p>\n\n\n\n<p>A proposta tramita em car\u00e1ter conclusivo e ser\u00e1 analisado agora pela comiss\u00e3o de Finan\u00e7as e Tributa\u00e7\u00e3o (CFT). A expectativa \u00e9 de que a proposta siga em ritmo acelerado, dada a sua urg\u00eancia, e que possa ser votado o mais r\u00e1pido poss\u00edvel para fortalecer as a\u00e7\u00f5es de sa\u00fade p\u00fablica no pa\u00eds.<\/p>\n\n\n\n<p>Assessoria de Comunica\u00e7\u00e3o \u2013 Deputado Federal Antonio Andrade<\/p>\n","protected":false},"excerpt":{"rendered":"<p>Em sess\u00e3o ordin\u00e1ria realizada nesta quarta-feira (13\/12), a Comiss\u00e3o de Sa\u00fade da C\u00e2mara dos Deputados, aprovou por unanimidade o relat\u00f3rio apresentado pelo Deputado Antonio Andrade (Republicanos), referente ao projeto de lei que versa sobre a dispensa de licita\u00e7\u00e3o em contrata\u00e7\u00f5es durante a pandemia. O relat\u00f3rio, que prev\u00ea a dispensa de licita\u00e7\u00e3o nas situa\u00e7\u00f5es de pandemia &hellip;<\/p>\n","protected":false},"author":5,"featured_media":6469,"comment_status":"open","ping_status":"open","sticky":false,"template":"","format":"standard","meta":{"footnotes":""},"categories":[1],"tags":[],"class_list":["post-6468","post","type-post","status-publish","format-standard","has-post-thumbnail","","category-sem-categoria"],"_links":{"self":[{"href":"https:\/\/focotocantinense.com.br\/index.php?rest_route=\/wp\/v2\/posts\/6468","targetHints":{"allow":["GET"]}}],"collection":[{"href":"https:\/\/focotocantinense.com.br\/index.php?rest_route=\/wp\/v2\/posts"}],"about":[{"href":"https:\/\/focotocantinense.com.br\/index.php?rest_route=\/wp\/v2\/types\/post"}],"author":[{"embeddable":true,"href":"https:\/\/focotocantinense.com.br\/index.php?rest_route=\/wp\/v2\/users\/5"}],"replies":[{"embeddable":true,"href":"https:\/\/focotocantinense.com.br\/index.php?rest_route=%2Fwp%2Fv2%2Fcomments&post=6468"}],"version-history":[{"count":1,"href":"https:\/\/focotocantinense.com.br\/index.php?rest_route=\/wp\/v2\/posts\/6468\/revisions"}],"predecessor-version":[{"id":6470,"href":"https:\/\/focotocantinense.com.br\/index.php?rest_route=\/wp\/v2\/posts\/6468\/revisions\/6470"}],"wp:featuredmedia":[{"embeddable":true,"href":"https:\/\/focotocantinense.com.br\/index.php?rest_route=\/wp\/v2\/media\/6469"}],"wp:attachment":[{"href":"https:\/\/focotocantinense.com.br\/index.php?rest_route=%2Fwp%2Fv2%2Fmedia&parent=6468"}],"wp:term":[{"taxonomy":"category","embeddable":true,"href":"https:\/\/focotocantinense.com.br\/index.php?rest_route=%2Fwp%2Fv2%2Fcategories&post=6468"},{"taxonomy":"post_tag","embeddable":true,"href":"https:\/\/focotocantinense.com.br\/index.php?rest_route=%2Fwp%2Fv2%2Ftags&post=6468"}],"curies":[{"name":"wp","href":"https:\/\/api.w.org\/{rel}","templated":true}]}}