{"id":6453,"date":"2023-12-13T19:32:03","date_gmt":"2023-12-13T22:32:03","guid":{"rendered":"https:\/\/focotocantinense.com.br\/?p=6453"},"modified":"2023-12-13T19:32:39","modified_gmt":"2023-12-13T22:32:39","slug":"poeta-tocantinense-andre-goveia-e-destaque-em-antologia-literaria-nacional","status":"publish","type":"post","link":"https:\/\/focotocantinense.com.br\/?p=6453","title":{"rendered":"Poeta tocantinense Andr\u00e9 Goveia \u00e9 destaque em antologia liter\u00e1ria nacional"},"content":{"rendered":"\n<p><strong>Por Zacarias Martins&nbsp;<\/strong><\/p>\n\n\n\n<p>O professor&nbsp; e poeta Andr\u00e9 Goveia secret\u00e1rio de Educa\u00e7\u00e3o de Tocant\u00ednia, &nbsp;&nbsp;&nbsp;teve trabalho publicado na antologia nacional&nbsp;<em><strong>Assim se faz &nbsp;poesia &#8211; Grandes Poemas 2023<\/strong><\/em>, publicada pela CBJE do Rio de Janeiro.<\/p>\n\n\n\n<p>A obra re\u00fane uma sele\u00e7\u00e3o especial de poemas de autores&nbsp; de 16 estados, al\u00e9m do Distrito Federal, sendo que&nbsp; Andr\u00e9 Goveia participa com o poema \u201cCapim Dourado\u201d, onde retrata, com maestria, essa beleza natural do estado do Tocantins.<\/p>\n\n\n\n<p>Trata-se de um livro que serve de refer\u00eancia para estudantes, professores e pesquisadores de um modo geral<\/p>\n\n\n\n<p><strong>Credenciais do Autor<\/strong><\/p>\n\n\n\n<p>Natural de Tocant\u00ednia, Andr\u00e9 Goveia \u00e9 escritor, poeta, professor de carreira da rede estadual, professor na Universidade da Maturidade (UFT\/UMA), pedagogo, especialista em Gest\u00e3o Educacional e Metodologias de Ensino, licenciado em Letras, Mestrando em Educa\u00e7\u00e3o.&nbsp; &nbsp;Tamb\u00e9m \u00e9 Articulador Municipal do Selo Unicef. \u00c9 secret\u00e1rio municipal de Educa\u00e7\u00e3o de Tocant\u00ednia,&nbsp; membro&nbsp; correspondente&nbsp; da Academia Gurupiense de Letras (AGL), &nbsp;&nbsp;da Academia Paraisense de Letras (APL) e da Academia de Letras de Aragua\u00edna (Acalanto).<\/p>\n\n\n\n<p>Participou do&nbsp;<strong><em>Anu\u00e1rio de Poetas e Escritores do Tocantins<\/em><\/strong>,&nbsp; nas edi\u00e7\u00f5es de 2016, 2017, 2018 e 2019, bem como, da&nbsp;&nbsp;<strong>&nbsp;<\/strong><em><strong>Antologia Veloso<\/strong>&nbsp;<\/em>&#8211;&nbsp; 2020.&nbsp;&nbsp;&nbsp; Tamb\u00e9m est\u00e1 presente na colet\u00e2nea&nbsp;<em><strong>Literatura Tocantinense<\/strong><\/em>&nbsp;(2020), organizada pelo professor &nbsp;Pedro Albeirice da Rocha.<\/p>\n\n\n\n<p>Goveia \u00e9 autor de cinco\u00a0 livros individuais\u00a0 no g\u00eanero poesia, \u00a0sendo eles:\u00a0<em><strong>Recitando a Vida<\/strong><\/em>\u00a0(2018),<em><strong>\u00a0Poesias da Vida\u00a0<\/strong>(2019),<\/em>\u00a0\u00a0<strong><em>Hoje \u00e9 dia de Poesia\u00a0<\/em><\/strong>(2020), \u00a0<strong><em>Poetizando Vidas<\/em><\/strong>\u00a0(2021) e<strong>\u00a0<em>Versos\u00a0M\u00e1gicos<\/em>,<\/strong>\u00a0todos publicados pela Editora Veloso, de Gurupi.<\/p>\n\n\n\n<figure class=\"wp-block-image size-large\"><img loading=\"lazy\" decoding=\"async\" width=\"1024\" height=\"1024\" src=\"https:\/\/focotocantinense.com.br\/wp-content\/uploads\/2023\/12\/zzzzzzzzzzzzz-1024x1024.jpg\" alt=\"\" class=\"wp-image-6454\" srcset=\"https:\/\/focotocantinense.com.br\/wp-content\/uploads\/2023\/12\/zzzzzzzzzzzzz-1024x1024.jpg 1024w, https:\/\/focotocantinense.com.br\/wp-content\/uploads\/2023\/12\/zzzzzzzzzzzzz-300x300.jpg 300w, https:\/\/focotocantinense.com.br\/wp-content\/uploads\/2023\/12\/zzzzzzzzzzzzz-150x150.jpg 150w, https:\/\/focotocantinense.com.br\/wp-content\/uploads\/2023\/12\/zzzzzzzzzzzzz-768x768.jpg 768w, https:\/\/focotocantinense.com.br\/wp-content\/uploads\/2023\/12\/zzzzzzzzzzzzz.jpg 1496w\" sizes=\"auto, (max-width: 1024px) 100vw, 1024px\" \/><\/figure>\n\n\n\n<p><\/p>\n\n\n\n<figure class=\"wp-block-image\"><img decoding=\"async\" src=\"http:\/\/n1to.com.br\/img\/uploads\/VINI_181_33.jpg\" alt=\"\"\/><\/figure>\n","protected":false},"excerpt":{"rendered":"<p>Por Zacarias Martins&nbsp; O professor&nbsp; e poeta Andr\u00e9 Goveia secret\u00e1rio de Educa\u00e7\u00e3o de Tocant\u00ednia, &nbsp;&nbsp;&nbsp;teve trabalho publicado na antologia nacional&nbsp;Assim se faz &nbsp;poesia &#8211; Grandes Poemas 2023, publicada pela CBJE do Rio de Janeiro. A obra re\u00fane uma sele\u00e7\u00e3o especial de poemas de autores&nbsp; de 16 estados, al\u00e9m do Distrito Federal, sendo que&nbsp; Andr\u00e9 Goveia &hellip;<\/p>\n","protected":false},"author":5,"featured_media":6454,"comment_status":"open","ping_status":"open","sticky":false,"template":"","format":"standard","meta":{"footnotes":""},"categories":[104],"tags":[],"class_list":["post-6453","post","type-post","status-publish","format-standard","has-post-thumbnail","","category-cultura"],"_links":{"self":[{"href":"https:\/\/focotocantinense.com.br\/index.php?rest_route=\/wp\/v2\/posts\/6453","targetHints":{"allow":["GET"]}}],"collection":[{"href":"https:\/\/focotocantinense.com.br\/index.php?rest_route=\/wp\/v2\/posts"}],"about":[{"href":"https:\/\/focotocantinense.com.br\/index.php?rest_route=\/wp\/v2\/types\/post"}],"author":[{"embeddable":true,"href":"https:\/\/focotocantinense.com.br\/index.php?rest_route=\/wp\/v2\/users\/5"}],"replies":[{"embeddable":true,"href":"https:\/\/focotocantinense.com.br\/index.php?rest_route=%2Fwp%2Fv2%2Fcomments&post=6453"}],"version-history":[{"count":2,"href":"https:\/\/focotocantinense.com.br\/index.php?rest_route=\/wp\/v2\/posts\/6453\/revisions"}],"predecessor-version":[{"id":6456,"href":"https:\/\/focotocantinense.com.br\/index.php?rest_route=\/wp\/v2\/posts\/6453\/revisions\/6456"}],"wp:featuredmedia":[{"embeddable":true,"href":"https:\/\/focotocantinense.com.br\/index.php?rest_route=\/wp\/v2\/media\/6454"}],"wp:attachment":[{"href":"https:\/\/focotocantinense.com.br\/index.php?rest_route=%2Fwp%2Fv2%2Fmedia&parent=6453"}],"wp:term":[{"taxonomy":"category","embeddable":true,"href":"https:\/\/focotocantinense.com.br\/index.php?rest_route=%2Fwp%2Fv2%2Fcategories&post=6453"},{"taxonomy":"post_tag","embeddable":true,"href":"https:\/\/focotocantinense.com.br\/index.php?rest_route=%2Fwp%2Fv2%2Ftags&post=6453"}],"curies":[{"name":"wp","href":"https:\/\/api.w.org\/{rel}","templated":true}]}}