{"id":6445,"date":"2023-12-12T08:08:25","date_gmt":"2023-12-12T11:08:25","guid":{"rendered":"https:\/\/focotocantinense.com.br\/?p=6445"},"modified":"2023-12-12T12:05:24","modified_gmt":"2023-12-12T15:05:24","slug":"livro-de-cordel-escrito-por-custodiados-de-unidade-penal-de-tocantinopolis-e-lancado-com-o-apoio-do-mpto","status":"publish","type":"post","link":"https:\/\/focotocantinense.com.br\/?p=6445","title":{"rendered":"Livro de cordel escrito por custodiados de Unidade Penal de Tocantin\u00f3polis \u00e9 lan\u00e7ado com o apoio do MPTO"},"content":{"rendered":"\n<p><strong>O livro foi publicado pela Editora Veloso, de Gurupi.<\/strong><\/p>\n\n\n\n<p>Expressar sentimentos e sua realidade por meio da arte do Cordel. Foi o que fizeram 28 custodiados da Unidade Penal de Tocantin\u00f3polis, que lan\u00e7aram nesta quinta-feira, 07, o livro \u201cRecome\u00e7ar com Cordel: Um Novo Olhar para a Vida&#8221;. A obra publicada pela&nbsp; Editora Veloso, de Gurupi,&nbsp; conta com textos de autoria de 28 custodiados e algumas participa\u00e7\u00f5es especiais como a do promotor de Justi\u00e7a Saulo Vinhal, que contribuiu com o cordel \u201cLevando a Execu\u00e7\u00e3o Penal a S\u00e9rio\u201d.<\/p>\n\n\n\n<p>A produ\u00e7\u00e3o teve o apoio do Minist\u00e9rio P\u00fablico do Tocantins e institui\u00e7\u00f5es do Poder Judici\u00e1rio e do governo do Estado, e foi constru\u00edda a partir de oficinas de produ\u00e7\u00e3o de cordel realizadas com estudantes da Educa\u00e7\u00e3o de Jovens e Adultos (EJA) para pessoas privadas de liberdade e apenados da Unidade Prisional de Tocantin\u00f3polis.<\/p>\n\n\n\n<p>Segundo o promotor de Justi\u00e7a, a obra demonstra a import\u00e2ncia do fomento \u00e0 educa\u00e7\u00e3o e conhecimento dentro das unidades prisionais, visando \u00e0 garantia dos direitos humanos dos custodiados. \u201cTodas as pessoas possuem o direito humano \u00e0 educa\u00e7\u00e3o, inclusive aquelas que se encontram privadas de sua liberdade, porque \u00e9 sabido que a finalidade da pris\u00e3o n\u00e3o \u00e9 apenas punir, mas principalmente, reabilitar o indiv\u00edduo &nbsp;para reinser\u00e7\u00e3o na sociedade\u201d, destaca Saulo Vinhal.&nbsp;<\/p>\n\n\n\n<p>A organiza\u00e7\u00e3o da colet\u00e2nea de cord\u00e9is foi realizada pelos integrantes da Diretoria Regional de Educa\u00e7\u00e3o de Tocantin\u00f3polis, Dorismar Carvalho de Sousa e Francisca Pereira de Sousa. Ao todo, a obra condensa 108 cord\u00e9is, produzidos por 56 autores. Al\u00e9m dos apenados, tamb\u00e9m contribu\u00edram com a obra, outros 28 autores representando as institui\u00e7\u00f5es parceiras, envolvidas diretamente ou indiretamente no trabalho educativo realizado na unidade penal.<\/p>\n\n\n\n<p>\u201c\u00c9 um livro de literatura de cordel que nos convida a adentrar nos cora\u00e7\u00f5es e mentes daqueles que, apesar de estarem privados de liberdade, encontram na arte e na palavra uma maneira de expressar seus sentimentos, pensamentos e anseios\u201d, destaca a \u00a0apresenta\u00e7\u00e3o da obra.\u00a0<\/p>\n\n\n\n<p>Al\u00e9m do lan\u00e7amento do livro, tamb\u00e9m foi realizada nesta quinta-feira, 07, &nbsp;a entrega de certificados de conclus\u00e3o do Curso B\u00e1sico de Instala\u00e7\u00e3o e Manuten\u00e7\u00e3o de Aparelhos de Ar-Condicionado, realizado na oficina do estabelecimento prisional.&nbsp;<\/p>\n\n\n\n<p>\u201cPara al\u00e9m da capacita\u00e7\u00e3o laboral, o objetivo imediato est\u00e1 em aproveitar a m\u00e3o de obra interna para implementa\u00e7\u00e3o, ainda em 2024, de um sistema de aparelhos de ar-condicionado na carceragem\u201d, destacou o promotor de Justi\u00e7a Saulo Vinhal.<\/p>\n\n\n\n<p><strong>Presen\u00e7as<\/strong><\/p>\n\n\n\n<p>Estiveram presentes nos eventos: Carlos Alberto Soares Filho (Assistente Administrativo), Cleane Guimar\u00e3es Silva (Chefe de Plant\u00e3o Unidade Penal), Diego Ribamar Ferreira Rocha (Diretor Unidade Penal), Douglas Melo Rodrigues (Policial Penal), Faelma Telles Aguiar (Advogada), Janu\u00e1ria Santos Ara\u00fajo (Assistente Administrativo), Joselton Coelho Brito (Policial Penal), Jos\u00e9 Osvaldo Fontinnele Barbosa (Policial Penal), Lidiane da Costa Silva (Pedagoga), Maria Edla Bastos Menezes (Chefe de Cart\u00f3rio Unidade Penal), Maur\u00edcia Roberta da Silva (Assistente Social), Miranilton Pereira Borges (Chefe da Seguran\u00e7a da Unidade Penal), Miriam Nertoldo Almeida (Psic\u00f3loga), Raimundo Nonato Rodrigues Lopes (Policial Penal), Rivelino Fernandes da Silva (Policial Penal), Patr\u00edcia Barroso Lima da Silva (Professora), Valmira Saraiva de Sousa Sales (Professora).<\/p>\n\n\n\n<figure class=\"wp-block-image size-large\"><img loading=\"lazy\" decoding=\"async\" width=\"1024\" height=\"683\" src=\"https:\/\/focotocantinense.com.br\/wp-content\/uploads\/2023\/12\/20d1bb47f7cdbbf6f4305186ef8880d5-width-1920-1024x683.jpeg\" alt=\"\" class=\"wp-image-6447\" srcset=\"https:\/\/focotocantinense.com.br\/wp-content\/uploads\/2023\/12\/20d1bb47f7cdbbf6f4305186ef8880d5-width-1920-1024x683.jpeg 1024w, https:\/\/focotocantinense.com.br\/wp-content\/uploads\/2023\/12\/20d1bb47f7cdbbf6f4305186ef8880d5-width-1920-300x200.jpeg 300w, https:\/\/focotocantinense.com.br\/wp-content\/uploads\/2023\/12\/20d1bb47f7cdbbf6f4305186ef8880d5-width-1920-768x512.jpeg 768w, https:\/\/focotocantinense.com.br\/wp-content\/uploads\/2023\/12\/20d1bb47f7cdbbf6f4305186ef8880d5-width-1920.jpeg 1200w\" sizes=\"auto, (max-width: 1024px) 100vw, 1024px\" \/><\/figure>\n\n\n\n<p><\/p>\n\n\n\n<figure class=\"wp-block-image size-large\"><img loading=\"lazy\" decoding=\"async\" width=\"1024\" height=\"682\" src=\"https:\/\/focotocantinense.com.br\/wp-content\/uploads\/2023\/12\/a612180a2cabcf0a8d5a04e4e889ccd0-width-1920-1024x682.jpeg\" alt=\"\" class=\"wp-image-6443\" srcset=\"https:\/\/focotocantinense.com.br\/wp-content\/uploads\/2023\/12\/a612180a2cabcf0a8d5a04e4e889ccd0-width-1920-1024x682.jpeg 1024w, https:\/\/focotocantinense.com.br\/wp-content\/uploads\/2023\/12\/a612180a2cabcf0a8d5a04e4e889ccd0-width-1920-300x200.jpeg 300w, https:\/\/focotocantinense.com.br\/wp-content\/uploads\/2023\/12\/a612180a2cabcf0a8d5a04e4e889ccd0-width-1920-768x512.jpeg 768w, https:\/\/focotocantinense.com.br\/wp-content\/uploads\/2023\/12\/a612180a2cabcf0a8d5a04e4e889ccd0-width-1920-1536x1023.jpeg 1536w, https:\/\/focotocantinense.com.br\/wp-content\/uploads\/2023\/12\/a612180a2cabcf0a8d5a04e4e889ccd0-width-1920-310x205.jpeg 310w, https:\/\/focotocantinense.com.br\/wp-content\/uploads\/2023\/12\/a612180a2cabcf0a8d5a04e4e889ccd0-width-1920.jpeg 1920w\" sizes=\"auto, (max-width: 1024px) 100vw, 1024px\" \/><\/figure>\n\n\n\n<p><\/p>\n\n\n\n<p><\/p>\n\n\n\n<p><a href=\"https:\/\/focotocantinense.com.br\/?p=6445\">Ver Post<\/a><\/p>\n\n\n\n<figure class=\"wp-block-image size-full\"><img loading=\"lazy\" decoding=\"async\" width=\"640\" height=\"193\" src=\"https:\/\/focotocantinense.com.br\/wp-content\/uploads\/2023\/12\/VINI_181.jpg\" alt=\"\" class=\"wp-image-6383\" srcset=\"https:\/\/focotocantinense.com.br\/wp-content\/uploads\/2023\/12\/VINI_181.jpg 640w, https:\/\/focotocantinense.com.br\/wp-content\/uploads\/2023\/12\/VINI_181-300x90.jpg 300w\" sizes=\"auto, (max-width: 640px) 100vw, 640px\" \/><\/figure>\n","protected":false},"excerpt":{"rendered":"<p>O livro foi publicado pela Editora Veloso, de Gurupi. Expressar sentimentos e sua realidade por meio da arte do Cordel. Foi o que fizeram 28 custodiados da Unidade Penal de Tocantin\u00f3polis, que lan\u00e7aram nesta quinta-feira, 07, o livro \u201cRecome\u00e7ar com Cordel: Um Novo Olhar para a Vida&#8221;. A obra publicada pela&nbsp; Editora Veloso, de Gurupi,&nbsp; &hellip;<\/p>\n","protected":false},"author":5,"featured_media":6443,"comment_status":"open","ping_status":"open","sticky":false,"template":"","format":"standard","meta":{"footnotes":""},"categories":[87],"tags":[],"class_list":["post-6445","post","type-post","status-publish","format-standard","has-post-thumbnail","","category-tocantinopolis"],"_links":{"self":[{"href":"https:\/\/focotocantinense.com.br\/index.php?rest_route=\/wp\/v2\/posts\/6445","targetHints":{"allow":["GET"]}}],"collection":[{"href":"https:\/\/focotocantinense.com.br\/index.php?rest_route=\/wp\/v2\/posts"}],"about":[{"href":"https:\/\/focotocantinense.com.br\/index.php?rest_route=\/wp\/v2\/types\/post"}],"author":[{"embeddable":true,"href":"https:\/\/focotocantinense.com.br\/index.php?rest_route=\/wp\/v2\/users\/5"}],"replies":[{"embeddable":true,"href":"https:\/\/focotocantinense.com.br\/index.php?rest_route=%2Fwp%2Fv2%2Fcomments&post=6445"}],"version-history":[{"count":4,"href":"https:\/\/focotocantinense.com.br\/index.php?rest_route=\/wp\/v2\/posts\/6445\/revisions"}],"predecessor-version":[{"id":6451,"href":"https:\/\/focotocantinense.com.br\/index.php?rest_route=\/wp\/v2\/posts\/6445\/revisions\/6451"}],"wp:featuredmedia":[{"embeddable":true,"href":"https:\/\/focotocantinense.com.br\/index.php?rest_route=\/wp\/v2\/media\/6443"}],"wp:attachment":[{"href":"https:\/\/focotocantinense.com.br\/index.php?rest_route=%2Fwp%2Fv2%2Fmedia&parent=6445"}],"wp:term":[{"taxonomy":"category","embeddable":true,"href":"https:\/\/focotocantinense.com.br\/index.php?rest_route=%2Fwp%2Fv2%2Fcategories&post=6445"},{"taxonomy":"post_tag","embeddable":true,"href":"https:\/\/focotocantinense.com.br\/index.php?rest_route=%2Fwp%2Fv2%2Ftags&post=6445"}],"curies":[{"name":"wp","href":"https:\/\/api.w.org\/{rel}","templated":true}]}}