{"id":6438,"date":"2023-12-11T09:13:33","date_gmt":"2023-12-11T12:13:33","guid":{"rendered":"https:\/\/focotocantinense.com.br\/?p=6438"},"modified":"2023-12-11T09:13:33","modified_gmt":"2023-12-11T12:13:33","slug":"antonio-andrade-prestigia-confraternizacao-do-ciretran-em-porto-nacional","status":"publish","type":"post","link":"https:\/\/focotocantinense.com.br\/?p=6438","title":{"rendered":"Antonio Andrade prestigia confraterniza\u00e7\u00e3o do CIRETRAN em Porto Nacional"},"content":{"rendered":"\n<p>Convidado pelo diretor da Unidade Bruno Almeida, o parlamentar compareceu ao lado de sua esposa, Virg\u00ednia Andrade<\/p>\n\n\n\n<p>O deputado federal Antonio Andrade esteve presente na noite deste s\u00e1bado, 9 de dezembro, em evento promovido pelo CIRETRAN de Porto Nacional no Espa\u00e7o Colm\u00e9ia em celebra\u00e7\u00e3o aos objetivos atingidos em 2023.<\/p>\n\n\n\n<p>Marcelo Parente, que \u00e9 representante das Auto Escolas de Porto Nacional e o diretor do Hospital Regional do munic\u00edpio, Welson Almeida, tamb\u00e9m prestigiaram a solenidade.<\/p>\n\n\n\n<p>Na oportunidade, o deputado agradeceu pelo acolhimento, e frisou que momentos de celebra\u00e7\u00e3o como esse reunindo amigos e colaboradores para comemorar um ano de conquistas \u00e9 de suma import\u00e2ncia, pois, ser grato \u00e9 o que faz com que tudo d\u00ea certo no final.<\/p>\n\n\n\n<p>\u201cParabenizo o Bruno Almeida e toda sua equipe pela bela administra\u00e7\u00e3o na unidade, com garra e muita expertise desse jovem o CIRETRAN de Porto Nacional tem se tornado uma refer\u00eancia\u201d, enfatizou Antonio Andrade.<\/p>\n\n\n\n<p>Virg\u00ednia Andrade, tamb\u00e9m parabenizou todos os servidores e frisou a importante colabora\u00e7\u00e3o das mulheres no sucesso da unidade. Virg\u00ednia finalizou sua fala convidando todos os presentes para fazer uma ora\u00e7\u00e3o em agradecimento.<\/p>\n\n\n\n<p>Assessoria de Comunica\u00e7\u00e3o \u2013 Deputado Federal Antonio Andrade<\/p>\n","protected":false},"excerpt":{"rendered":"<p>Convidado pelo diretor da Unidade Bruno Almeida, o parlamentar compareceu ao lado de sua esposa, Virg\u00ednia Andrade O deputado federal Antonio Andrade esteve presente na noite deste s\u00e1bado, 9 de dezembro, em evento promovido pelo CIRETRAN de Porto Nacional no Espa\u00e7o Colm\u00e9ia em celebra\u00e7\u00e3o aos objetivos atingidos em 2023. Marcelo Parente, que \u00e9 representante das &hellip;<\/p>\n","protected":false},"author":5,"featured_media":6439,"comment_status":"open","ping_status":"open","sticky":false,"template":"","format":"standard","meta":{"footnotes":""},"categories":[1],"tags":[],"class_list":["post-6438","post","type-post","status-publish","format-standard","has-post-thumbnail","","category-sem-categoria"],"_links":{"self":[{"href":"https:\/\/focotocantinense.com.br\/index.php?rest_route=\/wp\/v2\/posts\/6438","targetHints":{"allow":["GET"]}}],"collection":[{"href":"https:\/\/focotocantinense.com.br\/index.php?rest_route=\/wp\/v2\/posts"}],"about":[{"href":"https:\/\/focotocantinense.com.br\/index.php?rest_route=\/wp\/v2\/types\/post"}],"author":[{"embeddable":true,"href":"https:\/\/focotocantinense.com.br\/index.php?rest_route=\/wp\/v2\/users\/5"}],"replies":[{"embeddable":true,"href":"https:\/\/focotocantinense.com.br\/index.php?rest_route=%2Fwp%2Fv2%2Fcomments&post=6438"}],"version-history":[{"count":1,"href":"https:\/\/focotocantinense.com.br\/index.php?rest_route=\/wp\/v2\/posts\/6438\/revisions"}],"predecessor-version":[{"id":6440,"href":"https:\/\/focotocantinense.com.br\/index.php?rest_route=\/wp\/v2\/posts\/6438\/revisions\/6440"}],"wp:featuredmedia":[{"embeddable":true,"href":"https:\/\/focotocantinense.com.br\/index.php?rest_route=\/wp\/v2\/media\/6439"}],"wp:attachment":[{"href":"https:\/\/focotocantinense.com.br\/index.php?rest_route=%2Fwp%2Fv2%2Fmedia&parent=6438"}],"wp:term":[{"taxonomy":"category","embeddable":true,"href":"https:\/\/focotocantinense.com.br\/index.php?rest_route=%2Fwp%2Fv2%2Fcategories&post=6438"},{"taxonomy":"post_tag","embeddable":true,"href":"https:\/\/focotocantinense.com.br\/index.php?rest_route=%2Fwp%2Fv2%2Ftags&post=6438"}],"curies":[{"name":"wp","href":"https:\/\/api.w.org\/{rel}","templated":true}]}}