{"id":6435,"date":"2023-12-11T09:10:53","date_gmt":"2023-12-11T12:10:53","guid":{"rendered":"https:\/\/focotocantinense.com.br\/?p=6435"},"modified":"2023-12-11T09:10:53","modified_gmt":"2023-12-11T12:10:53","slug":"com-presenca-do-deputado-antonio-andrade-finais-da-champions-flu-reune-grande-publico-em-porto-nacional","status":"publish","type":"post","link":"https:\/\/focotocantinense.com.br\/?p=6435","title":{"rendered":"Com presen\u00e7a do deputado Antonio Andrade, finais da Champions Flu re\u00fane grande p\u00fablico em Porto Nacional"},"content":{"rendered":"\n<p>O projeto da Escolinha Flu Porto que refor\u00e7a o incentivo ao esporte conta com cerca de 200 crian\u00e7as de todo o munic\u00edpio<\/p>\n\n\n\n<p>Durante o s\u00e1bado, 9 de dezembro, o deputado federal Antonio Andrade prestigiou as finais do Campeonato Champions Flu, da Escolinha Flu Porto em Porto Nacional, promovida pelo s\u00f3cio propriet\u00e1rio da escolinha, Weber J\u00fanior. O evento contou com a participa\u00e7\u00e3o de alunos e tamb\u00e9m dos pais que al\u00e9m de prestigiar entraram na competi\u00e7\u00e3o participando dos jogos.<\/p>\n\n\n\n<p>Weber J\u00fanior explicou que dos quase 200 alunos 40% possuem bolsa, seja integral ou de 50% para estarem participando do projeto. Al\u00e9m disso, destacou a felicidade em proporcionar uma oportunidade t\u00e3o especial como essa para as crian\u00e7as.<\/p>\n\n\n\n<p>\u201cHoje realizamos as finais do nosso campeonato interno a Champions Flu, onde ocorreram disputas do sub-5 at\u00e9 o sub-13. Todos jogaram e receberam premia\u00e7\u00e3o, inclusive tivemos o jogo das m\u00e3es. \u00c9 Muito bom ver as crian\u00e7as felizes tendo a oportunidade de jogar futebol. Para n\u00f3s, o importante \u00e9 ver as nossas crian\u00e7as contentes\u201d, frisou Weber J\u00fanior.<\/p>\n\n\n\n<p>Na ocasi\u00e3o, Antonio Andrade, que foi apoiador da competi\u00e7\u00e3o, ressaltou o impacto positivo que o esporte causa na vida das crian\u00e7as. \u201cSou um grande defensor das pr\u00e1ticas esportivas, justamente por ter ci\u00eancia do qu\u00e3o ben\u00e9ficas elas s\u00e3o na vida das pessoas, especialmente das nossas crian\u00e7as\u201d, pontuou.<\/p>\n\n\n\n<p>\u201cParabenizo o s\u00f3cio propriet\u00e1rio da escolinha do Fluminense Porto, Weber J\u00fanior, pelo excelente trabalho que vem sendo desenvolvido no munic\u00edpio fomentando o esporte, e estendo os parab\u00e9ns aos pais que com empenho se esfor\u00e7am para manter seus filhos praticando atividades esportivas. O evento foi um sucesso e espero que outras edi\u00e7\u00f5es aconte\u00e7am para continuarmos vendo belos momentos como esse\u201d, concluiu o parlamentar.<\/p>\n\n\n\n<p>Assessoria de Comunica\u00e7\u00e3o \u2013 Deputado Federal Antonio Andrade<\/p>\n","protected":false},"excerpt":{"rendered":"<p>O projeto da Escolinha Flu Porto que refor\u00e7a o incentivo ao esporte conta com cerca de 200 crian\u00e7as de todo o munic\u00edpio Durante o s\u00e1bado, 9 de dezembro, o deputado federal Antonio Andrade prestigiou as finais do Campeonato Champions Flu, da Escolinha Flu Porto em Porto Nacional, promovida pelo s\u00f3cio propriet\u00e1rio da escolinha, Weber J\u00fanior. &hellip;<\/p>\n","protected":false},"author":5,"featured_media":6436,"comment_status":"open","ping_status":"open","sticky":false,"template":"","format":"standard","meta":{"footnotes":""},"categories":[1],"tags":[],"class_list":["post-6435","post","type-post","status-publish","format-standard","has-post-thumbnail","","category-sem-categoria"],"_links":{"self":[{"href":"https:\/\/focotocantinense.com.br\/index.php?rest_route=\/wp\/v2\/posts\/6435","targetHints":{"allow":["GET"]}}],"collection":[{"href":"https:\/\/focotocantinense.com.br\/index.php?rest_route=\/wp\/v2\/posts"}],"about":[{"href":"https:\/\/focotocantinense.com.br\/index.php?rest_route=\/wp\/v2\/types\/post"}],"author":[{"embeddable":true,"href":"https:\/\/focotocantinense.com.br\/index.php?rest_route=\/wp\/v2\/users\/5"}],"replies":[{"embeddable":true,"href":"https:\/\/focotocantinense.com.br\/index.php?rest_route=%2Fwp%2Fv2%2Fcomments&post=6435"}],"version-history":[{"count":1,"href":"https:\/\/focotocantinense.com.br\/index.php?rest_route=\/wp\/v2\/posts\/6435\/revisions"}],"predecessor-version":[{"id":6437,"href":"https:\/\/focotocantinense.com.br\/index.php?rest_route=\/wp\/v2\/posts\/6435\/revisions\/6437"}],"wp:featuredmedia":[{"embeddable":true,"href":"https:\/\/focotocantinense.com.br\/index.php?rest_route=\/wp\/v2\/media\/6436"}],"wp:attachment":[{"href":"https:\/\/focotocantinense.com.br\/index.php?rest_route=%2Fwp%2Fv2%2Fmedia&parent=6435"}],"wp:term":[{"taxonomy":"category","embeddable":true,"href":"https:\/\/focotocantinense.com.br\/index.php?rest_route=%2Fwp%2Fv2%2Fcategories&post=6435"},{"taxonomy":"post_tag","embeddable":true,"href":"https:\/\/focotocantinense.com.br\/index.php?rest_route=%2Fwp%2Fv2%2Ftags&post=6435"}],"curies":[{"name":"wp","href":"https:\/\/api.w.org\/{rel}","templated":true}]}}