{"id":6432,"date":"2023-12-11T09:07:19","date_gmt":"2023-12-11T12:07:19","guid":{"rendered":"https:\/\/focotocantinense.com.br\/?p=6432"},"modified":"2023-12-11T09:07:20","modified_gmt":"2023-12-11T12:07:20","slug":"antonio-andrade-participa-de-evento-com-empresarios-em-palmas","status":"publish","type":"post","link":"https:\/\/focotocantinense.com.br\/?p=6432","title":{"rendered":"Antonio Andrade participa de evento com empres\u00e1rios em Palmas"},"content":{"rendered":"\n<p>Al\u00e9m de celebrar importante parceria do Frigor\u00edfico Goi\u00e1s e da empresa Tio Elio, o encontro proporcionou debates sobre as oportunidades de neg\u00f3cios que o mercado tocantinense oferece<\/p>\n\n\n\n<p>Com o objetivo de estimular cada vez mais o desenvolvimento econ\u00f4mico e social no Tocantins, o deputado federal Antonio Andrade prestigiou na noite desta sexta-feira, 8 de dezembro, um grande evento promovido pelos empres\u00e1rios Leonardo da Porto Cereais e Andr\u00e9 do frigor\u00edfico Goi\u00e1s na capital Palmas.<\/p>\n\n\n\n<p>Na ocasi\u00e3o, estiveram presentes empres\u00e1rios dos mais diversos segmentos, pol\u00edticos, e o superintendente do Banco da Amaz\u00f4nia, Edmar Bernaldino.<\/p>\n\n\n\n<p>Al\u00e9m de confraternizar a virada de chave na vida dos empres\u00e1rios, o evento tamb\u00e9m proporcionou tratativas importantes sobre o cen\u00e1rio econ\u00f4mico no Estado.<\/p>\n\n\n\n<p>Antonio Andrade destacou em sua fala a import\u00e2ncia da uni\u00e3o entre os setores p\u00fablico e privado. Esses encontros s\u00e3o muito importantes pois aproximam os empres\u00e1rios do poder p\u00fablico, e isso \u00e9 essencial. Trabalhando em a\u00e7\u00f5es conjuntas podemos fazer com que o Tocantins cres\u00e7a a cada dia, gerando empregos e renda&#8221;, ressaltou.<\/p>\n\n\n\n<p>&#8220;Parabenizo o Leonardo e o Andr\u00e9 pelo sucesso, est\u00e3o ampliando seus neg\u00f3cios e o grupo s\u00f3 tem a crescer investindo no Estado, isso \u00e9 motivo de muita alegria\u201d, concluiu o parlamentar.<\/p>\n\n\n\n<p>Assessoria de Comunica\u00e7\u00e3o \u2013 Deputado Federal Antonio Andrade<\/p>\n","protected":false},"excerpt":{"rendered":"<p>Al\u00e9m de celebrar importante parceria do Frigor\u00edfico Goi\u00e1s e da empresa Tio Elio, o encontro proporcionou debates sobre as oportunidades de neg\u00f3cios que o mercado tocantinense oferece Com o objetivo de estimular cada vez mais o desenvolvimento econ\u00f4mico e social no Tocantins, o deputado federal Antonio Andrade prestigiou na noite desta sexta-feira, 8 de dezembro, &hellip;<\/p>\n","protected":false},"author":5,"featured_media":6433,"comment_status":"open","ping_status":"open","sticky":false,"template":"","format":"standard","meta":{"footnotes":""},"categories":[1],"tags":[],"class_list":["post-6432","post","type-post","status-publish","format-standard","has-post-thumbnail","","category-sem-categoria"],"_links":{"self":[{"href":"https:\/\/focotocantinense.com.br\/index.php?rest_route=\/wp\/v2\/posts\/6432","targetHints":{"allow":["GET"]}}],"collection":[{"href":"https:\/\/focotocantinense.com.br\/index.php?rest_route=\/wp\/v2\/posts"}],"about":[{"href":"https:\/\/focotocantinense.com.br\/index.php?rest_route=\/wp\/v2\/types\/post"}],"author":[{"embeddable":true,"href":"https:\/\/focotocantinense.com.br\/index.php?rest_route=\/wp\/v2\/users\/5"}],"replies":[{"embeddable":true,"href":"https:\/\/focotocantinense.com.br\/index.php?rest_route=%2Fwp%2Fv2%2Fcomments&post=6432"}],"version-history":[{"count":1,"href":"https:\/\/focotocantinense.com.br\/index.php?rest_route=\/wp\/v2\/posts\/6432\/revisions"}],"predecessor-version":[{"id":6434,"href":"https:\/\/focotocantinense.com.br\/index.php?rest_route=\/wp\/v2\/posts\/6432\/revisions\/6434"}],"wp:featuredmedia":[{"embeddable":true,"href":"https:\/\/focotocantinense.com.br\/index.php?rest_route=\/wp\/v2\/media\/6433"}],"wp:attachment":[{"href":"https:\/\/focotocantinense.com.br\/index.php?rest_route=%2Fwp%2Fv2%2Fmedia&parent=6432"}],"wp:term":[{"taxonomy":"category","embeddable":true,"href":"https:\/\/focotocantinense.com.br\/index.php?rest_route=%2Fwp%2Fv2%2Fcategories&post=6432"},{"taxonomy":"post_tag","embeddable":true,"href":"https:\/\/focotocantinense.com.br\/index.php?rest_route=%2Fwp%2Fv2%2Ftags&post=6432"}],"curies":[{"name":"wp","href":"https:\/\/api.w.org\/{rel}","templated":true}]}}