{"id":6428,"date":"2023-12-11T09:02:42","date_gmt":"2023-12-11T12:02:42","guid":{"rendered":"https:\/\/focotocantinense.com.br\/?p=6428"},"modified":"2023-12-11T09:02:42","modified_gmt":"2023-12-11T12:02:42","slug":"deputado-antonio-andrade-e-homenageado-em-torneio-de-futebol-entre-os-amigos-do-leo-almeida-e-amigos-do-cantuario","status":"publish","type":"post","link":"https:\/\/focotocantinense.com.br\/?p=6428","title":{"rendered":"Deputado Antonio Andrade \u00e9 homenageado em torneio de futebol entre os Amigos do L\u00e9o Almeida e Amigos do Cantu\u00e1rio"},"content":{"rendered":"\n<p>O jogo movimentou a agenda esportiva em Porto Nacional e refor\u00e7ou a tradi\u00e7\u00e3o da disputa entre as duas equipes<\/p>\n\n\n\n<p>O deputado federal Antonio Andrade, apoia e incentiva o futebol amador em todo o Tocantins, e neste domingo, 9 de dezembro, ele esteve em mais uma a\u00e7\u00e3o voltada para a valoriza\u00e7\u00e3o da modalidade esportiva em Porto Nacional, onde em um momento muito especial foi homenageado por todo o trabalho prestado ao longo dos anos atuando em prol da popula\u00e7\u00e3o.<\/p>\n\n\n\n<p>Tamb\u00e9m marcaram presen\u00e7a no jogo amistoso, o ex-prefeito de Porto Nacional, Otoniel Andrade e o vereador Tony Andrade.<\/p>\n\n\n\n<p>O evento, realizado no Clube dos Comerci\u00e1rios, no qual o parlamentar esteve foi o jogo de volta entre a equipe de Porto Nacional (sede) e o time de Luzimangues. A primeira partida aconteceu no distrito no dia 18 de novembro e por l\u00e1 a equipe de Luzimangues levou a melhor vencendo o jogo por 2 X 1. Na partida deste domingo, mais uma vez o time de Luzimangues saiu vencedor.<\/p>\n\n\n\n<p>Ao fim do jogo, Antonio Andrade frisou a import\u00e2ncia da competi\u00e7\u00e3o que j\u00e1 se tornou uma tradi\u00e7\u00e3o, e tamb\u00e9m agradeceu pela homenagem recebida. \u201c\u00c9 importante enquanto agentes p\u00fablicos estarmos presentes nessas competi\u00e7\u00f5es que fortalecem o esp\u00edrito esportivo. Vai muito al\u00e9m de uma simples competi\u00e7\u00e3o, gera entretenimento e alegria para os participantes e todo o p\u00fablico presente\u201d, ressaltou.<\/p>\n\n\n\n<p>\u201cFico muito feliz de ver isso acontecendo, poder prestigiar e participar deste momento e ainda ter a honra de ser homenageado, meu sentimento \u00e9 de muita gratid\u00e3o\u201d, finalizou o deputado.<\/p>\n\n\n\n<p>Rela\u00e7\u00e3o dos Amigos do L\u00e9o Almeida<br>Cl\u00e1udio Albuquerque, Tony Andrade, M\u00e1rio Pimenta, Jr. Moreno, Edu Tavares, Rafa Mel, lhering, Diogo Contador, Paulinho Taboca, Paulinho Mirim, Edioney, Marcelino, Tony Andrade, Toinho Andrade, Seladinho, Jannair, Athos Gomes, Djalma Ara\u00fajo, Rhilton Cavalo, Carlos MMago, Oraldo, Hudson Pureza e Igor Bolinha.<br>T\u00e9cnico: Breno M\u00e1rio<br>Assistente t\u00e9cnico: Zequinha Rodrigues<br>Diretor T\u00e9cnic: Edgar<\/p>\n\n\n\n<p>Rela\u00e7\u00e3o dos atletas amigos do Josivan Cantu\u00e1rio<br>Gordin show, Pez\u00e3o, Valdir, Aurilio, Kiko, Nen\u00e9m, Vuzu, Edson, Cleiton, Brun\u00e3o, Adriano, Andrezinho, Leone, Rivaldo, Jessimar, Marcelinho, Segivaldo e cleidivam.<\/p>\n\n\n\n<p>Assessoria de Comunica\u00e7\u00e3o \u2013 Deputado Federal Antonio Andrade<\/p>\n","protected":false},"excerpt":{"rendered":"<p>O jogo movimentou a agenda esportiva em Porto Nacional e refor\u00e7ou a tradi\u00e7\u00e3o da disputa entre as duas equipes O deputado federal Antonio Andrade, apoia e incentiva o futebol amador em todo o Tocantins, e neste domingo, 9 de dezembro, ele esteve em mais uma a\u00e7\u00e3o voltada para a valoriza\u00e7\u00e3o da modalidade esportiva em Porto &hellip;<\/p>\n","protected":false},"author":5,"featured_media":6429,"comment_status":"open","ping_status":"open","sticky":false,"template":"","format":"standard","meta":{"footnotes":""},"categories":[1],"tags":[],"class_list":["post-6428","post","type-post","status-publish","format-standard","has-post-thumbnail","","category-sem-categoria"],"_links":{"self":[{"href":"https:\/\/focotocantinense.com.br\/index.php?rest_route=\/wp\/v2\/posts\/6428","targetHints":{"allow":["GET"]}}],"collection":[{"href":"https:\/\/focotocantinense.com.br\/index.php?rest_route=\/wp\/v2\/posts"}],"about":[{"href":"https:\/\/focotocantinense.com.br\/index.php?rest_route=\/wp\/v2\/types\/post"}],"author":[{"embeddable":true,"href":"https:\/\/focotocantinense.com.br\/index.php?rest_route=\/wp\/v2\/users\/5"}],"replies":[{"embeddable":true,"href":"https:\/\/focotocantinense.com.br\/index.php?rest_route=%2Fwp%2Fv2%2Fcomments&post=6428"}],"version-history":[{"count":2,"href":"https:\/\/focotocantinense.com.br\/index.php?rest_route=\/wp\/v2\/posts\/6428\/revisions"}],"predecessor-version":[{"id":6431,"href":"https:\/\/focotocantinense.com.br\/index.php?rest_route=\/wp\/v2\/posts\/6428\/revisions\/6431"}],"wp:featuredmedia":[{"embeddable":true,"href":"https:\/\/focotocantinense.com.br\/index.php?rest_route=\/wp\/v2\/media\/6429"}],"wp:attachment":[{"href":"https:\/\/focotocantinense.com.br\/index.php?rest_route=%2Fwp%2Fv2%2Fmedia&parent=6428"}],"wp:term":[{"taxonomy":"category","embeddable":true,"href":"https:\/\/focotocantinense.com.br\/index.php?rest_route=%2Fwp%2Fv2%2Fcategories&post=6428"},{"taxonomy":"post_tag","embeddable":true,"href":"https:\/\/focotocantinense.com.br\/index.php?rest_route=%2Fwp%2Fv2%2Ftags&post=6428"}],"curies":[{"name":"wp","href":"https:\/\/api.w.org\/{rel}","templated":true}]}}