{"id":6418,"date":"2023-12-07T18:31:08","date_gmt":"2023-12-07T21:31:08","guid":{"rendered":"https:\/\/focotocantinense.com.br\/?p=6418"},"modified":"2023-12-07T18:31:09","modified_gmt":"2023-12-07T21:31:09","slug":"academia-de-letras-de-araguaina-leva-acao-de-incentivo-a-leitura-para-beneficiarios-de-programas-sociais-em-araguaina","status":"publish","type":"post","link":"https:\/\/focotocantinense.com.br\/?p=6418","title":{"rendered":"Academia de Letras de Aragua\u00edna leva a\u00e7\u00e3o de incentivo a leitura para benefici\u00e1rios de Programas Sociais em Aragua\u00edna"},"content":{"rendered":"\n<p>Nesta quarta-feira, 06, membros da Academia de Letras de Aragua\u00edna \u2013 Acalanto, realizaram uma a\u00e7\u00e3o de apresenta\u00e7\u00e3o da Academia para os benefici\u00e1rios do CRAS \u2013 Centro de Refer\u00eancia de Assist\u00eancia Social do Setor C\u00e9u Azul em Aragua\u00edna.<\/p>\n\n\n\n<p><strong>Acompanhe o Correio do Bico no&nbsp;<a href=\"https:\/\/www.instagram.com\/correiodobico\/\" target=\"_blank\" rel=\"noreferrer noopener\">Instagram<\/a>&nbsp;e no&nbsp;<a href=\"https:\/\/www.facebook.com\/portalcorreriodobico\/\" target=\"_blank\" rel=\"noreferrer noopener\">Facebook<\/a><\/strong><\/p>\n\n\n\n<p>Os acad\u00eamicos apresentaram os textos de suas autorias, constru\u00edram uma comunica\u00e7\u00e3o dial\u00f3gica com as crian\u00e7as e adolescentes da institui\u00e7\u00e3o e mais uma vez fizeram a poesia ficar presente no encontro com os usu\u00e1rios do servi\u00e7o social.<\/p>\n\n\n\n<p>Os poetas e escritores, usaram uma forma simples de se comunicar com os espectadores que atentos interagiram com os palestrantes, que transforaram o encontro em uma roda de conversa que excedeu os limites da simples comunica\u00e7\u00e3o e adentrou ao campo da admira\u00e7\u00e3o pelo of\u00edcio de escrever.O encontro \u00e9 uma parceria da Acalanto com a Secretaria de Assist\u00eancia Social e a Prefeitura Municipal de Aragua\u00edna, que tem levado aos alunos um pouco das atividades da Academia de Letras com a presen\u00e7a dos membros da entidade falando sobre literatura e o processo da escrita.<\/p>\n\n\n\n<p>Os alunos tamb\u00e9m foram agraciados com o sorteio de livros de obras de escritores de Aragua\u00edna como a acad\u00eamica Sueli Marques.&nbsp;<\/p>\n\n\n\n<p><strong>Presen\u00e7as\u00a0<\/strong><\/p>\n\n\n\n<p>Estavam presentes os escritores Zequinha Decolores, o Presidente da Academia de Letras de Aragua\u00edna, Alexandre Brito, Luiz Aparecido, Suely Marques e a escritora Damarys Ferraz da Academia de Letras Juvenil de Aragua\u00edna, Educadores Sociais, Servidores P\u00fablicos e estudantes atentos \u00e0 fala dos escritores.<\/p>\n\n\n\n<figure class=\"wp-block-image size-large\"><img loading=\"lazy\" decoding=\"async\" width=\"1024\" height=\"600\" src=\"https:\/\/focotocantinense.com.br\/wp-content\/uploads\/2023\/12\/cover-academia-de-letras-de-araguaina-leva-acao-de-incentivo-a-leitura-para-beneficiarios-de-programas-sociais-em-araguaina-1140x668-34aade36-1024x600.jpg\" alt=\"\" class=\"wp-image-6419\" srcset=\"https:\/\/focotocantinense.com.br\/wp-content\/uploads\/2023\/12\/cover-academia-de-letras-de-araguaina-leva-acao-de-incentivo-a-leitura-para-beneficiarios-de-programas-sociais-em-araguaina-1140x668-34aade36-1024x600.jpg 1024w, https:\/\/focotocantinense.com.br\/wp-content\/uploads\/2023\/12\/cover-academia-de-letras-de-araguaina-leva-acao-de-incentivo-a-leitura-para-beneficiarios-de-programas-sociais-em-araguaina-1140x668-34aade36-300x176.jpg 300w, https:\/\/focotocantinense.com.br\/wp-content\/uploads\/2023\/12\/cover-academia-de-letras-de-araguaina-leva-acao-de-incentivo-a-leitura-para-beneficiarios-de-programas-sociais-em-araguaina-1140x668-34aade36-768x450.jpg 768w, https:\/\/focotocantinense.com.br\/wp-content\/uploads\/2023\/12\/cover-academia-de-letras-de-araguaina-leva-acao-de-incentivo-a-leitura-para-beneficiarios-de-programas-sociais-em-araguaina-1140x668-34aade36.jpg 1140w\" sizes=\"auto, (max-width: 1024px) 100vw, 1024px\" \/><\/figure>\n\n\n\n<p><\/p>\n\n\n\n<figure class=\"wp-block-image size-large\"><img loading=\"lazy\" decoding=\"async\" width=\"1024\" height=\"461\" src=\"https:\/\/focotocantinense.com.br\/wp-content\/uploads\/2023\/12\/image-1024x461.png\" alt=\"\" class=\"wp-image-6420\" srcset=\"https:\/\/focotocantinense.com.br\/wp-content\/uploads\/2023\/12\/image-1024x461.png 1024w, https:\/\/focotocantinense.com.br\/wp-content\/uploads\/2023\/12\/image-300x135.png 300w, https:\/\/focotocantinense.com.br\/wp-content\/uploads\/2023\/12\/image-768x346.png 768w, https:\/\/focotocantinense.com.br\/wp-content\/uploads\/2023\/12\/image-1536x691.png 1536w, https:\/\/focotocantinense.com.br\/wp-content\/uploads\/2023\/12\/image.png 1600w\" sizes=\"auto, (max-width: 1024px) 100vw, 1024px\" \/><\/figure>\n\n\n\n<p><\/p>\n\n\n\n<figure class=\"wp-block-image size-full is-resized\"><img loading=\"lazy\" decoding=\"async\" width=\"640\" height=\"193\" src=\"https:\/\/focotocantinense.com.br\/wp-content\/uploads\/2023\/12\/VINI_181.jpg\" alt=\"\" class=\"wp-image-6383\" style=\"width:840px;height:auto\" srcset=\"https:\/\/focotocantinense.com.br\/wp-content\/uploads\/2023\/12\/VINI_181.jpg 640w, https:\/\/focotocantinense.com.br\/wp-content\/uploads\/2023\/12\/VINI_181-300x90.jpg 300w\" sizes=\"auto, (max-width: 640px) 100vw, 640px\" \/><\/figure>\n\n\n\n<p><\/p>\n\n\n\n<figure class=\"wp-block-image size-large\"><img loading=\"lazy\" decoding=\"async\" width=\"1024\" height=\"576\" src=\"https:\/\/focotocantinense.com.br\/wp-content\/uploads\/2023\/12\/image-1-1024x576.png\" alt=\"\" class=\"wp-image-6421\" srcset=\"https:\/\/focotocantinense.com.br\/wp-content\/uploads\/2023\/12\/image-1-1024x576.png 1024w, https:\/\/focotocantinense.com.br\/wp-content\/uploads\/2023\/12\/image-1-300x169.png 300w, https:\/\/focotocantinense.com.br\/wp-content\/uploads\/2023\/12\/image-1-768x432.png 768w, https:\/\/focotocantinense.com.br\/wp-content\/uploads\/2023\/12\/image-1-1536x864.png 1536w, https:\/\/focotocantinense.com.br\/wp-content\/uploads\/2023\/12\/image-1.png 1600w\" sizes=\"auto, (max-width: 1024px) 100vw, 1024px\" \/><\/figure>\n","protected":false},"excerpt":{"rendered":"<p>Nesta quarta-feira, 06, membros da Academia de Letras de Aragua\u00edna \u2013 Acalanto, realizaram uma a\u00e7\u00e3o de apresenta\u00e7\u00e3o da Academia para os benefici\u00e1rios do CRAS \u2013 Centro de Refer\u00eancia de Assist\u00eancia Social do Setor C\u00e9u Azul em Aragua\u00edna. Acompanhe o Correio do Bico no&nbsp;Instagram&nbsp;e no&nbsp;Facebook Os acad\u00eamicos apresentaram os textos de suas autorias, constru\u00edram uma comunica\u00e7\u00e3o &hellip;<\/p>\n","protected":false},"author":5,"featured_media":6419,"comment_status":"open","ping_status":"open","sticky":false,"template":"","format":"standard","meta":{"footnotes":""},"categories":[45],"tags":[],"class_list":["post-6418","post","type-post","status-publish","format-standard","has-post-thumbnail","","category-araguaina"],"_links":{"self":[{"href":"https:\/\/focotocantinense.com.br\/index.php?rest_route=\/wp\/v2\/posts\/6418","targetHints":{"allow":["GET"]}}],"collection":[{"href":"https:\/\/focotocantinense.com.br\/index.php?rest_route=\/wp\/v2\/posts"}],"about":[{"href":"https:\/\/focotocantinense.com.br\/index.php?rest_route=\/wp\/v2\/types\/post"}],"author":[{"embeddable":true,"href":"https:\/\/focotocantinense.com.br\/index.php?rest_route=\/wp\/v2\/users\/5"}],"replies":[{"embeddable":true,"href":"https:\/\/focotocantinense.com.br\/index.php?rest_route=%2Fwp%2Fv2%2Fcomments&post=6418"}],"version-history":[{"count":1,"href":"https:\/\/focotocantinense.com.br\/index.php?rest_route=\/wp\/v2\/posts\/6418\/revisions"}],"predecessor-version":[{"id":6422,"href":"https:\/\/focotocantinense.com.br\/index.php?rest_route=\/wp\/v2\/posts\/6418\/revisions\/6422"}],"wp:featuredmedia":[{"embeddable":true,"href":"https:\/\/focotocantinense.com.br\/index.php?rest_route=\/wp\/v2\/media\/6419"}],"wp:attachment":[{"href":"https:\/\/focotocantinense.com.br\/index.php?rest_route=%2Fwp%2Fv2%2Fmedia&parent=6418"}],"wp:term":[{"taxonomy":"category","embeddable":true,"href":"https:\/\/focotocantinense.com.br\/index.php?rest_route=%2Fwp%2Fv2%2Fcategories&post=6418"},{"taxonomy":"post_tag","embeddable":true,"href":"https:\/\/focotocantinense.com.br\/index.php?rest_route=%2Fwp%2Fv2%2Ftags&post=6418"}],"curies":[{"name":"wp","href":"https:\/\/api.w.org\/{rel}","templated":true}]}}