{"id":6409,"date":"2023-12-05T20:54:28","date_gmt":"2023-12-05T23:54:28","guid":{"rendered":"https:\/\/focotocantinense.com.br\/?p=6409"},"modified":"2023-12-05T20:54:29","modified_gmt":"2023-12-05T23:54:29","slug":"medalhista-de-ouro-nas-paraolimpiadas-escolares-2023-marcos-felipe-e-recebido-com-festa-em-tocantinia","status":"publish","type":"post","link":"https:\/\/focotocantinense.com.br\/?p=6409","title":{"rendered":"Medalhista de Ouro nas Paraolimp\u00edadas Escolares 2023, Marcos Felipe \u00e9 recebido com festa em Tocant\u00ednia"},"content":{"rendered":"\n<p><strong>Por Zacarias Martins<\/strong><\/p>\n\n\n\n<p>Tocant\u00ednia &nbsp;amanheceu em festa nesta ter\u00e7a-feira, dia 5, para homenagear o paratleta que conquistou a Medalha de Ouro na prova de arremesso, realizada no s\u00e1bado, dia 2, durante&nbsp; &nbsp;a realiza\u00e7\u00e3o das Paraolimp\u00edadas Escolares 2023, em S\u00e3o Paulo.<\/p>\n\n\n\n<p>Trata-se de Marcos Felipe Rocha Soares Rodrigues, aluno do 8\u00b0ano da Escola Municipal Benvindo Souza Luz, localizada no Assentamento \u00c1gua Fria II.<\/p>\n\n\n\n<p>Na sua volta \u00e0 Tocant\u00ednia, Marcos Felipe foi recepcionado com uma movimentada carreata pelas principais ruas da sua cidade e que contou com a participa\u00e7\u00e3o de autoridades como o prefeito Manoel Silvino, o vice-prefeito, Jo\u00e3o Alberto, al\u00e9m de vereadores, secret\u00e1rios e&nbsp; cidad\u00e3os da cidade. Todos queriam prestar sua homenagem a esse paratleta tocantiniense.<\/p>\n\n\n\n<p>Ao parabenizar Marcos Felipe por esse importante conquista, o prefeito Manoel Silvino falou da sua emo\u00e7\u00e3o nesse momento. &nbsp;<\/p>\n\n\n\n<p>\u201c\u00c9 gratificante vermos esse nosso paratleta enaltecendo o nome da nossa cidade numa importante competi\u00e7\u00e3o nacional realizada em outro Estado. Estamos orgulhosos do resultado merecidamente conquistado pelo Marcos Felipe nessa competi\u00e7\u00e3o\u201d, afirmou Manoel Silvino, destacando que a administra\u00e7\u00e3o municipal de Tocant\u00ednia tem colocado em pr\u00e1tica v\u00e1rias &nbsp;a\u00e7\u00f5es para a inclus\u00e3o aos alunos da Rede Municipal de Educa\u00e7\u00e3o<\/p>\n\n\n\n<p>O secret\u00e1rio de Educa\u00e7\u00e3o do munic\u00edpio, professor Andr\u00e9 Goveia, fez quest\u00e3o de prestigiar o acontecimento e destacou a participa\u00e7\u00e3o do aluno na competi\u00e7\u00e3o, parabenizando-o pela conquista.<\/p>\n\n\n\n<p>\u201cEstamos orgulhosos do Marcos Felipe, que soube muito bem representar o nosso munic\u00edpio nas &nbsp;Paraolimp\u00edadas Escolares, trazendo uma Medalha de Ouro para Tocant\u00ednia\u201d, afirmou o secret\u00e1rio.<\/p>\n\n\n\n<p>Sentimento de alegria tamb\u00e9m compartilhado pelo vice-prefeito Jo\u00e3o Alberto, que parabenizou o aluno por sua in\u00e9dita conquista para o munic\u00edpio.<\/p>\n\n\n\n<p><strong>Reconhecimento<\/strong><\/p>\n\n\n\n<p>O gestor da unidade escolar onde Marcos Felipe estuda, Nilton Nonato da Costa Gomes, tamb\u00e9m parabenizou o aluno pela sua &nbsp;conquista, e aproveitou para destacar o trabalho do professor e t\u00e9cnico&nbsp; Rafael Gabarr\u00e3o, que iniciou e incluiu o aluno nos jogos paraol\u00edmpicos.&nbsp; Tamb\u00e9m citou o importante trabalho realizado pela professora e treinadora Railane Nonata dos Santos que treinou e preparou o aluno para a participa\u00e7\u00e3o nos jogos<\/p>\n\n\n\n<figure class=\"wp-block-image\"><img decoding=\"async\" src=\"http:\/\/n1to.com.br\/img\/uploads\/5_-_Carreata_para_paratleta_de_Tocaninia.jpg\" alt=\"\"\/><\/figure>\n\n\n\n<figure class=\"wp-block-image\"><img decoding=\"async\" src=\"http:\/\/n1to.com.br\/img\/uploads\/1_-_Carreata_para_paratleta_de_Tocaninia.jpg\" alt=\"\"\/><\/figure>\n\n\n\n<figure class=\"wp-block-image\"><img decoding=\"async\" src=\"http:\/\/n1to.com.br\/img\/uploads\/3-_-_Carreata_para_paratleta_de_Tocaninia.jpg\" alt=\"\"\/><\/figure>\n\n\n\n<figure class=\"wp-block-image\"><img decoding=\"async\" src=\"http:\/\/n1to.com.br\/img\/uploads\/4_-_Carreata_para_paratleta_de_Tocaninia.jpg\" alt=\"\"\/><\/figure>\n\n\n\n<figure class=\"wp-block-image\"><img decoding=\"async\" src=\"http:\/\/n1to.com.br\/img\/uploads\/6_-_Carreata_para_paratleta_de_Tocaninia.jpg\" alt=\"\"\/><\/figure>\n\n\n\n<figure class=\"wp-block-image\"><img decoding=\"async\" src=\"http:\/\/n1to.com.br\/img\/uploads\/7_-_Carreata_para_paratleta_de_Tocaninia.jpg\" alt=\"\"\/><\/figure>\n\n\n\n<figure class=\"wp-block-image is-resized\"><img decoding=\"async\" src=\"http:\/\/n1to.com.br\/img\/uploads\/VINI_181_26.jpg\" alt=\"\" style=\"width:840px;height:auto\"\/><\/figure>\n","protected":false},"excerpt":{"rendered":"<p>Por Zacarias Martins Tocant\u00ednia &nbsp;amanheceu em festa nesta ter\u00e7a-feira, dia 5, para homenagear o paratleta que conquistou a Medalha de Ouro na prova de arremesso, realizada no s\u00e1bado, dia 2, durante&nbsp; &nbsp;a realiza\u00e7\u00e3o das Paraolimp\u00edadas Escolares 2023, em S\u00e3o Paulo. Trata-se de Marcos Felipe Rocha Soares Rodrigues, aluno do 8\u00b0ano da Escola Municipal Benvindo Souza &hellip;<\/p>\n","protected":false},"author":5,"featured_media":6410,"comment_status":"open","ping_status":"open","sticky":false,"template":"","format":"standard","meta":{"footnotes":""},"categories":[78],"tags":[],"class_list":["post-6409","post","type-post","status-publish","format-standard","has-post-thumbnail","","category-tocantinia"],"_links":{"self":[{"href":"https:\/\/focotocantinense.com.br\/index.php?rest_route=\/wp\/v2\/posts\/6409","targetHints":{"allow":["GET"]}}],"collection":[{"href":"https:\/\/focotocantinense.com.br\/index.php?rest_route=\/wp\/v2\/posts"}],"about":[{"href":"https:\/\/focotocantinense.com.br\/index.php?rest_route=\/wp\/v2\/types\/post"}],"author":[{"embeddable":true,"href":"https:\/\/focotocantinense.com.br\/index.php?rest_route=\/wp\/v2\/users\/5"}],"replies":[{"embeddable":true,"href":"https:\/\/focotocantinense.com.br\/index.php?rest_route=%2Fwp%2Fv2%2Fcomments&post=6409"}],"version-history":[{"count":1,"href":"https:\/\/focotocantinense.com.br\/index.php?rest_route=\/wp\/v2\/posts\/6409\/revisions"}],"predecessor-version":[{"id":6411,"href":"https:\/\/focotocantinense.com.br\/index.php?rest_route=\/wp\/v2\/posts\/6409\/revisions\/6411"}],"wp:featuredmedia":[{"embeddable":true,"href":"https:\/\/focotocantinense.com.br\/index.php?rest_route=\/wp\/v2\/media\/6410"}],"wp:attachment":[{"href":"https:\/\/focotocantinense.com.br\/index.php?rest_route=%2Fwp%2Fv2%2Fmedia&parent=6409"}],"wp:term":[{"taxonomy":"category","embeddable":true,"href":"https:\/\/focotocantinense.com.br\/index.php?rest_route=%2Fwp%2Fv2%2Fcategories&post=6409"},{"taxonomy":"post_tag","embeddable":true,"href":"https:\/\/focotocantinense.com.br\/index.php?rest_route=%2Fwp%2Fv2%2Ftags&post=6409"}],"curies":[{"name":"wp","href":"https:\/\/api.w.org\/{rel}","templated":true}]}}