{"id":6407,"date":"2023-12-05T07:35:33","date_gmt":"2023-12-05T10:35:33","guid":{"rendered":"https:\/\/focotocantinense.com.br\/?p=6407"},"modified":"2023-12-05T07:35:34","modified_gmt":"2023-12-05T10:35:34","slug":"deputado-antonio-andrade-prestigia-o-1-cicloturismo-dos-brutos-em-porto-nacional-2","status":"publish","type":"post","link":"https:\/\/focotocantinense.com.br\/?p=6407","title":{"rendered":"Deputado Antonio Andrade prestigia o 1\u00b0 Cicloturismo dos Brutos em Porto Nacional"},"content":{"rendered":"\n<p>Incentivador dos esportes, o parlamentar foi um dos parceiros do evento<\/p>\n\n\n\n<p>Foi realizado na manh\u00e3 deste domingo, 03 de dezembro, o 1\u00b0 Cicloturismo dos Brutos, competi\u00e7\u00e3o de mountain bike que reuniu mais de 100 atletas entre homens e mulheres de v\u00e1rios munic\u00edpios do estado, incluindo; Alvorada do Tocantins, Almas, Bernardo Say\u00e3o, Natividade, Palmas e do Distrito de Taquaru\u00e7u que vieram prestigiar o evento. O percurso foi de 46 km, a maior parte do trajeto ocorreu em estradas vicinais.<\/p>\n\n\n\n<p>A disputa foi realizada pela equipe de pedal Brutos do Cerrado, a qual tem \u00e0 frente o professor Ronaldo Gomes e contou com apoio do deputado federal Antonio Andrade, que fez quest\u00e3o de comparecer ao lado de sua esposa Virg\u00ednia Andrade na competi\u00e7\u00e3o prestigiando os atletas e a equipe organizadora. Na ocasi\u00e3o, o prefeito da cidade de Pedro Afonso, Joaquim Pinheiro, tamb\u00e9m esteve presente juntamente com o deputado.<\/p>\n\n\n\n<p>O idealizador do evento, professor Ronaldo Gomes, destacou em sua fala o apoio crucial do deputado nessa realiza\u00e7\u00e3o, \u201cfoi muito importante contarmos com o apoio do nosso deputado Antonio Andrade, filho de Porto ele entende nossas demandas e anseios e faz o poss\u00edvel para nos atender. Para o munic\u00edpio \u00e9 fundamental o fomento ao esporte, pois temos em nossa cidade atletas com grande potencial, e ele enxerga isso. Estou muito contente e grato por sua ades\u00e3o \u00e0 nossa causa\u201d, explicou.<\/p>\n\n\n\n<p>O super atleta portuense, Ot\u00e1vio Queiroz, que possui as seguintes conquistas, Campe\u00e3o Brasileiro de Mountain Bike XCO, na categoria juvenil (15 e 16 anos) em 2021, Campe\u00e3o da Copa Internacional de Mountain Bike categoria J\u00fanior XCO em 2022, prata no Campeonato Brasileiro de Mountain Bike J\u00fanior em 2023 e prata no Pan-americano Teen Relay XCR 2023, dentre tantas outras vit\u00f3rias, participou da competi\u00e7\u00e3o e agradeceu ao deputado pelo importante incentivo as pr\u00e1ticas esportivas no munic\u00edpio.<\/p>\n\n\n\n<p>\u201cAgrade\u00e7o demais ao deputado Antonio Andrade e a todos os envolvidos nessa realiza\u00e7\u00e3o, \u00e9 disso que n\u00f3s jovens atletas precisamos, de incentivo e de pessoas que realmente acreditem em n\u00f3s e no poder transformador do esporte em nossas vidas\u201d, frisou Ot\u00e1vio Queiroz.<\/p>\n\n\n\n<p>Antonio Andrade aplaudiu os competidores e falou sobre seu comprometimento com a valoriza\u00e7\u00e3o do esporte. \u201c\u00c9 um compromisso meu incentivar o esporte em todas as modalidades, e o ciclismo \u00e9 com certeza uma modalidade que precisa ser ainda mais fortalecida pois tem uma representatividade muito grande no nosso Estado e pelo Brasil afora. Fico muito satisfeito em ajudar, pois sei que estou contribuindo para algo muito positivo\u201d, pontuou.<\/p>\n\n\n\n<p>Ao fim do evento, todos os presentes confraternizaram em um delicioso almo\u00e7o servido em celebra\u00e7\u00e3o ao sucesso do 1\u00b0 Cicloturismo dos Brutos em Porto Nacional.<\/p>\n\n\n\n<p>Assessoria de Comunica\u00e7\u00e3o \u2013 Deputado Federal Antonio Andrade<\/p>\n","protected":false},"excerpt":{"rendered":"<p>Incentivador dos esportes, o parlamentar foi um dos parceiros do evento Foi realizado na manh\u00e3 deste domingo, 03 de dezembro, o 1\u00b0 Cicloturismo dos Brutos, competi\u00e7\u00e3o de mountain bike que reuniu mais de 100 atletas entre homens e mulheres de v\u00e1rios munic\u00edpios do estado, incluindo; Alvorada do Tocantins, Almas, Bernardo Say\u00e3o, Natividade, Palmas e do &hellip;<\/p>\n","protected":false},"author":5,"featured_media":6401,"comment_status":"open","ping_status":"open","sticky":false,"template":"","format":"standard","meta":{"footnotes":""},"categories":[1],"tags":[],"class_list":["post-6407","post","type-post","status-publish","format-standard","has-post-thumbnail","","category-sem-categoria"],"_links":{"self":[{"href":"https:\/\/focotocantinense.com.br\/index.php?rest_route=\/wp\/v2\/posts\/6407","targetHints":{"allow":["GET"]}}],"collection":[{"href":"https:\/\/focotocantinense.com.br\/index.php?rest_route=\/wp\/v2\/posts"}],"about":[{"href":"https:\/\/focotocantinense.com.br\/index.php?rest_route=\/wp\/v2\/types\/post"}],"author":[{"embeddable":true,"href":"https:\/\/focotocantinense.com.br\/index.php?rest_route=\/wp\/v2\/users\/5"}],"replies":[{"embeddable":true,"href":"https:\/\/focotocantinense.com.br\/index.php?rest_route=%2Fwp%2Fv2%2Fcomments&post=6407"}],"version-history":[{"count":1,"href":"https:\/\/focotocantinense.com.br\/index.php?rest_route=\/wp\/v2\/posts\/6407\/revisions"}],"predecessor-version":[{"id":6408,"href":"https:\/\/focotocantinense.com.br\/index.php?rest_route=\/wp\/v2\/posts\/6407\/revisions\/6408"}],"wp:featuredmedia":[{"embeddable":true,"href":"https:\/\/focotocantinense.com.br\/index.php?rest_route=\/wp\/v2\/media\/6401"}],"wp:attachment":[{"href":"https:\/\/focotocantinense.com.br\/index.php?rest_route=%2Fwp%2Fv2%2Fmedia&parent=6407"}],"wp:term":[{"taxonomy":"category","embeddable":true,"href":"https:\/\/focotocantinense.com.br\/index.php?rest_route=%2Fwp%2Fv2%2Fcategories&post=6407"},{"taxonomy":"post_tag","embeddable":true,"href":"https:\/\/focotocantinense.com.br\/index.php?rest_route=%2Fwp%2Fv2%2Ftags&post=6407"}],"curies":[{"name":"wp","href":"https:\/\/api.w.org\/{rel}","templated":true}]}}