{"id":6393,"date":"2023-12-03T17:46:17","date_gmt":"2023-12-03T20:46:17","guid":{"rendered":"https:\/\/focotocantinense.com.br\/?p=6393"},"modified":"2023-12-03T17:51:12","modified_gmt":"2023-12-03T20:51:12","slug":"jornalista-cleber-toledo-e-empossado-na-academia-de-letras-de-araguaina","status":"publish","type":"post","link":"https:\/\/focotocantinense.com.br\/?p=6393","title":{"rendered":"Jornalista Cleber Toledo \u00e9 empossado na Academia de Letras de Aragua\u00edna"},"content":{"rendered":"\n<p><strong>Por Zacarias Martins<\/strong><\/p>\n\n\n\n<p>Durante sess\u00e3o solene da Acalanto \u2013 Academia de Letras de Aragua\u00edna, realizada noite de s\u00e1bado, 2, nas depend\u00eancias &nbsp;do Clube da AABB&nbsp; &nbsp;\u2013 Associa\u00e7\u00e3o Atl\u00e9tica Banco do Brasil,&nbsp; o jornalista e escritor Cl\u00e9ber Toledo, diretor executivo da Coluna do CT,&nbsp; foi empossado no&nbsp; quadro de membros Correspondentes da institui\u00e7\u00e3o.<\/p>\n\n\n\n<p>No universo liter\u00e1rio, Cleber Toledo \u00e9 autor de \u201c2018: crise pol\u00edtica, fiscal e 3 elei\u00e7\u00f5es\u201d (2020), \u201cA noiva e outros contos pol\u00edticos (2023), publicados pela Editora Veloso. Ainda participou com contos do \u201cAnu\u00e1rio de Poetas e Escritores do Tocantins\u201d,&nbsp; nas edi\u00e7\u00f5es &nbsp;de 2021, 2022 e &nbsp;2023.<\/p>\n\n\n\n<p>Na oportunidade do seu ingresso na a Acalanto, Cl\u00e9ber Toledo agradeceu a indica\u00e7\u00e3o de seu nome para compor essa institui\u00e7\u00e3o liter\u00e1ria que \u00e9 uma das mais atuantes no Tocantins.<\/p>\n\n\n\n<p>\u201cSinto-me honrado em agora fazer parte desta importante Casa de &nbsp;Letras que conta&nbsp; com destacados nomes da Literatura Tocantinense. Sempre sombra de d\u00favidas, fazer parte da Acalanto enriquece ainda mais o meu curr\u00edculo liter\u00e1rio\u201d, asseverou Toledo.<\/p>\n\n\n\n<p><strong>Boas-vindas<\/strong><\/p>\n\n\n\n<p>O presidente da Acalanto, Alexandre Gomes de Brito, deu as boas-vindas a Cleber Toledo, destacando suas qualidades, n\u00e3o somente no jornalismo tocantinense, mas, tamb\u00e9m, no universo liter\u00e1rio.<\/p>\n\n\n\n<p>\u201cOs integrantes da Acalanto recebem com muita alegria o ingresso do&nbsp; intelectual Cleber Toledo em seus quadros. Ele chega em boa hora para somar ainda mais com o desenvolvimento da nossa academia\u201d, destacou o presidente.<\/p>\n\n\n\n<p><strong>Outras posses<\/strong><\/p>\n\n\n\n<p>Al\u00e9m de Cl\u00e9ber Toledo, tamb\u00e9m tomaram posse, mas no quadro de Membros Efetivos, os escritores Gutemberg Raposo, Maria da Ajuda, Ju L\u00facia Nascimento e Natanael da Vera Cruz. J\u00e1 na Academia Juvenil de Aragua\u00edna (Ajulva), que faz parte da&nbsp; Acalanto, foram empossados oito novos jovens escritores.<\/p>\n\n\n\n<p><strong>Mais programa\u00e7\u00e3o cultural<\/strong><\/p>\n\n\n\n<p>Na movimentada programa\u00e7\u00e3o&nbsp; festiva teve ainda a entrega da Comenda Maria dos Anjos Carreiro, que foi agraciada ao diretor escolar Jaldo Cruz de Arruda, al\u00e9m da Medalha Euzamar Concesso, &nbsp;aos professores Tayllany Sousa de Mesquita, Socorro de Maria Cardoso da Silva (professora De Maria) e Jo\u00e3o Batista Carneiro de Ara\u00fajo, este \u00faltimo, foi&nbsp; representado pelo professor Eli Duarte.<\/p>\n\n\n\n<p>O evento contou ainda com exposi\u00e7\u00e3o de trabalhos visuais do artista pl\u00e1stico Iguatemy Lopes; apresenta\u00e7\u00e3o do Grupo de Dan\u00e7a Energia R\u00edtmica, do IFTO, performances c\u00eanicas\u00a0 dos artistas performances de Luiz Navarro e Jackson Brand\u00e3o, al\u00e9m de uma primorosa apresenta\u00e7\u00e3o musical do\u00a0 cantor Levi Beltr\u00e3o, que encantou os presentes.<\/p>\n\n\n\n<figure class=\"wp-block-image size-full\"><img loading=\"lazy\" decoding=\"async\" width=\"1024\" height=\"768\" src=\"https:\/\/focotocantinense.com.br\/wp-content\/uploads\/2023\/12\/AAAA.jpg\" alt=\"\" class=\"wp-image-6398\" srcset=\"https:\/\/focotocantinense.com.br\/wp-content\/uploads\/2023\/12\/AAAA.jpg 1024w, https:\/\/focotocantinense.com.br\/wp-content\/uploads\/2023\/12\/AAAA-300x225.jpg 300w, https:\/\/focotocantinense.com.br\/wp-content\/uploads\/2023\/12\/AAAA-768x576.jpg 768w\" sizes=\"auto, (max-width: 1024px) 100vw, 1024px\" \/><\/figure>\n\n\n\n<p><\/p>\n\n\n\n<p><\/p>\n\n\n\n<figure class=\"wp-block-image\"><img decoding=\"async\" src=\"http:\/\/n1to.com.br\/img\/uploads\/cover-novos-membros-da-acalanto-tomam-posse-em-evento-cultural-que-marcou-o-final-de-semana-de-araguaina-1140x668-68444c27.jpg\" alt=\"\"\/><\/figure>\n\n\n\n<p><em><strong>Os integrantes da Academia de Letras de Aragua\u00edna em noite especial de sess\u00e3o solene no Clube da AABB<\/strong><\/em><\/p>\n\n\n\n<figure class=\"wp-block-image\"><img decoding=\"async\" src=\"http:\/\/n1to.com.br\/img\/uploads\/CCCC_15.jpg\" alt=\"\"\/><\/figure>\n\n\n\n<p><em><strong>O novo integrante da Acalanto, ladeado pelos escritores Symone Elias, Zacarias Martins e&nbsp; Luiza Silva<\/strong><\/em><\/p>\n\n\n\n<figure class=\"wp-block-image size-full\"><img loading=\"lazy\" decoding=\"async\" width=\"640\" height=\"193\" src=\"https:\/\/focotocantinense.com.br\/wp-content\/uploads\/2023\/12\/VINI_181.jpg\" alt=\"\" class=\"wp-image-6383\" srcset=\"https:\/\/focotocantinense.com.br\/wp-content\/uploads\/2023\/12\/VINI_181.jpg 640w, https:\/\/focotocantinense.com.br\/wp-content\/uploads\/2023\/12\/VINI_181-300x90.jpg 300w\" sizes=\"auto, (max-width: 640px) 100vw, 640px\" \/><\/figure>\n","protected":false},"excerpt":{"rendered":"<p>Por Zacarias Martins Durante sess\u00e3o solene da Acalanto \u2013 Academia de Letras de Aragua\u00edna, realizada noite de s\u00e1bado, 2, nas depend\u00eancias &nbsp;do Clube da AABB&nbsp; &nbsp;\u2013 Associa\u00e7\u00e3o Atl\u00e9tica Banco do Brasil,&nbsp; o jornalista e escritor Cl\u00e9ber Toledo, diretor executivo da Coluna do CT,&nbsp; foi empossado no&nbsp; quadro de membros Correspondentes da institui\u00e7\u00e3o. No universo liter\u00e1rio, &hellip;<\/p>\n","protected":false},"author":5,"featured_media":6394,"comment_status":"open","ping_status":"open","sticky":false,"template":"","format":"standard","meta":{"footnotes":""},"categories":[37],"tags":[],"class_list":["post-6393","post","type-post","status-publish","format-standard","has-post-thumbnail","","category-palmas"],"_links":{"self":[{"href":"https:\/\/focotocantinense.com.br\/index.php?rest_route=\/wp\/v2\/posts\/6393","targetHints":{"allow":["GET"]}}],"collection":[{"href":"https:\/\/focotocantinense.com.br\/index.php?rest_route=\/wp\/v2\/posts"}],"about":[{"href":"https:\/\/focotocantinense.com.br\/index.php?rest_route=\/wp\/v2\/types\/post"}],"author":[{"embeddable":true,"href":"https:\/\/focotocantinense.com.br\/index.php?rest_route=\/wp\/v2\/users\/5"}],"replies":[{"embeddable":true,"href":"https:\/\/focotocantinense.com.br\/index.php?rest_route=%2Fwp%2Fv2%2Fcomments&post=6393"}],"version-history":[{"count":3,"href":"https:\/\/focotocantinense.com.br\/index.php?rest_route=\/wp\/v2\/posts\/6393\/revisions"}],"predecessor-version":[{"id":6399,"href":"https:\/\/focotocantinense.com.br\/index.php?rest_route=\/wp\/v2\/posts\/6393\/revisions\/6399"}],"wp:featuredmedia":[{"embeddable":true,"href":"https:\/\/focotocantinense.com.br\/index.php?rest_route=\/wp\/v2\/media\/6394"}],"wp:attachment":[{"href":"https:\/\/focotocantinense.com.br\/index.php?rest_route=%2Fwp%2Fv2%2Fmedia&parent=6393"}],"wp:term":[{"taxonomy":"category","embeddable":true,"href":"https:\/\/focotocantinense.com.br\/index.php?rest_route=%2Fwp%2Fv2%2Fcategories&post=6393"},{"taxonomy":"post_tag","embeddable":true,"href":"https:\/\/focotocantinense.com.br\/index.php?rest_route=%2Fwp%2Fv2%2Ftags&post=6393"}],"curies":[{"name":"wp","href":"https:\/\/api.w.org\/{rel}","templated":true}]}}