{"id":6380,"date":"2023-12-02T06:04:18","date_gmt":"2023-12-02T09:04:18","guid":{"rendered":"https:\/\/focotocantinense.com.br\/?p=6380"},"modified":"2023-12-03T06:30:49","modified_gmt":"2023-12-03T09:30:49","slug":"atleta-de-tocantinia-marcos-rocha-vence-prova-nas-paraolimpiadas-escolares-2023-em-sao-paulo","status":"publish","type":"post","link":"https:\/\/focotocantinense.com.br\/?p=6380","title":{"rendered":"Atleta de Tocant\u00ednia, Marcos Rocha, vence prova nas Paraolimp\u00edadas Escolares 2023, em S\u00e3o Paulo"},"content":{"rendered":"\n<p><strong>Por Zacarias Martins<\/strong><\/p>\n\n\n\n<p>Esta sexta-feira, dia 1\u00b0 de dezembro se transformou num dia hist\u00f3rico para o munic\u00edpio de Tocant\u00ednia Pela primeira, Tocant\u00ednia, na regi\u00e3o central do Estado se destacou num evento paraolimp\u00edade nacional. \u00c9 que durante as competi\u00e7\u00f5es\u00a0 realizadas nas Paraolimp\u00edadas Escolares 2023,\u00a0 considerado o maior evento esportivo para pessoas com defici\u00eancia em idade escolar, realizadas\u00a0 em S\u00e3o Paulo, o aluno Marcos Felipe Rocha Soares Rodrigues, conquistou o primeiro lugar na competi\u00e7\u00e3o de arremesso de Club.<\/p>\n\n\n\n<p>Marcos Rocha, que integra a delega\u00e7\u00e3o de paratletas tocantinenses, \u00e9 aluno do 8\u00b0 ano da Escola Municipal Benvindo Souza Luz, localizada no Assentamento \u00c1gua Fria II, naquele munic\u00edpio, e est\u00e1 sendo acompanhado pelo diretor dessa unidade escolar, Nilton Nonato da Costa.<\/p>\n\n\n\n<p>O secret\u00e1rio de Educa\u00e7\u00e3o de Tocant\u00ednia, professor Andr\u00e9 Goveia comemorou esse resultado e disse que os moradores da sua cidade est\u00e3o muito orgulhosos por essa conquista do Marcos Rocha, a primeira desse tipo na hist\u00f3ria da cidade.<\/p>\n\n\n\n<p>\u201cAl\u00e9m do nosso atleta Marcos Rocha, parabenizamos, tamb\u00e9m, o diretor da escola Nilton Nonato que o est\u00e1 acompanhando em s\u00e3o Paulo para essa competi\u00e7\u00e3o. Na sua volta \u00e0 Tocant\u00ednia, nosso atleta vitorioso ter\u00e1 uma calorosa e merecida acolhida\u201d, concluiu o secret\u00e1rio.<\/p>\n\n\n\n<figure class=\"wp-block-image size-full is-resized\"><img loading=\"lazy\" decoding=\"async\" width=\"600\" height=\"580\" src=\"https:\/\/focotocantinense.com.br\/wp-content\/uploads\/2023\/12\/Atleta-de-Tocantinia-Marcos-Rocha-vence-prova-nas-Paraolimpiadas-Escolares-2023-em-Sao-Paulo-1-600x580-1.jpg\" alt=\"\" class=\"wp-image-6385\" style=\"width:399px;height:auto\" srcset=\"https:\/\/focotocantinense.com.br\/wp-content\/uploads\/2023\/12\/Atleta-de-Tocantinia-Marcos-Rocha-vence-prova-nas-Paraolimpiadas-Escolares-2023-em-Sao-Paulo-1-600x580-1.jpg 600w, https:\/\/focotocantinense.com.br\/wp-content\/uploads\/2023\/12\/Atleta-de-Tocantinia-Marcos-Rocha-vence-prova-nas-Paraolimpiadas-Escolares-2023-em-Sao-Paulo-1-600x580-1-300x290.jpg 300w\" sizes=\"auto, (max-width: 600px) 100vw, 600px\" \/><\/figure>\n\n\n\n<p><strong>Marcos Rocha, que integra a delega\u00e7\u00e3o de paratletas tocantinenses, \u00e9 aluno do 8\u00b0 ano da Escola Municipal Benvindo Souza Luz de Tocant\u00ednia. Ele estava acompanhado pelo diretor da&nbsp; escola, Ninlton Nonato.<\/strong><\/p>\n\n\n\n<figure class=\"wp-block-image is-resized\"><img decoding=\"async\" src=\"http:\/\/n1to.com.br\/img\/uploads\/3d9f130b-ea45-493c-9d4f-abf7b8c92f0a.jpg\" alt=\"\" style=\"width:840px;height:auto\"\/><\/figure>\n\n\n\n<figure class=\"wp-block-image size-full\"><img loading=\"lazy\" decoding=\"async\" width=\"640\" height=\"193\" src=\"https:\/\/focotocantinense.com.br\/wp-content\/uploads\/2023\/12\/VINI_181.jpg\" alt=\"\" class=\"wp-image-6383\" srcset=\"https:\/\/focotocantinense.com.br\/wp-content\/uploads\/2023\/12\/VINI_181.jpg 640w, https:\/\/focotocantinense.com.br\/wp-content\/uploads\/2023\/12\/VINI_181-300x90.jpg 300w\" sizes=\"auto, (max-width: 640px) 100vw, 640px\" \/><\/figure>\n","protected":false},"excerpt":{"rendered":"<p>Por Zacarias Martins Esta sexta-feira, dia 1\u00b0 de dezembro se transformou num dia hist\u00f3rico para o munic\u00edpio de Tocant\u00ednia Pela primeira, Tocant\u00ednia, na regi\u00e3o central do Estado se destacou num evento paraolimp\u00edade nacional. \u00c9 que durante as competi\u00e7\u00f5es\u00a0 realizadas nas Paraolimp\u00edadas Escolares 2023,\u00a0 considerado o maior evento esportivo para pessoas com defici\u00eancia em idade escolar, &hellip;<\/p>\n","protected":false},"author":5,"featured_media":6381,"comment_status":"open","ping_status":"open","sticky":false,"template":"","format":"standard","meta":{"footnotes":""},"categories":[78],"tags":[],"class_list":["post-6380","post","type-post","status-publish","format-standard","has-post-thumbnail","","category-tocantinia"],"_links":{"self":[{"href":"https:\/\/focotocantinense.com.br\/index.php?rest_route=\/wp\/v2\/posts\/6380","targetHints":{"allow":["GET"]}}],"collection":[{"href":"https:\/\/focotocantinense.com.br\/index.php?rest_route=\/wp\/v2\/posts"}],"about":[{"href":"https:\/\/focotocantinense.com.br\/index.php?rest_route=\/wp\/v2\/types\/post"}],"author":[{"embeddable":true,"href":"https:\/\/focotocantinense.com.br\/index.php?rest_route=\/wp\/v2\/users\/5"}],"replies":[{"embeddable":true,"href":"https:\/\/focotocantinense.com.br\/index.php?rest_route=%2Fwp%2Fv2%2Fcomments&post=6380"}],"version-history":[{"count":5,"href":"https:\/\/focotocantinense.com.br\/index.php?rest_route=\/wp\/v2\/posts\/6380\/revisions"}],"predecessor-version":[{"id":6391,"href":"https:\/\/focotocantinense.com.br\/index.php?rest_route=\/wp\/v2\/posts\/6380\/revisions\/6391"}],"wp:featuredmedia":[{"embeddable":true,"href":"https:\/\/focotocantinense.com.br\/index.php?rest_route=\/wp\/v2\/media\/6381"}],"wp:attachment":[{"href":"https:\/\/focotocantinense.com.br\/index.php?rest_route=%2Fwp%2Fv2%2Fmedia&parent=6380"}],"wp:term":[{"taxonomy":"category","embeddable":true,"href":"https:\/\/focotocantinense.com.br\/index.php?rest_route=%2Fwp%2Fv2%2Fcategories&post=6380"},{"taxonomy":"post_tag","embeddable":true,"href":"https:\/\/focotocantinense.com.br\/index.php?rest_route=%2Fwp%2Fv2%2Ftags&post=6380"}],"curies":[{"name":"wp","href":"https:\/\/api.w.org\/{rel}","templated":true}]}}