{"id":6375,"date":"2023-11-30T18:43:43","date_gmt":"2023-11-30T21:43:43","guid":{"rendered":"https:\/\/focotocantinense.com.br\/?p=6375"},"modified":"2023-11-30T18:43:44","modified_gmt":"2023-11-30T21:43:44","slug":"instimas-recebe-mocao-de-aplausos-da-camara-municipal-pelos-relevantes-trabalhos-prestados-a-comunidade-surda","status":"publish","type":"post","link":"https:\/\/focotocantinense.com.br\/?p=6375","title":{"rendered":"Instimas recebe Mo\u00e7\u00e3o de Aplausos da C\u00e2mara Municipal pelos relevantes trabalhos prestados \u00e0 comunidade surda"},"content":{"rendered":"\n<p><strong>Por Fernanda Dias<\/strong><\/p>\n\n\n\n<p>O Instituto Amigos dos surdos (Instimas) recebeu na noite desta quarta-feira, 29, em sess\u00e3o solene, da C\u00e2mara Municipal de Gurupi, uma Mo\u00e7\u00e3o de Aplausos pela \u00e1rdua luta pelos direitos dos surdos, sua inclus\u00e3o na sociedade e melhora atendimento perante aos \u00f3rg\u00e3os p\u00fablicos do munic\u00edpio.<\/p>\n\n\n\n<p>Refer\u00eancia na luta pelos direitos e a garantia da acessibilidade da comunidade surda em Gurupi, o professor e int\u00e9rprete da L\u00edngua Brasileira de Sinais (Libras), Fernando Roseno tamb\u00e9m recebeu as homenagens pelo reconhecimento do seu trabalho. A honraria foi uma iniciativa do vereador Rodrigo Maciel para homenagear o profissional e o Instituto.&nbsp;<\/p>\n\n\n\n<p>O Instituto Amigos dos Surdos \u00e9 idealizado pelo casal Nina Ohana e Fernando Roseno. Desde de 2021 est\u00e1 no mercado, j\u00e1 s\u00e3o mais de 300 alunos atendidos pelo Instituto nos cursos de qualifica\u00e7\u00e3o em Libras. De acordo com Roseno, esses alunos j\u00e1 contribuem para a comunidade surda nas diversas \u00e1reas da sociedade, como educa\u00e7\u00e3o, sa\u00fade, atendimento psicol\u00f3gico entre outros.<\/p>\n\n\n\n<p>\u201cEu e minha esposa ficamos muito honrados e surpresos com a homenagem recebida pela C\u00e2mara. Os surdos s\u00e3o pessoas invis\u00edveis na sociedade, mas o reconhecimento mostra que estamos no caminho certo. Convivo com a comunidade surda h\u00e1 mais de 20 anos, e sei o quanto eles sofrem com as barreiras que s\u00e3o impostas. Minha miss\u00e3o e a do Instituto \u00e9 dar uma qualidade de vida para todos os surdos. A ideia \u00e9 avan\u00e7ar com outras conquistas, eliminar barreiras e contribuir para que esses indiv\u00edduos sejam inseridos na sociedade de forma igualit\u00e1ria\u201d, destacou Fernando Roseno.<\/p>\n\n\n\n<p><strong>Decis\u00e3o judicial beneficia comunidade surda garantindo int\u00e9rprete de Libras em atendimento m\u00e9dico na UBS de Gurupi<\/strong><\/p>\n\n\n\n<p>Recentemente, o colegiado em segunda inst\u00e2ncia proferiu uma decis\u00e3o favor\u00e1vel que obriga o munic\u00edpio de Gurupi a fornecer int\u00e9rpretes de Libras (L\u00edngua Brasileira de Sinais) para acompanhar pacientes surdos durante atendimentos m\u00e9dicos nas Unidades B\u00e1sicas de Sa\u00fade (UBS). A a\u00e7\u00e3o reflete um passo em dire\u00e7\u00e3o \u00e0 equidade no acesso aos servi\u00e7os de sa\u00fade e \u00e0 garantia de direitos fundamentais para os cidad\u00e3os surdos da regi\u00e3o.<\/p>\n\n\n\n<p>A determina\u00e7\u00e3o judicial consolida um compromisso p\u00fablico em garantir que todos os residentes de Gurupi, independentemente de suas limita\u00e7\u00f5es auditivas,&nbsp;tenham acesso pleno e digno aos cuidados m\u00e9dicos essenciais. Uma grande conquista que o int\u00e9rprete Fernando Roseno lutou em prol da comunidade surda.<\/p>\n\n\n\n<p>De acordo com Fernando Roseno, outro desafio para o pr\u00f3ximo passo em defesa dos surdos \u00e9 lutar para a inclus\u00e3o no mercado de trabalho. Dessa forma, cabe \u00e0 empresa e \u00f3rg\u00e3os p\u00fablicos conscientizarem de inserir e capacitar em virtude das suas defici\u00eancias, e como devem evit\u00e1-las para que ningu\u00e9m se sinta exclu\u00eddo ou preterido no ambiente de trabalho.<\/p>\n\n\n\n<figure class=\"wp-block-image size-full\"><img loading=\"lazy\" decoding=\"async\" width=\"923\" height=\"528\" src=\"https:\/\/focotocantinense.com.br\/wp-content\/uploads\/2023\/11\/zzzzzzzzzzz.jpg\" alt=\"\" class=\"wp-image-6377\" srcset=\"https:\/\/focotocantinense.com.br\/wp-content\/uploads\/2023\/11\/zzzzzzzzzzz.jpg 923w, https:\/\/focotocantinense.com.br\/wp-content\/uploads\/2023\/11\/zzzzzzzzzzz-300x172.jpg 300w, https:\/\/focotocantinense.com.br\/wp-content\/uploads\/2023\/11\/zzzzzzzzzzz-768x439.jpg 768w\" sizes=\"auto, (max-width: 923px) 100vw, 923px\" \/><\/figure>\n\n\n\n<p><\/p>\n\n\n\n<p><\/p>\n\n\n\n<figure class=\"wp-block-image is-resized\"><img decoding=\"async\" src=\"http:\/\/n1to.com.br\/img\/uploads\/bbb_80.jpg\" alt=\"\" style=\"width:840px;height:auto\"\/><\/figure>\n\n\n\n<figure class=\"wp-block-image\"><img decoding=\"async\" src=\"http:\/\/n1to.com.br\/img\/uploads\/VINI_181_19.jpg\" alt=\"\"\/><\/figure>\n","protected":false},"excerpt":{"rendered":"<p>Por Fernanda Dias O Instituto Amigos dos surdos (Instimas) recebeu na noite desta quarta-feira, 29, em sess\u00e3o solene, da C\u00e2mara Municipal de Gurupi, uma Mo\u00e7\u00e3o de Aplausos pela \u00e1rdua luta pelos direitos dos surdos, sua inclus\u00e3o na sociedade e melhora atendimento perante aos \u00f3rg\u00e3os p\u00fablicos do munic\u00edpio. Refer\u00eancia na luta pelos direitos e a garantia &hellip;<\/p>\n","protected":false},"author":5,"featured_media":6376,"comment_status":"open","ping_status":"open","sticky":false,"template":"","format":"standard","meta":{"footnotes":""},"categories":[38],"tags":[],"class_list":["post-6375","post","type-post","status-publish","format-standard","has-post-thumbnail","","category-gurupi"],"_links":{"self":[{"href":"https:\/\/focotocantinense.com.br\/index.php?rest_route=\/wp\/v2\/posts\/6375","targetHints":{"allow":["GET"]}}],"collection":[{"href":"https:\/\/focotocantinense.com.br\/index.php?rest_route=\/wp\/v2\/posts"}],"about":[{"href":"https:\/\/focotocantinense.com.br\/index.php?rest_route=\/wp\/v2\/types\/post"}],"author":[{"embeddable":true,"href":"https:\/\/focotocantinense.com.br\/index.php?rest_route=\/wp\/v2\/users\/5"}],"replies":[{"embeddable":true,"href":"https:\/\/focotocantinense.com.br\/index.php?rest_route=%2Fwp%2Fv2%2Fcomments&post=6375"}],"version-history":[{"count":1,"href":"https:\/\/focotocantinense.com.br\/index.php?rest_route=\/wp\/v2\/posts\/6375\/revisions"}],"predecessor-version":[{"id":6378,"href":"https:\/\/focotocantinense.com.br\/index.php?rest_route=\/wp\/v2\/posts\/6375\/revisions\/6378"}],"wp:featuredmedia":[{"embeddable":true,"href":"https:\/\/focotocantinense.com.br\/index.php?rest_route=\/wp\/v2\/media\/6376"}],"wp:attachment":[{"href":"https:\/\/focotocantinense.com.br\/index.php?rest_route=%2Fwp%2Fv2%2Fmedia&parent=6375"}],"wp:term":[{"taxonomy":"category","embeddable":true,"href":"https:\/\/focotocantinense.com.br\/index.php?rest_route=%2Fwp%2Fv2%2Fcategories&post=6375"},{"taxonomy":"post_tag","embeddable":true,"href":"https:\/\/focotocantinense.com.br\/index.php?rest_route=%2Fwp%2Fv2%2Ftags&post=6375"}],"curies":[{"name":"wp","href":"https:\/\/api.w.org\/{rel}","templated":true}]}}