{"id":6372,"date":"2023-11-29T21:35:09","date_gmt":"2023-11-30T00:35:09","guid":{"rendered":"https:\/\/focotocantinense.com.br\/?p=6372"},"modified":"2023-11-29T21:35:10","modified_gmt":"2023-11-30T00:35:10","slug":"tocantins-deve-contar-com-programa-habitacional-para-servidores-publicos","status":"publish","type":"post","link":"https:\/\/focotocantinense.com.br\/?p=6372","title":{"rendered":"Tocantins deve contar com programa habitacional para servidores p\u00fablicos"},"content":{"rendered":"\n<p>Na manh\u00e3 desta quarta-feira, dia 29, o Deputado Estadual Gutierres Torquato demonstrou seu compromisso com o bem-estar dos servidores p\u00fablicos do estado do Tocantins ao apresentar um requerimento crucial. O documento prop\u00f5e a cria\u00e7\u00e3o de programas habitacionais direcionados a essa classe profissional, visando proporcionar benef\u00edcios que facilitem a aquisi\u00e7\u00e3o da casa pr\u00f3pria.<\/p>\n\n\n\n<p>Baseado na crise econ\u00f4mica que se instaurou no pa\u00eds trouxe desafios significativos, especialmente para os servidores p\u00fablicos que enfrentam obst\u00e1culos na busca por moradia pr\u00f3pria. A dificuldade em adquirir uma resid\u00eancia adequada \u00e0s suas necessidades espec\u00edficas tornou-se uma realidade preocupante.<\/p>\n\n\n\n<p>Com a inten\u00e7\u00e3o de oferecer solu\u00e7\u00f5es concretas para os desafios enfrentados pelos servidores p\u00fablicos, o Deputado Gutierres Torquato apresentou o requerimento destaca a import\u00e2ncia de gerar oportunidades para que os servidores p\u00fablicos possam realizar o sonho da casa pr\u00f3pria. Busca-se, assim, criar condi\u00e7\u00f5es que atendam \u00e0s necessidades espec\u00edficas dessa classe profissional em meio \u00e0s circunst\u00e2ncias econ\u00f4micas desafiadoras.<\/p>\n\n\n\n<p>Gutierres Torquato refor\u00e7a seu compromisso inabal\u00e1vel com o bem-estar e a qualidade de vida dos servidores p\u00fablicos do Tocantins. A cria\u00e7\u00e3o desses programas habitacionais n\u00e3o apenas atende \u00e0s necessidades imediatas da classe, mas tamb\u00e9m contribui para a constru\u00e7\u00e3o de um futuro mais est\u00e1vel e seguro.<\/p>\n\n\n\n<p>O requerimento representa um passo importante na dire\u00e7\u00e3o de construir um Tocantins onde todos os servidores tenham acesso a moradias dignas, alinhando-se aos objetivos de desenvolvimento e equidade no estado.<\/p>\n\n\n\n<figure class=\"wp-block-image size-full\"><img loading=\"lazy\" decoding=\"async\" width=\"1024\" height=\"683\" src=\"https:\/\/focotocantinense.com.br\/wp-content\/uploads\/2023\/11\/aaa.jpg\" alt=\"\" class=\"wp-image-6373\" srcset=\"https:\/\/focotocantinense.com.br\/wp-content\/uploads\/2023\/11\/aaa.jpg 1024w, https:\/\/focotocantinense.com.br\/wp-content\/uploads\/2023\/11\/aaa-300x200.jpg 300w, https:\/\/focotocantinense.com.br\/wp-content\/uploads\/2023\/11\/aaa-768x512.jpg 768w\" sizes=\"auto, (max-width: 1024px) 100vw, 1024px\" \/><\/figure>\n\n\n\n<p><strong><em>A proposta \u00e9 do deputado estadual Gutierres Torquato<\/em>.<\/strong><\/p>\n\n\n\n<figure class=\"wp-block-image\"><img decoding=\"async\" src=\"http:\/\/n1to.com.br\/img\/uploads\/VINI_181_17.jpg\" alt=\"\"\/><\/figure>\n","protected":false},"excerpt":{"rendered":"<p>Na manh\u00e3 desta quarta-feira, dia 29, o Deputado Estadual Gutierres Torquato demonstrou seu compromisso com o bem-estar dos servidores p\u00fablicos do estado do Tocantins ao apresentar um requerimento crucial. O documento prop\u00f5e a cria\u00e7\u00e3o de programas habitacionais direcionados a essa classe profissional, visando proporcionar benef\u00edcios que facilitem a aquisi\u00e7\u00e3o da casa pr\u00f3pria. Baseado na crise &hellip;<\/p>\n","protected":false},"author":5,"featured_media":6373,"comment_status":"open","ping_status":"open","sticky":false,"template":"","format":"standard","meta":{"footnotes":""},"categories":[40],"tags":[],"class_list":["post-6372","post","type-post","status-publish","format-standard","has-post-thumbnail","","category-politica"],"_links":{"self":[{"href":"https:\/\/focotocantinense.com.br\/index.php?rest_route=\/wp\/v2\/posts\/6372","targetHints":{"allow":["GET"]}}],"collection":[{"href":"https:\/\/focotocantinense.com.br\/index.php?rest_route=\/wp\/v2\/posts"}],"about":[{"href":"https:\/\/focotocantinense.com.br\/index.php?rest_route=\/wp\/v2\/types\/post"}],"author":[{"embeddable":true,"href":"https:\/\/focotocantinense.com.br\/index.php?rest_route=\/wp\/v2\/users\/5"}],"replies":[{"embeddable":true,"href":"https:\/\/focotocantinense.com.br\/index.php?rest_route=%2Fwp%2Fv2%2Fcomments&post=6372"}],"version-history":[{"count":1,"href":"https:\/\/focotocantinense.com.br\/index.php?rest_route=\/wp\/v2\/posts\/6372\/revisions"}],"predecessor-version":[{"id":6374,"href":"https:\/\/focotocantinense.com.br\/index.php?rest_route=\/wp\/v2\/posts\/6372\/revisions\/6374"}],"wp:featuredmedia":[{"embeddable":true,"href":"https:\/\/focotocantinense.com.br\/index.php?rest_route=\/wp\/v2\/media\/6373"}],"wp:attachment":[{"href":"https:\/\/focotocantinense.com.br\/index.php?rest_route=%2Fwp%2Fv2%2Fmedia&parent=6372"}],"wp:term":[{"taxonomy":"category","embeddable":true,"href":"https:\/\/focotocantinense.com.br\/index.php?rest_route=%2Fwp%2Fv2%2Fcategories&post=6372"},{"taxonomy":"post_tag","embeddable":true,"href":"https:\/\/focotocantinense.com.br\/index.php?rest_route=%2Fwp%2Fv2%2Ftags&post=6372"}],"curies":[{"name":"wp","href":"https:\/\/api.w.org\/{rel}","templated":true}]}}