{"id":6368,"date":"2023-11-29T11:13:21","date_gmt":"2023-11-29T14:13:21","guid":{"rendered":"https:\/\/focotocantinense.com.br\/?p=6368"},"modified":"2023-11-29T11:13:21","modified_gmt":"2023-11-29T14:13:21","slug":"deputado-antonio-andrade-participa-de-reuniao-estrategica-das-emendas-ao-orcamento-de-2024","status":"publish","type":"post","link":"https:\/\/focotocantinense.com.br\/?p=6368","title":{"rendered":"Deputado Antonio Andrade participa de reuni\u00e3o estrat\u00e9gica das emendas ao Or\u00e7amento de 2024"},"content":{"rendered":"\n<p>Nesta quarta-feira, 29 de novembro, o deputado federal Antonio Andrade (Republicanos) marcou presen\u00e7a em uma reuni\u00e3o crucial da bancada do Tocantins, onde foram discutidas e delineadas estrat\u00e9gias para as emendas ao Or\u00e7amento de 2024.<\/p>\n\n\n\n<p>O encontro, que contou com a participa\u00e7\u00e3o de sete parlamentares, teve como objetivo alinhar as prioridades da bancada, visando \u00e0 destina\u00e7\u00e3o de recursos para \u00e1reas consideradas priorit\u00e1rias pelos parlamentares.<\/p>\n\n\n\n<p>Durante a reuni\u00e3o, o parlamentar destacou que as emendas ser\u00e3o voltadas para projetos que visam o desenvolvimento regional e a melhoria da qualidade de vida da popula\u00e7\u00e3o tocantinense. Sua experi\u00eancia e expertise no cen\u00e1rio estadual foram fundamentais para conduzir discuss\u00f5es produtivas e contribuir para a constru\u00e7\u00e3o de consensos.<\/p>\n\n\n\n<p>Um dos pontos abordados foram \u00e0 necessidade de investimentos em setores como sa\u00fade, educa\u00e7\u00e3o e infraestrutura, considerados pilares fundamentais para o crescimento sustent\u00e1vel do Estado.<\/p>\n\n\n\n<p>Ao final da reuni\u00e3o, Andrade expressou otimismo em rela\u00e7\u00e3o \u00e0 capacidade da bancada em apresentar emendas consistentes e alinhadas com as demandas da sociedade. &#8220;Estamos trabalhando de maneira colaborativa para garantir que as emendas ao Or\u00e7amento de 2024 reflitam as reais necessidades e aspira\u00e7\u00f5es dos cidad\u00e3os que representamos&#8221;, afirmou.<\/p>\n\n\n\n<p>O parlamentar se mant\u00e9m atento \u00e0s pr\u00f3ximas etapas do processo or\u00e7ament\u00e1rio, demonstrando sua dedica\u00e7\u00e3o em representar os interesses de seus eleitores.<\/p>\n\n\n\n<p>Tamb\u00e9m participaram da reuni\u00e3o, a coordenadora da bancada senadora Professora Dorinha, o senador Eduardo Gomes e os deputados Vicentinho J\u00fanior, L\u00e1zaro Botelho, Carlos Henrique Gaguim e Eli Borges.<\/p>\n\n\n\n<p>Assessoria de Comunica\u00e7\u00e3o \u2013 Deputado Federal Antonio Andrade<\/p>\n","protected":false},"excerpt":{"rendered":"<p>Nesta quarta-feira, 29 de novembro, o deputado federal Antonio Andrade (Republicanos) marcou presen\u00e7a em uma reuni\u00e3o crucial da bancada do Tocantins, onde foram discutidas e delineadas estrat\u00e9gias para as emendas ao Or\u00e7amento de 2024. O encontro, que contou com a participa\u00e7\u00e3o de sete parlamentares, teve como objetivo alinhar as prioridades da bancada, visando \u00e0 destina\u00e7\u00e3o &hellip;<\/p>\n","protected":false},"author":5,"featured_media":6369,"comment_status":"open","ping_status":"open","sticky":false,"template":"","format":"standard","meta":{"footnotes":""},"categories":[1],"tags":[],"class_list":["post-6368","post","type-post","status-publish","format-standard","has-post-thumbnail","","category-sem-categoria"],"_links":{"self":[{"href":"https:\/\/focotocantinense.com.br\/index.php?rest_route=\/wp\/v2\/posts\/6368","targetHints":{"allow":["GET"]}}],"collection":[{"href":"https:\/\/focotocantinense.com.br\/index.php?rest_route=\/wp\/v2\/posts"}],"about":[{"href":"https:\/\/focotocantinense.com.br\/index.php?rest_route=\/wp\/v2\/types\/post"}],"author":[{"embeddable":true,"href":"https:\/\/focotocantinense.com.br\/index.php?rest_route=\/wp\/v2\/users\/5"}],"replies":[{"embeddable":true,"href":"https:\/\/focotocantinense.com.br\/index.php?rest_route=%2Fwp%2Fv2%2Fcomments&post=6368"}],"version-history":[{"count":1,"href":"https:\/\/focotocantinense.com.br\/index.php?rest_route=\/wp\/v2\/posts\/6368\/revisions"}],"predecessor-version":[{"id":6370,"href":"https:\/\/focotocantinense.com.br\/index.php?rest_route=\/wp\/v2\/posts\/6368\/revisions\/6370"}],"wp:featuredmedia":[{"embeddable":true,"href":"https:\/\/focotocantinense.com.br\/index.php?rest_route=\/wp\/v2\/media\/6369"}],"wp:attachment":[{"href":"https:\/\/focotocantinense.com.br\/index.php?rest_route=%2Fwp%2Fv2%2Fmedia&parent=6368"}],"wp:term":[{"taxonomy":"category","embeddable":true,"href":"https:\/\/focotocantinense.com.br\/index.php?rest_route=%2Fwp%2Fv2%2Fcategories&post=6368"},{"taxonomy":"post_tag","embeddable":true,"href":"https:\/\/focotocantinense.com.br\/index.php?rest_route=%2Fwp%2Fv2%2Ftags&post=6368"}],"curies":[{"name":"wp","href":"https:\/\/api.w.org\/{rel}","templated":true}]}}