{"id":6357,"date":"2023-11-26T17:34:09","date_gmt":"2023-11-26T20:34:09","guid":{"rendered":"https:\/\/focotocantinense.com.br\/?p=6357"},"modified":"2023-11-26T17:35:16","modified_gmt":"2023-11-26T20:35:16","slug":"academicos-do-polo-indigena-da-universidade-da-maturidade-em-tocantinia-tem-aula-sobre-saude-bucal","status":"publish","type":"post","link":"https:\/\/focotocantinense.com.br\/?p=6357","title":{"rendered":"Acad\u00eamicos do polo ind\u00edgena da Universidade da Maturidade em Tocant\u00ednia t\u00eam aula sobre sa\u00fade bucal"},"content":{"rendered":"\n<p><strong><em>Por Zacarias Martins<\/em><\/strong><\/p>\n\n\n\n<p>Os acad\u00eamicos da UMA \u2013 Universidade da Maturidade, &nbsp;do polo Ind\u00edgena &nbsp;de&nbsp; Tocant\u00ednia, tiveram neste s\u00e1bado, 25, &nbsp;pela manh\u00e3, na Aldeia Porteira,&nbsp; uma aula especial de Educa\u00e7\u00e3o e Sa\u00fade, com a professora Cirurgi\u00e3 Dentista Ana J\u00falia, que abordou o tema &#8220;Higieniza\u00e7\u00e3o e cuidados da sa\u00fade bucal&#8221;.<\/p>\n\n\n\n<p>Na oportunidade, a professora explicou que a sa\u00fade das pessoas come\u00e7a pela boca, se dirigindo, especialmente, para as \u2018bibliotecas-vivas\u201d, como s\u00e3o&nbsp; conhecidos os anci\u00e3os&nbsp; Xerente, &nbsp;por serem tradicionalmente &nbsp;portadores e repassadores de saberes e fazeres.<\/p>\n\n\n\n<p>Ana J\u00falia &nbsp;disse que na qualidade de profissional&nbsp; da \u00e1rea da sa\u00fade bucal tem a miss\u00e3o&nbsp; de dar&nbsp; uma aten\u00e7\u00e3o&nbsp; mais do que especial para esse p\u00fablico-alvo. \u201cPrecisamos valorizar e cuidar dos nossos anci\u00e3os, pois eles tamb\u00e9m merecem todo o nosso carinho e aten\u00e7\u00e3o\u201d, asseverou.<\/p>\n\n\n\n<p>O coordenador do polo ind\u00edgena da Universidade da Maturidade&nbsp; em Tocant\u00ednia, Leonardo Sampaio relatou que momentos como esses contribuem para melhorar &nbsp;a qualidade de vida dos &nbsp;anci\u00e3os &nbsp;Xerente.<\/p>\n\n\n\n<p>De acordo com o coordenador,&nbsp; \u00e9 de suma import\u00e2ncia o cuidado e a aten\u00e7\u00e3o especial para com a&nbsp; sa\u00fade dos anci\u00e3os Xerente. \u201cA Universidade da Maturidade \u00e9 uma tecnologia social que muda e transforma a Educa\u00e7\u00e3o ao longo da vida\u201d, garante o coordenador Leonardo Sampaio.<\/p>\n\n\n\n<p><strong>SOBRE A UMA<\/strong><\/p>\n\n\n\n<p>A \u00a0Universidade da Maturidade, que funciona com tr\u00eas polos no\u00a0 munic\u00edpio, \u00a0\u00e9 um programa de extens\u00e3o da Universidade Federal do Tocantins que conta com \u00a0o apoio da\u00a0 Prefeitura de Tocant\u00ednia, por meio da Secretaria Municipal de Educa\u00e7\u00e3o \u2013 Semed.<\/p>\n\n\n\n<figure class=\"wp-block-image size-large\"><img loading=\"lazy\" decoding=\"async\" width=\"1024\" height=\"577\" src=\"https:\/\/focotocantinense.com.br\/wp-content\/uploads\/2023\/11\/1-Academicos-da-do-polo-indigena-da-Universidade-da-Maturidade-em-Tocantinia-tem-aula-sobre-saude-bucal-1024x577.jpg\" alt=\"\" class=\"wp-image-6362\" srcset=\"https:\/\/focotocantinense.com.br\/wp-content\/uploads\/2023\/11\/1-Academicos-da-do-polo-indigena-da-Universidade-da-Maturidade-em-Tocantinia-tem-aula-sobre-saude-bucal-1024x577.jpg 1024w, https:\/\/focotocantinense.com.br\/wp-content\/uploads\/2023\/11\/1-Academicos-da-do-polo-indigena-da-Universidade-da-Maturidade-em-Tocantinia-tem-aula-sobre-saude-bucal-300x169.jpg 300w, https:\/\/focotocantinense.com.br\/wp-content\/uploads\/2023\/11\/1-Academicos-da-do-polo-indigena-da-Universidade-da-Maturidade-em-Tocantinia-tem-aula-sobre-saude-bucal-768x432.jpg 768w, https:\/\/focotocantinense.com.br\/wp-content\/uploads\/2023\/11\/1-Academicos-da-do-polo-indigena-da-Universidade-da-Maturidade-em-Tocantinia-tem-aula-sobre-saude-bucal-1536x865.jpg 1536w, https:\/\/focotocantinense.com.br\/wp-content\/uploads\/2023\/11\/1-Academicos-da-do-polo-indigena-da-Universidade-da-Maturidade-em-Tocantinia-tem-aula-sobre-saude-bucal.jpg 1600w\" sizes=\"auto, (max-width: 1024px) 100vw, 1024px\" \/><\/figure>\n\n\n\n<p><\/p>\n\n\n\n<figure class=\"wp-block-image size-large\"><img loading=\"lazy\" decoding=\"async\" width=\"1024\" height=\"577\" src=\"https:\/\/focotocantinense.com.br\/wp-content\/uploads\/2023\/11\/3-Academicos-da-do-polo-indigena-da-Universidade-da-Maturidade-em-Tocantinia-tem-aula-sobre-saude-bucal-1024x577.jpg\" alt=\"\" class=\"wp-image-6361\" srcset=\"https:\/\/focotocantinense.com.br\/wp-content\/uploads\/2023\/11\/3-Academicos-da-do-polo-indigena-da-Universidade-da-Maturidade-em-Tocantinia-tem-aula-sobre-saude-bucal-1024x577.jpg 1024w, https:\/\/focotocantinense.com.br\/wp-content\/uploads\/2023\/11\/3-Academicos-da-do-polo-indigena-da-Universidade-da-Maturidade-em-Tocantinia-tem-aula-sobre-saude-bucal-300x169.jpg 300w, https:\/\/focotocantinense.com.br\/wp-content\/uploads\/2023\/11\/3-Academicos-da-do-polo-indigena-da-Universidade-da-Maturidade-em-Tocantinia-tem-aula-sobre-saude-bucal-768x432.jpg 768w, https:\/\/focotocantinense.com.br\/wp-content\/uploads\/2023\/11\/3-Academicos-da-do-polo-indigena-da-Universidade-da-Maturidade-em-Tocantinia-tem-aula-sobre-saude-bucal-1536x865.jpg 1536w, https:\/\/focotocantinense.com.br\/wp-content\/uploads\/2023\/11\/3-Academicos-da-do-polo-indigena-da-Universidade-da-Maturidade-em-Tocantinia-tem-aula-sobre-saude-bucal.jpg 1600w\" sizes=\"auto, (max-width: 1024px) 100vw, 1024px\" \/><\/figure>\n\n\n\n<p><\/p>\n\n\n\n<figure class=\"wp-block-image size-large\"><img loading=\"lazy\" decoding=\"async\" width=\"1024\" height=\"577\" src=\"https:\/\/focotocantinense.com.br\/wp-content\/uploads\/2023\/11\/2-Academicos-da-do-polo-indigena-da-Universidade-da-Maturidade-em-Tocantinia-tem-aula-sobre-saude-bucal-1024x577.jpg\" alt=\"\" class=\"wp-image-6358\" srcset=\"https:\/\/focotocantinense.com.br\/wp-content\/uploads\/2023\/11\/2-Academicos-da-do-polo-indigena-da-Universidade-da-Maturidade-em-Tocantinia-tem-aula-sobre-saude-bucal-1024x577.jpg 1024w, https:\/\/focotocantinense.com.br\/wp-content\/uploads\/2023\/11\/2-Academicos-da-do-polo-indigena-da-Universidade-da-Maturidade-em-Tocantinia-tem-aula-sobre-saude-bucal-300x169.jpg 300w, https:\/\/focotocantinense.com.br\/wp-content\/uploads\/2023\/11\/2-Academicos-da-do-polo-indigena-da-Universidade-da-Maturidade-em-Tocantinia-tem-aula-sobre-saude-bucal-768x432.jpg 768w, https:\/\/focotocantinense.com.br\/wp-content\/uploads\/2023\/11\/2-Academicos-da-do-polo-indigena-da-Universidade-da-Maturidade-em-Tocantinia-tem-aula-sobre-saude-bucal-1536x865.jpg 1536w, https:\/\/focotocantinense.com.br\/wp-content\/uploads\/2023\/11\/2-Academicos-da-do-polo-indigena-da-Universidade-da-Maturidade-em-Tocantinia-tem-aula-sobre-saude-bucal.jpg 1600w\" sizes=\"auto, (max-width: 1024px) 100vw, 1024px\" \/><\/figure>\n\n\n\n<p><\/p>\n\n\n\n<figure class=\"wp-block-image size-full\"><img loading=\"lazy\" decoding=\"async\" width=\"640\" height=\"193\" src=\"https:\/\/focotocantinense.com.br\/wp-content\/uploads\/2023\/11\/VINI_181-1.jpg\" alt=\"\" class=\"wp-image-6359\" srcset=\"https:\/\/focotocantinense.com.br\/wp-content\/uploads\/2023\/11\/VINI_181-1.jpg 640w, https:\/\/focotocantinense.com.br\/wp-content\/uploads\/2023\/11\/VINI_181-1-300x90.jpg 300w\" sizes=\"auto, (max-width: 640px) 100vw, 640px\" \/><\/figure>\n","protected":false},"excerpt":{"rendered":"<p>Por Zacarias Martins Os acad\u00eamicos da UMA \u2013 Universidade da Maturidade, &nbsp;do polo Ind\u00edgena &nbsp;de&nbsp; Tocant\u00ednia, tiveram neste s\u00e1bado, 25, &nbsp;pela manh\u00e3, na Aldeia Porteira,&nbsp; uma aula especial de Educa\u00e7\u00e3o e Sa\u00fade, com a professora Cirurgi\u00e3 Dentista Ana J\u00falia, que abordou o tema &#8220;Higieniza\u00e7\u00e3o e cuidados da sa\u00fade bucal&#8221;. Na oportunidade, a professora explicou que &hellip;<\/p>\n","protected":false},"author":5,"featured_media":6358,"comment_status":"open","ping_status":"open","sticky":false,"template":"","format":"standard","meta":{"footnotes":""},"categories":[78],"tags":[],"class_list":["post-6357","post","type-post","status-publish","format-standard","has-post-thumbnail","","category-tocantinia"],"_links":{"self":[{"href":"https:\/\/focotocantinense.com.br\/index.php?rest_route=\/wp\/v2\/posts\/6357","targetHints":{"allow":["GET"]}}],"collection":[{"href":"https:\/\/focotocantinense.com.br\/index.php?rest_route=\/wp\/v2\/posts"}],"about":[{"href":"https:\/\/focotocantinense.com.br\/index.php?rest_route=\/wp\/v2\/types\/post"}],"author":[{"embeddable":true,"href":"https:\/\/focotocantinense.com.br\/index.php?rest_route=\/wp\/v2\/users\/5"}],"replies":[{"embeddable":true,"href":"https:\/\/focotocantinense.com.br\/index.php?rest_route=%2Fwp%2Fv2%2Fcomments&post=6357"}],"version-history":[{"count":2,"href":"https:\/\/focotocantinense.com.br\/index.php?rest_route=\/wp\/v2\/posts\/6357\/revisions"}],"predecessor-version":[{"id":6363,"href":"https:\/\/focotocantinense.com.br\/index.php?rest_route=\/wp\/v2\/posts\/6357\/revisions\/6363"}],"wp:featuredmedia":[{"embeddable":true,"href":"https:\/\/focotocantinense.com.br\/index.php?rest_route=\/wp\/v2\/media\/6358"}],"wp:attachment":[{"href":"https:\/\/focotocantinense.com.br\/index.php?rest_route=%2Fwp%2Fv2%2Fmedia&parent=6357"}],"wp:term":[{"taxonomy":"category","embeddable":true,"href":"https:\/\/focotocantinense.com.br\/index.php?rest_route=%2Fwp%2Fv2%2Fcategories&post=6357"},{"taxonomy":"post_tag","embeddable":true,"href":"https:\/\/focotocantinense.com.br\/index.php?rest_route=%2Fwp%2Fv2%2Ftags&post=6357"}],"curies":[{"name":"wp","href":"https:\/\/api.w.org\/{rel}","templated":true}]}}