{"id":6353,"date":"2023-11-24T15:38:25","date_gmt":"2023-11-24T18:38:25","guid":{"rendered":"https:\/\/focotocantinense.com.br\/?p=6353"},"modified":"2023-11-24T15:38:53","modified_gmt":"2023-11-24T18:38:53","slug":"deputado-antonio-andrade-destina-emenda-de-r-525-mil-para-o-hospital-regional-de-gurupi","status":"publish","type":"post","link":"https:\/\/focotocantinense.com.br\/?p=6353","title":{"rendered":"Deputado Antonio Andrade destina emenda de R$ 525 mil para o Hospital Regional de Gurupi"},"content":{"rendered":"\n<p>O Deputado Federal Antonio Andrade (Republicanos) publicou nesta sexta-feira, 24 de novembro, em suas redes sociais, uma importante iniciativa em prol da sa\u00fade de Gurupi.<\/p>\n\n\n\n<p>O parlamentar destinou uma emenda parlamentar no valor de 525 mil reais para o Hospital Regional. A a\u00e7\u00e3o visa fortalecer a estrutura e os servi\u00e7os prestados pela institui\u00e7\u00e3o, beneficiando diretamente a popula\u00e7\u00e3o local.<\/p>\n\n\n\n<p>Em um gesto alinhado com seu compromisso com a sa\u00fade p\u00fablica, o deputado destacou a import\u00e2ncia de investir em unidades hospitalares para garantir atendimento de qualidade \u00e0 popula\u00e7\u00e3o. A destina\u00e7\u00e3o da emenda para o Hospital representa um passo significativo na melhoria da infraestrutura e no suporte \u00e0s demandas crescentes da comunidade.<\/p>\n\n\n\n<p>O valor destinado ser\u00e1 utilizado para o custeio do hospital. A medida tamb\u00e9m busca fortalecer a capacidade de resposta da institui\u00e7\u00e3o diante de situa\u00e7\u00f5es emergenciais e assegurar um ambiente prop\u00edcio para o desenvolvimento das atividades m\u00e9dicas.<\/p>\n\n\n\n<p>O Deputado ressaltou a import\u00e2ncia do recurso. \u201cO recurso ser\u00e1 fundamental para melhorar a estrutura e os servi\u00e7os de sa\u00fade oferecidos \u00e0 popula\u00e7\u00e3o da regi\u00e3o\u201d, disse na publica\u00e7\u00e3o.<\/p>\n\n\n\n<p>A expectativa \u00e9 de que os recursos contribuam para aprimorar o atendimento aos pacientes e fortalecer a capacidade do hospital em enfrentar os desafios inerentes \u00e0 presta\u00e7\u00e3o de servi\u00e7os de sa\u00fade.<\/p>\n\n\n\n<p>Assessoria de Comunica\u00e7\u00e3o \u2013 Deputado Federal Antonio Andrade<\/p>\n","protected":false},"excerpt":{"rendered":"<p>O Deputado Federal Antonio Andrade (Republicanos) publicou nesta sexta-feira, 24 de novembro, em suas redes sociais, uma importante iniciativa em prol da sa\u00fade de Gurupi. O parlamentar destinou uma emenda parlamentar no valor de 525 mil reais para o Hospital Regional. A a\u00e7\u00e3o visa fortalecer a estrutura e os servi\u00e7os prestados pela institui\u00e7\u00e3o, beneficiando diretamente &hellip;<\/p>\n","protected":false},"author":5,"featured_media":6354,"comment_status":"open","ping_status":"open","sticky":false,"template":"","format":"standard","meta":{"footnotes":""},"categories":[1],"tags":[],"class_list":["post-6353","post","type-post","status-publish","format-standard","has-post-thumbnail","","category-sem-categoria"],"_links":{"self":[{"href":"https:\/\/focotocantinense.com.br\/index.php?rest_route=\/wp\/v2\/posts\/6353","targetHints":{"allow":["GET"]}}],"collection":[{"href":"https:\/\/focotocantinense.com.br\/index.php?rest_route=\/wp\/v2\/posts"}],"about":[{"href":"https:\/\/focotocantinense.com.br\/index.php?rest_route=\/wp\/v2\/types\/post"}],"author":[{"embeddable":true,"href":"https:\/\/focotocantinense.com.br\/index.php?rest_route=\/wp\/v2\/users\/5"}],"replies":[{"embeddable":true,"href":"https:\/\/focotocantinense.com.br\/index.php?rest_route=%2Fwp%2Fv2%2Fcomments&post=6353"}],"version-history":[{"count":1,"href":"https:\/\/focotocantinense.com.br\/index.php?rest_route=\/wp\/v2\/posts\/6353\/revisions"}],"predecessor-version":[{"id":6355,"href":"https:\/\/focotocantinense.com.br\/index.php?rest_route=\/wp\/v2\/posts\/6353\/revisions\/6355"}],"wp:featuredmedia":[{"embeddable":true,"href":"https:\/\/focotocantinense.com.br\/index.php?rest_route=\/wp\/v2\/media\/6354"}],"wp:attachment":[{"href":"https:\/\/focotocantinense.com.br\/index.php?rest_route=%2Fwp%2Fv2%2Fmedia&parent=6353"}],"wp:term":[{"taxonomy":"category","embeddable":true,"href":"https:\/\/focotocantinense.com.br\/index.php?rest_route=%2Fwp%2Fv2%2Fcategories&post=6353"},{"taxonomy":"post_tag","embeddable":true,"href":"https:\/\/focotocantinense.com.br\/index.php?rest_route=%2Fwp%2Fv2%2Ftags&post=6353"}],"curies":[{"name":"wp","href":"https:\/\/api.w.org\/{rel}","templated":true}]}}