{"id":6350,"date":"2023-11-23T18:35:16","date_gmt":"2023-11-23T21:35:16","guid":{"rendered":"https:\/\/focotocantinense.com.br\/?p=6350"},"modified":"2023-11-23T18:35:17","modified_gmt":"2023-11-23T21:35:17","slug":"deputados-querem-respostas-conclusivas-sobre-tarifas-da-agua-no-tocantins","status":"publish","type":"post","link":"https:\/\/focotocantinense.com.br\/?p=6350","title":{"rendered":"Deputados querem respostas conclusivas sobre tarifas da \u00e1gua no Tocantins"},"content":{"rendered":"\n<p>O valor das tarifas de \u00e1gua dos tocantinenses vai passar por uma auditoria. O an\u00fancio foi feito pelo presidente da Ag\u00eancia Tocantinense de Regula\u00e7\u00e3o (ATR), Israel Guimar\u00e3es, durante audi\u00eancia p\u00fablica no plen\u00e1rio da Assembleia Legislativa do Tocantins (Aleto) na manh\u00e3 desta quinta-feira, 23.<\/p>\n\n\n\n<p>O evento foi presidido pelo presidente da Aleto, deputado Am\u00e9lio Cayres (Republicanos), e contou com a presen\u00e7a do governador Wanderlei Barbosa (Republicanos) e da maioria dos parlamentares da Casa.<\/p>\n\n\n\n<p>Wanderlei justificou sua participa\u00e7\u00e3o na audi\u00eancia afirmando que quer resultado. \u201cClaro que quero discutir essa quest\u00e3o, porque n\u00e3o pretendo conceder mais aumento de tarifas. Acho que \u00e9 o momento de revis\u00e3o tarif\u00e1ria, para chegarmos a um valor que se aproxime da tarifa mais barata do Estado da regi\u00e3o norte\u201d.<\/p>\n\n\n\n<p>A justificativa do deputado Marcus Marcelo (PL), autor do requerimento que resultou na audi\u00eancia p\u00fablica, \u00e9 que o tocantinense est\u00e1 pagando a tarifa mais alta entre todos os estados da regi\u00e3o norte do pa\u00eds, o que motivou o amplo debate, com a participa\u00e7\u00e3o de agentes p\u00fablicos e privados envolvidos no processo. \u201c\u00c9 uma situa\u00e7\u00e3o muito injusta para o nosso povo. Por isso quero que me respondam: qual \u00e9 a dificuldade para baixar essa tarifa?\u201d, questionou.<\/p>\n\n\n\n<p>Os deputados, de forma geral, cobraram mais transpar\u00eancia e a\u00e7\u00f5es efetivas da BRK, empresa concession\u00e1ria do fornecimento de \u00e1gua, para diminuir os valores das tarifas, amplia\u00e7\u00e3o dos servi\u00e7os, al\u00e9m de mais comprometimento das ag\u00eancias reguladoras, a fim de dar respostas conclusivas \u00e0s demandas da sociedade tocantinense. \u201cQueremos entender e resolver o problema: por que o povo do Tocantins paga mais que os outros estados?\u201d, cobrou o deputado Jorge Frederico (Republicanos).<\/p>\n\n\n\n<p>O presidente da BRK, Jos\u00e9 M\u00e1rio Ribeiro, disse que a concession\u00e1ria que atende 46 munic\u00edpios do Estado (cerca de 70% dos consumidores tocantinenses), n\u00e3o define os valores das tarifas. \u201cSomos uma concess\u00e3o p\u00fablica, e nossas tarifas s\u00e3o determinadas pela ag\u00eancia reguladora do Estado\u201d, esclareceu. Sobre a amplia\u00e7\u00e3o de benefici\u00e1rios da tarifa social, destinada a fam\u00edlias carentes, Jos\u00e9 M\u00e1rio defendeu que sejam revistos os atuais crit\u00e9rios.<\/p>\n\n\n\n<p><strong>Participa\u00e7\u00e3o<\/strong><\/p>\n\n\n\n<p>Participaram dos debates os seguintes Parlamentares: Am\u00e9lio Cayres (Republicanos), Eduardo Fortes (PSD), Luciano Oliveira (PSD), Jair Farias (Uni\u00e3o), Eduardo Mantoan (PSDB), Moisemar Marinho (PSB), Gutierres Torquato (PDT), Ivory de Lira (PCdoB), Janad Valcari (PL), Jorge Frederico (Republicanos), J\u00fanior Geo (Podemos), Olynto Neto (PRB), Vanda Monteiro (Uni\u00e3o), Gip\u00e3o (PL), Wiston Gomes (Republicanos) e Leo Barbosa (Republicanos).<\/p>\n\n\n\n<p><strong>Representatividade<\/strong><\/p>\n\n\n\n<p>O evento contou com a participa\u00e7\u00e3o de prefeitos, vereadores, secret\u00e1rios estaduais, al\u00e9m de empres\u00e1rios, agropecuaristas e \u00f3rg\u00e3o fiscalizadores, como OAB, Minist\u00e9rio P\u00fablico Estadual, Defensoria P\u00fablica e ag\u00eancias de fiscaliza\u00e7\u00e3o, regula\u00e7\u00e3o e controle.<\/p>\n\n\n\n<figure class=\"wp-block-image size-large\"><img loading=\"lazy\" decoding=\"async\" width=\"1024\" height=\"683\" src=\"https:\/\/focotocantinense.com.br\/wp-content\/uploads\/2023\/11\/aqqq-1024x683.jpg\" alt=\"\" class=\"wp-image-6351\" srcset=\"https:\/\/focotocantinense.com.br\/wp-content\/uploads\/2023\/11\/aqqq-1024x683.jpg 1024w, https:\/\/focotocantinense.com.br\/wp-content\/uploads\/2023\/11\/aqqq-300x200.jpg 300w, https:\/\/focotocantinense.com.br\/wp-content\/uploads\/2023\/11\/aqqq-768x512.jpg 768w, https:\/\/focotocantinense.com.br\/wp-content\/uploads\/2023\/11\/aqqq-1536x1024.jpg 1536w, https:\/\/focotocantinense.com.br\/wp-content\/uploads\/2023\/11\/aqqq-2048x1365.jpg 2048w\" sizes=\"auto, (max-width: 1024px) 100vw, 1024px\" \/><\/figure>\n\n\n\n<p><\/p>\n\n\n\n<figure class=\"wp-block-image\"><img decoding=\"async\" src=\"http:\/\/n1to.com.br\/img\/uploads\/VINI_181_9.jpg\" alt=\"\"\/><\/figure>\n","protected":false},"excerpt":{"rendered":"<p>O valor das tarifas de \u00e1gua dos tocantinenses vai passar por uma auditoria. O an\u00fancio foi feito pelo presidente da Ag\u00eancia Tocantinense de Regula\u00e7\u00e3o (ATR), Israel Guimar\u00e3es, durante audi\u00eancia p\u00fablica no plen\u00e1rio da Assembleia Legislativa do Tocantins (Aleto) na manh\u00e3 desta quinta-feira, 23. O evento foi presidido pelo presidente da Aleto, deputado Am\u00e9lio Cayres (Republicanos), &hellip;<\/p>\n","protected":false},"author":5,"featured_media":6351,"comment_status":"open","ping_status":"open","sticky":false,"template":"","format":"standard","meta":{"footnotes":""},"categories":[40],"tags":[],"class_list":["post-6350","post","type-post","status-publish","format-standard","has-post-thumbnail","","category-politica"],"_links":{"self":[{"href":"https:\/\/focotocantinense.com.br\/index.php?rest_route=\/wp\/v2\/posts\/6350","targetHints":{"allow":["GET"]}}],"collection":[{"href":"https:\/\/focotocantinense.com.br\/index.php?rest_route=\/wp\/v2\/posts"}],"about":[{"href":"https:\/\/focotocantinense.com.br\/index.php?rest_route=\/wp\/v2\/types\/post"}],"author":[{"embeddable":true,"href":"https:\/\/focotocantinense.com.br\/index.php?rest_route=\/wp\/v2\/users\/5"}],"replies":[{"embeddable":true,"href":"https:\/\/focotocantinense.com.br\/index.php?rest_route=%2Fwp%2Fv2%2Fcomments&post=6350"}],"version-history":[{"count":1,"href":"https:\/\/focotocantinense.com.br\/index.php?rest_route=\/wp\/v2\/posts\/6350\/revisions"}],"predecessor-version":[{"id":6352,"href":"https:\/\/focotocantinense.com.br\/index.php?rest_route=\/wp\/v2\/posts\/6350\/revisions\/6352"}],"wp:featuredmedia":[{"embeddable":true,"href":"https:\/\/focotocantinense.com.br\/index.php?rest_route=\/wp\/v2\/media\/6351"}],"wp:attachment":[{"href":"https:\/\/focotocantinense.com.br\/index.php?rest_route=%2Fwp%2Fv2%2Fmedia&parent=6350"}],"wp:term":[{"taxonomy":"category","embeddable":true,"href":"https:\/\/focotocantinense.com.br\/index.php?rest_route=%2Fwp%2Fv2%2Fcategories&post=6350"},{"taxonomy":"post_tag","embeddable":true,"href":"https:\/\/focotocantinense.com.br\/index.php?rest_route=%2Fwp%2Fv2%2Ftags&post=6350"}],"curies":[{"name":"wp","href":"https:\/\/api.w.org\/{rel}","templated":true}]}}