{"id":6337,"date":"2023-11-22T17:43:39","date_gmt":"2023-11-22T20:43:39","guid":{"rendered":"https:\/\/focotocantinense.com.br\/?p=6337"},"modified":"2023-11-22T17:45:57","modified_gmt":"2023-11-22T20:45:57","slug":"6337","status":"publish","type":"post","link":"https:\/\/focotocantinense.com.br\/?p=6337","title":{"rendered":"Alunos de escola municipal de Tocant\u00ednia s\u00e3o beneficiados com aula tecnol\u00f3gica"},"content":{"rendered":"\n<p><strong>Por Zacarias Martins<\/strong><\/p>\n\n\n\n<p>Integrante da Rede Municipal de Educa\u00e7\u00e3o de Tocant\u00ednia, a Escola Municipal Professor Constantino Pedro de Castro realizou nesta quarta-feira, 22, a primeira aula tecnol\u00f3gica com a turma do 5\u00b0 ano.<\/p>\n\n\n\n<p>A aula foi ministrada pela professora Maria Elcione Pinto Lima com o componente curricular L\u00edngua Portuguesa, onde os alunos realizaram uma pesquisa usando os celulares.<\/p>\n\n\n\n<p>O tema da pesquisa era sobre escritores negros brasileiros, o g\u00eanero textual biografia, que faz parte da tem\u00e1tica do 4\u00b0 bimestre do Projeto Leitura Viva &#8211; Cultura Negra Identidade Brasileira.<\/p>\n\n\n\n<p>Nessa aula estavam presentes a gestora da unidade escola, Jucilene Martins Louzeira, a coordenadora pedag\u00f3gica, Ana Raquel Brito da Cruz e o secret\u00e1rio municipal de Educa\u00e7\u00e3o, Andr\u00e9 Goveia, que ressaltou a import\u00e2ncia do uso dos celulares em sala de aula para a realiza\u00e7\u00e3o de pesquisas, v\u00eddeos, fotografia e jogos educativos, dentre outras atividades que podem perfeitamente serem usadas como ferramenta pedag\u00f3gica de ensino e aprendizagem.<\/p>\n\n\n\n<p>As atividades desenvolvidas nessa atividade escolar encerraram-se com os depoimentos dos alunos que ressaltaram a import\u00e2ncia do uso da tecnologia dentro da sala de aula.<\/p>\n\n\n\n<p>A aluna Maria Fernanda Cardoso Reis informou que a pesquisa que realizou no aparelho celular foi sobre a escritora Heloisa Pires Lima. \u201cAchei interessante porque mostrou sua produ\u00e7\u00e3o acad\u00eamica, quest\u00f5es te\u00f3ricas e antropologia. Essa pesquisa, da forma como foi feita, foi bastante enriquecedora, porque no celular \u00e9 bem mais r\u00e1pido e interessante. Podemos aprender com satisfa\u00e7\u00e3o\u201d, asseverou.<\/p>\n\n\n\n<p>J\u00e1 Andrei Mendes Oliveira Guimar\u00e3es foi outro aluno que falou da sua felicidade com o uso do\u00a0 celular\u00a0 na sala de aula. \u201cFoi uma experi\u00eancia gratificante. Aprendi com mais facilidade tudo que a professora nos ensinou\u201d, concluiu.<\/p>\n\n\n\n<figure class=\"wp-block-image size-full is-resized\"><img loading=\"lazy\" decoding=\"async\" width=\"660\" height=\"461\" src=\"https:\/\/focotocantinense.com.br\/wp-content\/uploads\/2023\/11\/6bc5d5fd-d9e9-4e9f-ad6b-17c20ec6136c.jpg\" alt=\"\" class=\"wp-image-6343\" style=\"width:840px;height:auto\" srcset=\"https:\/\/focotocantinense.com.br\/wp-content\/uploads\/2023\/11\/6bc5d5fd-d9e9-4e9f-ad6b-17c20ec6136c.jpg 660w, https:\/\/focotocantinense.com.br\/wp-content\/uploads\/2023\/11\/6bc5d5fd-d9e9-4e9f-ad6b-17c20ec6136c-300x210.jpg 300w\" sizes=\"auto, (max-width: 660px) 100vw, 660px\" \/><\/figure>\n\n\n\n<p><\/p>\n\n\n\n<figure class=\"wp-block-image size-full is-resized\"><img loading=\"lazy\" decoding=\"async\" width=\"651\" height=\"454\" src=\"https:\/\/focotocantinense.com.br\/wp-content\/uploads\/2023\/11\/ccccc.jpg\" alt=\"\" class=\"wp-image-6341\" style=\"width:840px;height:auto\" srcset=\"https:\/\/focotocantinense.com.br\/wp-content\/uploads\/2023\/11\/ccccc.jpg 651w, https:\/\/focotocantinense.com.br\/wp-content\/uploads\/2023\/11\/ccccc-300x209.jpg 300w\" sizes=\"auto, (max-width: 651px) 100vw, 651px\" \/><\/figure>\n\n\n\n<p><\/p>\n\n\n\n<p><\/p>\n\n\n\n<figure class=\"wp-block-image size-full is-resized\"><img loading=\"lazy\" decoding=\"async\" width=\"651\" height=\"454\" src=\"https:\/\/focotocantinense.com.br\/wp-content\/uploads\/2023\/11\/ccccc.jpg\" alt=\"\" class=\"wp-image-6341\" style=\"width:840px;height:auto\" srcset=\"https:\/\/focotocantinense.com.br\/wp-content\/uploads\/2023\/11\/ccccc.jpg 651w, https:\/\/focotocantinense.com.br\/wp-content\/uploads\/2023\/11\/ccccc-300x209.jpg 300w\" sizes=\"auto, (max-width: 651px) 100vw, 651px\" \/><\/figure>\n\n\n\n<p><\/p>\n\n\n\n<p><\/p>\n\n\n\n<figure class=\"wp-block-image size-full\"><img loading=\"lazy\" decoding=\"async\" width=\"640\" height=\"193\" src=\"https:\/\/focotocantinense.com.br\/wp-content\/uploads\/2023\/11\/VINI_181.jpg\" alt=\"\" class=\"wp-image-6339\" srcset=\"https:\/\/focotocantinense.com.br\/wp-content\/uploads\/2023\/11\/VINI_181.jpg 640w, https:\/\/focotocantinense.com.br\/wp-content\/uploads\/2023\/11\/VINI_181-300x90.jpg 300w\" sizes=\"auto, (max-width: 640px) 100vw, 640px\" \/><\/figure>\n","protected":false},"excerpt":{"rendered":"<p>Por Zacarias Martins Integrante da Rede Municipal de Educa\u00e7\u00e3o de Tocant\u00ednia, a Escola Municipal Professor Constantino Pedro de Castro realizou nesta quarta-feira, 22, a primeira aula tecnol\u00f3gica com a turma do 5\u00b0 ano. A aula foi ministrada pela professora Maria Elcione Pinto Lima com o componente curricular L\u00edngua Portuguesa, onde os alunos realizaram uma pesquisa &hellip;<\/p>\n","protected":false},"author":5,"featured_media":6338,"comment_status":"open","ping_status":"open","sticky":false,"template":"","format":"standard","meta":{"footnotes":""},"categories":[78],"tags":[],"class_list":["post-6337","post","type-post","status-publish","format-standard","has-post-thumbnail","","category-tocantinia"],"_links":{"self":[{"href":"https:\/\/focotocantinense.com.br\/index.php?rest_route=\/wp\/v2\/posts\/6337","targetHints":{"allow":["GET"]}}],"collection":[{"href":"https:\/\/focotocantinense.com.br\/index.php?rest_route=\/wp\/v2\/posts"}],"about":[{"href":"https:\/\/focotocantinense.com.br\/index.php?rest_route=\/wp\/v2\/types\/post"}],"author":[{"embeddable":true,"href":"https:\/\/focotocantinense.com.br\/index.php?rest_route=\/wp\/v2\/users\/5"}],"replies":[{"embeddable":true,"href":"https:\/\/focotocantinense.com.br\/index.php?rest_route=%2Fwp%2Fv2%2Fcomments&post=6337"}],"version-history":[{"count":3,"href":"https:\/\/focotocantinense.com.br\/index.php?rest_route=\/wp\/v2\/posts\/6337\/revisions"}],"predecessor-version":[{"id":6345,"href":"https:\/\/focotocantinense.com.br\/index.php?rest_route=\/wp\/v2\/posts\/6337\/revisions\/6345"}],"wp:featuredmedia":[{"embeddable":true,"href":"https:\/\/focotocantinense.com.br\/index.php?rest_route=\/wp\/v2\/media\/6338"}],"wp:attachment":[{"href":"https:\/\/focotocantinense.com.br\/index.php?rest_route=%2Fwp%2Fv2%2Fmedia&parent=6337"}],"wp:term":[{"taxonomy":"category","embeddable":true,"href":"https:\/\/focotocantinense.com.br\/index.php?rest_route=%2Fwp%2Fv2%2Fcategories&post=6337"},{"taxonomy":"post_tag","embeddable":true,"href":"https:\/\/focotocantinense.com.br\/index.php?rest_route=%2Fwp%2Fv2%2Ftags&post=6337"}],"curies":[{"name":"wp","href":"https:\/\/api.w.org\/{rel}","templated":true}]}}