{"id":6334,"date":"2023-11-22T11:37:18","date_gmt":"2023-11-22T14:37:18","guid":{"rendered":"https:\/\/focotocantinense.com.br\/?p=6334"},"modified":"2023-11-22T11:37:19","modified_gmt":"2023-11-22T14:37:19","slug":"deputado-federal-antonio-andrade-tem-dia-agitado-em-brasilia","status":"publish","type":"post","link":"https:\/\/focotocantinense.com.br\/?p=6334","title":{"rendered":"Deputado Federal Antonio Andrade tem dia agitado em Bras\u00edlia"},"content":{"rendered":"\n<p>O Deputado Federal Antonio Andrade, representante do povo tocantinense em Bras\u00edlia, viveu um dia agitado e repleto de compromissos na capital federal nesta ter\u00e7a-feira, 21 de novembro.<\/p>\n\n\n\n<p>Com uma agenda intensa, o parlamentar desempenhou diversas atividades e participou de importantes reuni\u00f5es no cen\u00e1rio pol\u00edtico nacional.<\/p>\n\n\n\n<p>Manh\u00e3 movimentada na Comiss\u00e3o de Sa\u00fade<\/p>\n\n\n\n<p>O dia come\u00e7ou cedo para parlamentar, que participou de uma audi\u00eancia p\u00fablica na comiss\u00e3o de Sa\u00fade, onde \u00e9 membro titular. Entre os assuntos discutidos, o deputado ressaltou o trabalho \u00edmpar que o Sistema \u00danico de Sa\u00fade desenvolve para todos os brasileiros, sem exce\u00e7\u00e3o.<\/p>\n\n\n\n<p>Participa\u00e7\u00e3o na reuni\u00e3o de bancada<\/p>\n\n\n\n<p>No per\u00edodo da tarde, Toinho Andrade esteve ativamente envolvido na reuni\u00e3o de bancada tocantinense. Os oito parlamentares se reuniram para definir as prioridades para o Or\u00e7amento de 2024. O parlamentar demonstrou seu comprometimento com o Estado, bem como em a\u00e7\u00f5es voltadas para o desenvolvimento econ\u00f4mico e social do Tocantins.<\/p>\n\n\n\n<p>Visitas no gabinete<\/p>\n\n\n\n<p>Al\u00e9m das atividades legislativas, o deputado reservou parte de seu tempo para se encontrar com pol\u00edticos e lideran\u00e7as em seu gabinete. O secretario de Turismo, Hercy Filho, a secretaria da Mulher, Berenice Barbosa, vereadores, prefeitos e lideran\u00e7as, foram ao gabinete para tratar de suas demandas com o parlamentar.<\/p>\n\n\n\n<p>Conclus\u00e3o do dia agitado<\/p>\n\n\n\n<p>Antonio Andrade refletiu sobre os desafios enfrentados e destacou a import\u00e2ncia do trabalho conjunto no cen\u00e1rio pol\u00edtico para o desenvolvimento do pa\u00eds. \u201cReafirmo meu compromisso com os tocantinenses e reitero meu empenho em representar os interesses da popula\u00e7\u00e3o no Congresso Nacional. Estamos definindo o Or\u00e7amento para 2024e se Deus quiser, dar\u00e1 tudo certo\u201d.<\/p>\n","protected":false},"excerpt":{"rendered":"<p>O Deputado Federal Antonio Andrade, representante do povo tocantinense em Bras\u00edlia, viveu um dia agitado e repleto de compromissos na capital federal nesta ter\u00e7a-feira, 21 de novembro. Com uma agenda intensa, o parlamentar desempenhou diversas atividades e participou de importantes reuni\u00f5es no cen\u00e1rio pol\u00edtico nacional. Manh\u00e3 movimentada na Comiss\u00e3o de Sa\u00fade O dia come\u00e7ou cedo &hellip;<\/p>\n","protected":false},"author":5,"featured_media":6335,"comment_status":"open","ping_status":"open","sticky":false,"template":"","format":"standard","meta":{"footnotes":""},"categories":[1],"tags":[],"class_list":["post-6334","post","type-post","status-publish","format-standard","has-post-thumbnail","","category-sem-categoria"],"_links":{"self":[{"href":"https:\/\/focotocantinense.com.br\/index.php?rest_route=\/wp\/v2\/posts\/6334","targetHints":{"allow":["GET"]}}],"collection":[{"href":"https:\/\/focotocantinense.com.br\/index.php?rest_route=\/wp\/v2\/posts"}],"about":[{"href":"https:\/\/focotocantinense.com.br\/index.php?rest_route=\/wp\/v2\/types\/post"}],"author":[{"embeddable":true,"href":"https:\/\/focotocantinense.com.br\/index.php?rest_route=\/wp\/v2\/users\/5"}],"replies":[{"embeddable":true,"href":"https:\/\/focotocantinense.com.br\/index.php?rest_route=%2Fwp%2Fv2%2Fcomments&post=6334"}],"version-history":[{"count":1,"href":"https:\/\/focotocantinense.com.br\/index.php?rest_route=\/wp\/v2\/posts\/6334\/revisions"}],"predecessor-version":[{"id":6336,"href":"https:\/\/focotocantinense.com.br\/index.php?rest_route=\/wp\/v2\/posts\/6334\/revisions\/6336"}],"wp:featuredmedia":[{"embeddable":true,"href":"https:\/\/focotocantinense.com.br\/index.php?rest_route=\/wp\/v2\/media\/6335"}],"wp:attachment":[{"href":"https:\/\/focotocantinense.com.br\/index.php?rest_route=%2Fwp%2Fv2%2Fmedia&parent=6334"}],"wp:term":[{"taxonomy":"category","embeddable":true,"href":"https:\/\/focotocantinense.com.br\/index.php?rest_route=%2Fwp%2Fv2%2Fcategories&post=6334"},{"taxonomy":"post_tag","embeddable":true,"href":"https:\/\/focotocantinense.com.br\/index.php?rest_route=%2Fwp%2Fv2%2Ftags&post=6334"}],"curies":[{"name":"wp","href":"https:\/\/api.w.org\/{rel}","templated":true}]}}