{"id":6317,"date":"2023-11-20T17:06:28","date_gmt":"2023-11-20T20:06:28","guid":{"rendered":"https:\/\/focotocantinense.com.br\/?p=6317"},"modified":"2023-11-20T17:30:44","modified_gmt":"2023-11-20T20:30:44","slug":"programacao-da-semana-da-consciencia-negra-movimenta-escolas-municipais-de-tocantinia","status":"publish","type":"post","link":"https:\/\/focotocantinense.com.br\/?p=6317","title":{"rendered":"Programa\u00e7\u00e3o da Semana da Consci\u00eancia Negra movimenta escolas municipais de Tocant\u00ednia"},"content":{"rendered":"\n<p><strong>Por Leontina Martins<\/strong><\/p>\n\n\n\n<p>A Semana da Consci\u00eancia Negra teve programa\u00e7\u00e3o movimentada nas escolas que comp\u00f5em a Rede Municipal de Educa\u00e7\u00e3o de Tocant\u00ednia. As escolas municipais realizaram a culmin\u00e2ncia do Projeto Leitura Viva, referente ao quarto bimestre letivo.<\/p>\n\n\n\n<p>Na Escola Municipal de Tempo Integral Ant\u00f4nio Benvindo Luz, por exemplo, a tem\u00e1tica trabalhada com os alunos foi \u201c<strong><em>Cultura negra: identidade brasileira<\/em><\/strong>&#8220;.<\/p>\n\n\n\n<figure class=\"wp-block-image size-large is-resized\"><img loading=\"lazy\" decoding=\"async\" width=\"771\" height=\"1024\" src=\"https:\/\/focotocantinense.com.br\/wp-content\/uploads\/2023\/11\/aaaaaaaaaaaaaaaaaaaa-771x1024.jpg\" alt=\"\" class=\"wp-image-6328\" style=\"width:402px;height:auto\" srcset=\"https:\/\/focotocantinense.com.br\/wp-content\/uploads\/2023\/11\/aaaaaaaaaaaaaaaaaaaa-771x1024.jpg 771w, https:\/\/focotocantinense.com.br\/wp-content\/uploads\/2023\/11\/aaaaaaaaaaaaaaaaaaaa-226x300.jpg 226w, https:\/\/focotocantinense.com.br\/wp-content\/uploads\/2023\/11\/aaaaaaaaaaaaaaaaaaaa-768x1021.jpg 768w, https:\/\/focotocantinense.com.br\/wp-content\/uploads\/2023\/11\/aaaaaaaaaaaaaaaaaaaa-1156x1536.jpg 1156w, https:\/\/focotocantinense.com.br\/wp-content\/uploads\/2023\/11\/aaaaaaaaaaaaaaaaaaaa.jpg 1204w\" sizes=\"auto, (max-width: 771px) 100vw, 771px\" \/><\/figure>\n\n\n\n<p><\/p>\n\n\n\n<p><\/p>\n\n\n\n<figure class=\"wp-block-image size-full is-resized\"><img loading=\"lazy\" decoding=\"async\" width=\"498\" height=\"272\" src=\"https:\/\/focotocantinense.com.br\/wp-content\/uploads\/2023\/11\/image.png\" alt=\"\" class=\"wp-image-6318\" style=\"width:832px;height:auto\" srcset=\"https:\/\/focotocantinense.com.br\/wp-content\/uploads\/2023\/11\/image.png 498w, https:\/\/focotocantinense.com.br\/wp-content\/uploads\/2023\/11\/image-300x164.png 300w\" sizes=\"auto, (max-width: 498px) 100vw, 498px\" \/><\/figure>\n\n\n\n<p><strong>Visitas ilustres<\/strong><\/p>\n\n\n\n<p>Na sexta-feira, dia 17, participaram da programa\u00e7\u00e3o, os alunos do 1\u00b0 ao 6\u00b0 ano do ensino fundamental e corpo docente. Na ocasi\u00e3o esteve prestigiando o evento, uma comitiva de intelectuais de Bras\u00edlia, formada pelo cordelista Gustavo Dourado, que \u00e9 presidente da Academia Taguatinguense de Letras, no Distrito Federal, sua esposa, a poeta e jornalista Maria F\u00e9lix Fontele, al\u00e9m do filho \u00a0\u00a0do casal, o cineasta e roteirista Gustavo Fontele.<\/p>\n\n\n\n<p><\/p>\n\n\n\n<figure class=\"wp-block-image size-full is-resized\"><img loading=\"lazy\" decoding=\"async\" width=\"527\" height=\"395\" src=\"https:\/\/focotocantinense.com.br\/wp-content\/uploads\/2023\/11\/image-1.png\" alt=\"\" class=\"wp-image-6322\" style=\"width:835px;height:auto\" srcset=\"https:\/\/focotocantinense.com.br\/wp-content\/uploads\/2023\/11\/image-1.png 527w, https:\/\/focotocantinense.com.br\/wp-content\/uploads\/2023\/11\/image-1-300x225.png 300w\" sizes=\"auto, (max-width: 527px) 100vw, 527px\" \/><\/figure>\n\n\n\n<p><\/p>\n\n\n\n<p>Acompanhados pelo poeta e jornalista tocantinense Zacarias Martins e pelo secret\u00e1rio de Educa\u00e7\u00e3o do munic\u00edpio, o professor Andr\u00e9 Gouveia, os visitantes ilustres se encantaram com as apresenta\u00e7\u00f5es dos alunos referentes \u00e0 tem\u00e1tica da consci\u00eancia negra, momento em que lhes foram apresentados\u00a0 uma pequena mostra da culin\u00e1ria brasileira, brincadeiras de origem africanas,\u00a0artesanato\u00a0e a hist\u00f3ria que fez o Brasil em que vivemos. Na oportunidade, tanto Gustavo Dourado quanto Maria F\u00e9lix fizeram um recital de poesias.<\/p>\n\n\n\n<figure class=\"wp-block-image size-full is-resized\"><img loading=\"lazy\" decoding=\"async\" width=\"496\" height=\"267\" src=\"https:\/\/focotocantinense.com.br\/wp-content\/uploads\/2023\/11\/image-2.png\" alt=\"\" class=\"wp-image-6324\" style=\"width:840px;height:auto\" srcset=\"https:\/\/focotocantinense.com.br\/wp-content\/uploads\/2023\/11\/image-2.png 496w, https:\/\/focotocantinense.com.br\/wp-content\/uploads\/2023\/11\/image-2-300x161.png 300w\" sizes=\"auto, (max-width: 496px) 100vw, 496px\" \/><\/figure>\n\n\n\n<p>A gestora da Unidade Escolar, Simone de Jesus Silva, disse que se sentia honrada com a presen\u00e7a dos ilustres visitantes e aproveitou para agradecer \u00e0 gest\u00e3o municipal pelo apoio que vem recebendo para desenvolver um projeto pedag\u00f3gico \u00a0que tem se revestido de forma muito positiva junto ao alunado.<\/p>\n\n\n\n<p><\/p>\n\n\n\n<figure class=\"wp-block-image size-full is-resized\"><img loading=\"lazy\" decoding=\"async\" width=\"515\" height=\"396\" src=\"https:\/\/focotocantinense.com.br\/wp-content\/uploads\/2023\/11\/image-3.png\" alt=\"\" class=\"wp-image-6325\" style=\"width:840px;height:auto\" srcset=\"https:\/\/focotocantinense.com.br\/wp-content\/uploads\/2023\/11\/image-3.png 515w, https:\/\/focotocantinense.com.br\/wp-content\/uploads\/2023\/11\/image-3-300x231.png 300w\" sizes=\"auto, (max-width: 515px) 100vw, 515px\" \/><\/figure>\n\n\n\n<p>,,,,<\/p>\n\n\n\n<p><strong>scola de Assentamento<\/strong><\/p>\n\n\n\n<p>Os alunos da Escola Municipal Benvindo Souza Luz, localizada no Assentamento \u00c1gua Fria II, tamb\u00e9m participaram da culmin\u00e2ncia do Projeto Leitura Viva, do quarto bimestre. &nbsp;O tema trabalhado com os alunos da educa\u00e7\u00e3o infantil ao nono ano do ensino fundamental, foi \u201c<strong><em>Cultura Negra, identidade brasileira<\/em><\/strong>\u201d. &nbsp;Tamb\u00e9m, todos os servidores da escola se envolveram nessa a\u00e7\u00e3o.<\/p>\n\n\n\n<p><strong>Incentivo \u00e0 leitura<\/strong><\/p>\n\n\n\n<p><\/p>\n\n\n\n<figure class=\"wp-block-image size-full is-resized\"><img loading=\"lazy\" decoding=\"async\" width=\"497\" height=\"373\" src=\"https:\/\/focotocantinense.com.br\/wp-content\/uploads\/2023\/11\/image-4.png\" alt=\"\" class=\"wp-image-6326\" style=\"width:840px;height:auto\" srcset=\"https:\/\/focotocantinense.com.br\/wp-content\/uploads\/2023\/11\/image-4.png 497w, https:\/\/focotocantinense.com.br\/wp-content\/uploads\/2023\/11\/image-4-300x225.png 300w\" sizes=\"auto, (max-width: 497px) 100vw, 497px\" \/><\/figure>\n\n\n\n<blockquote class=\"wp-block-quote is-layout-flow wp-block-quote-is-layout-flow\">\n<p>A Escola Ana Alves de Brito no povoado Palminha tamb\u00e9m desenvolveu a tem\u00e1tica da consci\u00eancia negra apresentando desfile da beleza negra, apresenta\u00e7\u00e3o de teatro, apresenta\u00e7\u00e3o de pesquisas e estudos hist\u00f3ricos bem como debate sobre preconceito e oportunidades para o p\u00fablico negro na sociedade.<\/p>\n<\/blockquote>\n\n\n\n<p>O secret\u00e1rio de Educa\u00e7\u00e3o Andr\u00e9 Goveia falou sobre a import\u00e2ncia dessa e de outras iniciativas que integram o leque de a\u00e7\u00f5es do Projeto Leitura Viva, buscando, principalmente, a aquisi\u00e7\u00e3o de novos conhecimentos. \u201cAl\u00e9m do incentivo \u00e0 leitura e a produ\u00e7\u00e3o textual, buscamos incrementar ainda mais o ensino aprendizagem dos alunos das escolas municipais de Tocant\u00ednia, sempre de forma bastante criativa e l\u00fadica\u201d, concluiu o secret\u00e1rio.<\/p>\n\n\n\n<p><\/p>\n\n\n\n<figure class=\"wp-block-image size-full is-resized\"><img loading=\"lazy\" decoding=\"async\" width=\"557\" height=\"254\" src=\"https:\/\/focotocantinense.com.br\/wp-content\/uploads\/2023\/11\/image-5.png\" alt=\"\" class=\"wp-image-6327\" style=\"width:840px;height:auto\" srcset=\"https:\/\/focotocantinense.com.br\/wp-content\/uploads\/2023\/11\/image-5.png 557w, https:\/\/focotocantinense.com.br\/wp-content\/uploads\/2023\/11\/image-5-300x137.png 300w\" sizes=\"auto, (max-width: 557px) 100vw, 557px\" \/><\/figure>\n\n\n\n<p><\/p>\n\n\n\n<figure class=\"wp-block-image size-full\"><img loading=\"lazy\" decoding=\"async\" width=\"640\" height=\"193\" src=\"https:\/\/focotocantinense.com.br\/wp-content\/uploads\/2023\/11\/VINI-1.jpg\" alt=\"\" class=\"wp-image-6281\" srcset=\"https:\/\/focotocantinense.com.br\/wp-content\/uploads\/2023\/11\/VINI-1.jpg 640w, https:\/\/focotocantinense.com.br\/wp-content\/uploads\/2023\/11\/VINI-1-300x90.jpg 300w\" sizes=\"auto, (max-width: 640px) 100vw, 640px\" \/><\/figure>\n","protected":false},"excerpt":{"rendered":"<p>Por Leontina Martins A Semana da Consci\u00eancia Negra teve programa\u00e7\u00e3o movimentada nas escolas que comp\u00f5em a Rede Municipal de Educa\u00e7\u00e3o de Tocant\u00ednia. As escolas municipais realizaram a culmin\u00e2ncia do Projeto Leitura Viva, referente ao quarto bimestre letivo. Na Escola Municipal de Tempo Integral Ant\u00f4nio Benvindo Luz, por exemplo, a tem\u00e1tica trabalhada com os alunos foi &hellip;<\/p>\n","protected":false},"author":5,"featured_media":6330,"comment_status":"open","ping_status":"open","sticky":false,"template":"","format":"standard","meta":{"footnotes":""},"categories":[78],"tags":[],"class_list":["post-6317","post","type-post","status-publish","format-standard","has-post-thumbnail","","category-tocantinia"],"_links":{"self":[{"href":"https:\/\/focotocantinense.com.br\/index.php?rest_route=\/wp\/v2\/posts\/6317","targetHints":{"allow":["GET"]}}],"collection":[{"href":"https:\/\/focotocantinense.com.br\/index.php?rest_route=\/wp\/v2\/posts"}],"about":[{"href":"https:\/\/focotocantinense.com.br\/index.php?rest_route=\/wp\/v2\/types\/post"}],"author":[{"embeddable":true,"href":"https:\/\/focotocantinense.com.br\/index.php?rest_route=\/wp\/v2\/users\/5"}],"replies":[{"embeddable":true,"href":"https:\/\/focotocantinense.com.br\/index.php?rest_route=%2Fwp%2Fv2%2Fcomments&post=6317"}],"version-history":[{"count":4,"href":"https:\/\/focotocantinense.com.br\/index.php?rest_route=\/wp\/v2\/posts\/6317\/revisions"}],"predecessor-version":[{"id":6329,"href":"https:\/\/focotocantinense.com.br\/index.php?rest_route=\/wp\/v2\/posts\/6317\/revisions\/6329"}],"wp:featuredmedia":[{"embeddable":true,"href":"https:\/\/focotocantinense.com.br\/index.php?rest_route=\/wp\/v2\/media\/6330"}],"wp:attachment":[{"href":"https:\/\/focotocantinense.com.br\/index.php?rest_route=%2Fwp%2Fv2%2Fmedia&parent=6317"}],"wp:term":[{"taxonomy":"category","embeddable":true,"href":"https:\/\/focotocantinense.com.br\/index.php?rest_route=%2Fwp%2Fv2%2Fcategories&post=6317"},{"taxonomy":"post_tag","embeddable":true,"href":"https:\/\/focotocantinense.com.br\/index.php?rest_route=%2Fwp%2Fv2%2Ftags&post=6317"}],"curies":[{"name":"wp","href":"https:\/\/api.w.org\/{rel}","templated":true}]}}