{"id":6313,"date":"2023-11-16T07:28:08","date_gmt":"2023-11-16T10:28:08","guid":{"rendered":"https:\/\/focotocantinense.com.br\/?p=6313"},"modified":"2023-11-16T07:28:09","modified_gmt":"2023-11-16T10:28:09","slug":"governador-wanderlei-barbosa-prestigia-festividade-de-65-anos-de-gurupi","status":"publish","type":"post","link":"https:\/\/focotocantinense.com.br\/?p=6313","title":{"rendered":"Governador Wanderlei Barbosa prestigia festividade de 65 anos de Gurupi"},"content":{"rendered":"\n<p><em>Evento contou com shows nacionais de Flaguim Moral e Cleiton Farias &amp; Forr\u00f3 da Espora<\/em><\/p>\n\n\n\n<p><strong>&nbsp;Nayara Borges\/Governo do Tocantins<\/strong><\/p>\n\n\n\n<p>Na noite desta ter\u00e7a-feira, 14, o governador Wanderlei Barbosa, acompanhado da primeira-dama Karynne Sotero, e o vice-governador Laurez Moreira, prestigiaram a comemora\u00e7\u00e3o dos 65 anos da cidade de Gurupi. A festividade teve shows do Flaguim Moral; Cleiton Farias &amp; Forr\u00f3 da Espora e DJ L\u00e9lis, respons\u00e1veis por alegrar a noite dos gurupienses. O evento \u00e9 uma realiza\u00e7\u00e3o do Governo do Tocantins e da Prefeitura de Gurupi. Participaram da celebra\u00e7\u00e3o autoridades locais, l\u00edderes comunit\u00e1rios e cidad\u00e3os entusiasmados para celebrar o anivers\u00e1rio da cidade.<\/p>\n\n\n\n<p>O governador Wanderlei Barbosa destacou o comprometimento do Governo Tocantins com o desenvolvimento e o bem-estar da popula\u00e7\u00e3o de Gurupi, ressaltando a import\u00e2ncia da cidade na hist\u00f3ria do Estado.<\/p>\n\n\n\n<p>&nbsp;\u201c\u00c9 com grande satisfa\u00e7\u00e3o e honra que estou aqui hoje para celebrar junto com voc\u00eas os 65 anos desta cidade. Gurupi, ao longo dos anos, se tornou um pilar fundamental no desenvolvimento do Tocantins. Reitero o compromisso do Governo do Tocantins, com o desenvolvimento e o bem-estar de Gurupi, iremos continuar trabalhando juntos trazendo investimentos em infraestrutura, educa\u00e7\u00e3o, sa\u00fade, seguran\u00e7a p\u00fablica e cultura para toda popula\u00e7\u00e3o. Juntos, continuaremos a construir um Tocantins mais forte e pr\u00f3spero para todos os tocantinenses\u201d afirmou o chefe de estado, Wanderlei Barbosa.<\/p>\n\n\n\n<p>Prefeito por dois mandatos da cidade de Gurupi, o vice-governador Laurez Moreira, enfatizou sua alegria em comemorar junto com a popula\u00e7\u00e3o os 65 anos de Gurupi e o seu orgulho em ter feito parte da hist\u00f3ria da cidade.<\/p>\n\n\n\n<p>\u201cTive o prazer de ser prefeito por dois mandatos dessa linda cidade, sendo testemunha e participando ativamente do crescimento do munic\u00edpio. Gurupi desempenha um papel fundamental no desenvolvimento do Tocantins, \u00e9 a terceira maior cidade do nosso Estado e principal polo de desenvolvimento da regi\u00e3o sul do Estado. Deixo aqui o meu abra\u00e7o a todos os gurupienses, parab\u00e9ns pelos 65 anos e vamos junto continuar trabalhando pelo desenvolvimento cont\u00ednuo dessa linda cidade\u201d, afirma o vice-governador Laurez Moreira<\/p>\n\n\n\n<p>A prefeita da cidade, Josi Nunes, agradeceu a parceria do Governo do Tocantins com o munic\u00edpio que propiciou a realiza\u00e7\u00e3o desta grande comemora\u00e7\u00e3o de 65 anos de emancipa\u00e7\u00e3o de Gurupi.<\/p>\n\n\n\n<p>&nbsp;\u201cQuero agradecer ao governador Wanderlei Barbosa e ao vice-governador Laurez Moreira, pela parceria para realizarmos esse grandioso evento a todos os gurupienses. Foram dois dias de show para fechar com chave de ouro uma programa\u00e7\u00e3o que foi recheada de entregas de obras para a nossa popula\u00e7\u00e3o\u201d, disse a prefeita Josi Nunes.<\/p>\n\n\n\n<p>Com investimentos na sa\u00fade, em infraestrutura, fomento no com\u00e9rcio, agroneg\u00f3cio, incentivo na educa\u00e7\u00e3o e tecnologia, o Governo do Tocantins se destaca na execu\u00e7\u00e3o de pol\u00edticas p\u00fablicas em uma das cidades mais expoentes do Estado.<\/p>\n\n\n\n<p><strong>&nbsp;Programa\u00e7\u00e3o<\/strong><\/p>\n\n\n\n<p>Os shows ocorreram na Avenida Par\u00e1, pr\u00f3ximo \u00e0 sede da Funda\u00e7\u00e3o UnirG, foram dois dias de festividades com in\u00edcio no dia 13 de novembro, v\u00e9spera do anivers\u00e1rio de Gurupi, e as atra\u00e7\u00f5es da primeira noite foram: L\u00e9o Magalh\u00e3es, Guilherme Silva e Neg\u00e3o Chandon. J\u00e1 no dia 14, as atra\u00e7\u00f5es musicais foram Flaguim Moral; Cleiton Farias &amp; Forr\u00f3 da Espora e DJ L\u00e9lis.<\/p>\n\n\n\n<p><strong>Homenagem ao ex governador Jos\u00e9 Wilson&nbsp;&nbsp;Siqueira Campos<\/strong><\/p>\n\n\n\n<p>O governador Wanderlei Barbosa, acompanhado da primeira-dama Karynne Sotero, e do vice-governador Laurez Moreira participaram na tarde desta ter\u00e7a-feira, 14, da solenidade de inaugura\u00e7\u00e3o da 1\u00aa etapa da Via da Integra\u00e7\u00e3o Governador Siqueira Campos. A obra vai interligar as regi\u00f5es Leste e Oeste da cidade e otimizar a mobilidade urbana. A cerim\u00f4nia faz parte da programa\u00e7\u00e3o de 65 anos do munic\u00edpio.<\/p>\n","protected":false},"excerpt":{"rendered":"<p>Evento contou com shows nacionais de Flaguim Moral e Cleiton Farias &amp; Forr\u00f3 da Espora &nbsp;Nayara Borges\/Governo do Tocantins Na noite desta ter\u00e7a-feira, 14, o governador Wanderlei Barbosa, acompanhado da primeira-dama Karynne Sotero, e o vice-governador Laurez Moreira, prestigiaram a comemora\u00e7\u00e3o dos 65 anos da cidade de Gurupi. A festividade teve shows do Flaguim Moral; &hellip;<\/p>\n","protected":false},"author":5,"featured_media":6314,"comment_status":"open","ping_status":"open","sticky":false,"template":"","format":"standard","meta":{"footnotes":""},"categories":[1],"tags":[],"class_list":["post-6313","post","type-post","status-publish","format-standard","has-post-thumbnail","","category-sem-categoria"],"_links":{"self":[{"href":"https:\/\/focotocantinense.com.br\/index.php?rest_route=\/wp\/v2\/posts\/6313","targetHints":{"allow":["GET"]}}],"collection":[{"href":"https:\/\/focotocantinense.com.br\/index.php?rest_route=\/wp\/v2\/posts"}],"about":[{"href":"https:\/\/focotocantinense.com.br\/index.php?rest_route=\/wp\/v2\/types\/post"}],"author":[{"embeddable":true,"href":"https:\/\/focotocantinense.com.br\/index.php?rest_route=\/wp\/v2\/users\/5"}],"replies":[{"embeddable":true,"href":"https:\/\/focotocantinense.com.br\/index.php?rest_route=%2Fwp%2Fv2%2Fcomments&post=6313"}],"version-history":[{"count":1,"href":"https:\/\/focotocantinense.com.br\/index.php?rest_route=\/wp\/v2\/posts\/6313\/revisions"}],"predecessor-version":[{"id":6315,"href":"https:\/\/focotocantinense.com.br\/index.php?rest_route=\/wp\/v2\/posts\/6313\/revisions\/6315"}],"wp:featuredmedia":[{"embeddable":true,"href":"https:\/\/focotocantinense.com.br\/index.php?rest_route=\/wp\/v2\/media\/6314"}],"wp:attachment":[{"href":"https:\/\/focotocantinense.com.br\/index.php?rest_route=%2Fwp%2Fv2%2Fmedia&parent=6313"}],"wp:term":[{"taxonomy":"category","embeddable":true,"href":"https:\/\/focotocantinense.com.br\/index.php?rest_route=%2Fwp%2Fv2%2Fcategories&post=6313"},{"taxonomy":"post_tag","embeddable":true,"href":"https:\/\/focotocantinense.com.br\/index.php?rest_route=%2Fwp%2Fv2%2Ftags&post=6313"}],"curies":[{"name":"wp","href":"https:\/\/api.w.org\/{rel}","templated":true}]}}