{"id":6310,"date":"2023-11-16T07:19:06","date_gmt":"2023-11-16T10:19:06","guid":{"rendered":"https:\/\/focotocantinense.com.br\/?p=6310"},"modified":"2023-11-16T07:19:06","modified_gmt":"2023-11-16T10:19:06","slug":"deputado-antonio-andrade-participa-da-caravana-federativa-em-palmas","status":"publish","type":"post","link":"https:\/\/focotocantinense.com.br\/?p=6310","title":{"rendered":"Deputado Antonio Andrade participa da Caravana Federativa em Palmas"},"content":{"rendered":"\n<p>O evento aconteceu durante os dias 9 e 10 de novembro e aproximou o governo federal dos gestores tocantinenses<\/p>\n\n\n\n<p>O deputado federal Antonio Andrade esteve participando do encerramento da Caravana Federativa em Palmas, nesta sexta-feira 10 de novembro. Foram dois dias de evento que contaram com a presen\u00e7a de ministros, prefeitos, deputados federais e estaduais, vereadores, secret\u00e1rios de Estado e municipais, dentre outras autoridades.<\/p>\n\n\n\n<p>A Caravana tem como miss\u00e3o ampliar o alcance dos servi\u00e7os do Governo Federal, levando um atendimento mais pr\u00f3ximo aos estados e munic\u00edpios, atrav\u00e9s da participa\u00e7\u00e3o dos minist\u00e9rios, de entes federativos e tamb\u00e9m dos \u00f3rg\u00e3os p\u00fablicos. V\u00e1rios \u00f3rg\u00e3os federais prestaram atendimento aos participantes presentes, informando e tirando d\u00favidas sobre eventuais servi\u00e7os.<\/p>\n\n\n\n<p>Em sua fala, Antonio Andrade ressaltou; \u201cEsse evento \u00e9 de suma import\u00e2ncia, esse atendimento direto dos minist\u00e9rios aos munic\u00edpios \u00e9 um divisor de \u00e1guas. Tendo em vista cientes dos recursos dispon\u00edveis para a implanta\u00e7\u00e3o de projetos e a\u00e7\u00f5es os munic\u00edpios ir\u00e3o de forma respons\u00e1vel trabalhar para se habilitar e receber os recursos\u201d, concluiu o parlamentar.<\/p>\n\n\n\n<p>Assessoria de Comunica\u00e7\u00e3o &#8211; Deputado Federal Antonio Andrade<\/p>\n","protected":false},"excerpt":{"rendered":"<p>O evento aconteceu durante os dias 9 e 10 de novembro e aproximou o governo federal dos gestores tocantinenses O deputado federal Antonio Andrade esteve participando do encerramento da Caravana Federativa em Palmas, nesta sexta-feira 10 de novembro. Foram dois dias de evento que contaram com a presen\u00e7a de ministros, prefeitos, deputados federais e estaduais, &hellip;<\/p>\n","protected":false},"author":5,"featured_media":6311,"comment_status":"open","ping_status":"open","sticky":false,"template":"","format":"standard","meta":{"footnotes":""},"categories":[1],"tags":[],"class_list":["post-6310","post","type-post","status-publish","format-standard","has-post-thumbnail","","category-sem-categoria"],"_links":{"self":[{"href":"https:\/\/focotocantinense.com.br\/index.php?rest_route=\/wp\/v2\/posts\/6310","targetHints":{"allow":["GET"]}}],"collection":[{"href":"https:\/\/focotocantinense.com.br\/index.php?rest_route=\/wp\/v2\/posts"}],"about":[{"href":"https:\/\/focotocantinense.com.br\/index.php?rest_route=\/wp\/v2\/types\/post"}],"author":[{"embeddable":true,"href":"https:\/\/focotocantinense.com.br\/index.php?rest_route=\/wp\/v2\/users\/5"}],"replies":[{"embeddable":true,"href":"https:\/\/focotocantinense.com.br\/index.php?rest_route=%2Fwp%2Fv2%2Fcomments&post=6310"}],"version-history":[{"count":1,"href":"https:\/\/focotocantinense.com.br\/index.php?rest_route=\/wp\/v2\/posts\/6310\/revisions"}],"predecessor-version":[{"id":6312,"href":"https:\/\/focotocantinense.com.br\/index.php?rest_route=\/wp\/v2\/posts\/6310\/revisions\/6312"}],"wp:featuredmedia":[{"embeddable":true,"href":"https:\/\/focotocantinense.com.br\/index.php?rest_route=\/wp\/v2\/media\/6311"}],"wp:attachment":[{"href":"https:\/\/focotocantinense.com.br\/index.php?rest_route=%2Fwp%2Fv2%2Fmedia&parent=6310"}],"wp:term":[{"taxonomy":"category","embeddable":true,"href":"https:\/\/focotocantinense.com.br\/index.php?rest_route=%2Fwp%2Fv2%2Fcategories&post=6310"},{"taxonomy":"post_tag","embeddable":true,"href":"https:\/\/focotocantinense.com.br\/index.php?rest_route=%2Fwp%2Fv2%2Ftags&post=6310"}],"curies":[{"name":"wp","href":"https:\/\/api.w.org\/{rel}","templated":true}]}}