{"id":6307,"date":"2023-11-16T07:14:53","date_gmt":"2023-11-16T10:14:53","guid":{"rendered":"https:\/\/focotocantinense.com.br\/?p=6307"},"modified":"2023-11-16T07:14:54","modified_gmt":"2023-11-16T10:14:54","slug":"em-palmas-antonio-andrade-visita-defensoria-publica-para-tratar-de-projetos-em-prol-da-dpe-to","status":"publish","type":"post","link":"https:\/\/focotocantinense.com.br\/?p=6307","title":{"rendered":"Em Palmas, Antonio Andrade visita Defensoria P\u00fablica para tratar de projetos em prol da DPE\/TO"},"content":{"rendered":"\n<p>\u201cTenho ci\u00eancia que a DPE\/TO \u00e9 uma institui\u00e7\u00e3o que presta um servi\u00e7o p\u00fablico de alta relev\u00e2ncia para quem mais precisa\u201d, frisou o parlamentar<\/p>\n\n\n\n<p>Cumprindo agenda da sexta-feira, 10 de novembro, o deputado federal Antonio Andrade, se reuniu com o defensor p\u00fablico federal, Igor de Andrade Barbosa. Na oportunidade, foram debatidos assuntos referentes a parcerias e iniciativas que venham a beneficiar os cidad\u00e3os.<\/p>\n\n\n\n<p>Em entrevista o deputado elogiou a forma como o Dr. Igor Andrade vem conduzindo os trabalhos no Estado. \u201cTive uma conversa importante e proveitosa com o defensor p\u00fablico federal, Igor de Andrade Barbosa. Me coloquei mais uma vez \u00e0 disposi\u00e7\u00e3o na C\u00e2mara Federal para qualquer necessidade, pois tenho ci\u00eancia da import\u00e2ncia do trabalho desenvolvido pela Defensoria por todo o Tocantins\u201d, pontuou o parlamentar.<\/p>\n\n\n\n<p>Assessoria de Comunica\u00e7\u00e3o \u2013 Deputado Federal Antonio Andrade<\/p>\n","protected":false},"excerpt":{"rendered":"<p>\u201cTenho ci\u00eancia que a DPE\/TO \u00e9 uma institui\u00e7\u00e3o que presta um servi\u00e7o p\u00fablico de alta relev\u00e2ncia para quem mais precisa\u201d, frisou o parlamentar Cumprindo agenda da sexta-feira, 10 de novembro, o deputado federal Antonio Andrade, se reuniu com o defensor p\u00fablico federal, Igor de Andrade Barbosa. Na oportunidade, foram debatidos assuntos referentes a parcerias e &hellip;<\/p>\n","protected":false},"author":5,"featured_media":6308,"comment_status":"open","ping_status":"open","sticky":false,"template":"","format":"standard","meta":{"footnotes":""},"categories":[1],"tags":[],"class_list":["post-6307","post","type-post","status-publish","format-standard","has-post-thumbnail","","category-sem-categoria"],"_links":{"self":[{"href":"https:\/\/focotocantinense.com.br\/index.php?rest_route=\/wp\/v2\/posts\/6307","targetHints":{"allow":["GET"]}}],"collection":[{"href":"https:\/\/focotocantinense.com.br\/index.php?rest_route=\/wp\/v2\/posts"}],"about":[{"href":"https:\/\/focotocantinense.com.br\/index.php?rest_route=\/wp\/v2\/types\/post"}],"author":[{"embeddable":true,"href":"https:\/\/focotocantinense.com.br\/index.php?rest_route=\/wp\/v2\/users\/5"}],"replies":[{"embeddable":true,"href":"https:\/\/focotocantinense.com.br\/index.php?rest_route=%2Fwp%2Fv2%2Fcomments&post=6307"}],"version-history":[{"count":1,"href":"https:\/\/focotocantinense.com.br\/index.php?rest_route=\/wp\/v2\/posts\/6307\/revisions"}],"predecessor-version":[{"id":6309,"href":"https:\/\/focotocantinense.com.br\/index.php?rest_route=\/wp\/v2\/posts\/6307\/revisions\/6309"}],"wp:featuredmedia":[{"embeddable":true,"href":"https:\/\/focotocantinense.com.br\/index.php?rest_route=\/wp\/v2\/media\/6308"}],"wp:attachment":[{"href":"https:\/\/focotocantinense.com.br\/index.php?rest_route=%2Fwp%2Fv2%2Fmedia&parent=6307"}],"wp:term":[{"taxonomy":"category","embeddable":true,"href":"https:\/\/focotocantinense.com.br\/index.php?rest_route=%2Fwp%2Fv2%2Fcategories&post=6307"},{"taxonomy":"post_tag","embeddable":true,"href":"https:\/\/focotocantinense.com.br\/index.php?rest_route=%2Fwp%2Fv2%2Ftags&post=6307"}],"curies":[{"name":"wp","href":"https:\/\/api.w.org\/{rel}","templated":true}]}}