{"id":6304,"date":"2023-11-16T07:11:12","date_gmt":"2023-11-16T10:11:12","guid":{"rendered":"https:\/\/focotocantinense.com.br\/?p=6304"},"modified":"2023-11-16T07:11:12","modified_gmt":"2023-11-16T10:11:12","slug":"em-porto-nacional-antonio-andrade-se-reune-com-empresarios-e-discute-sobre-novos-investimentos-para-o-municipio","status":"publish","type":"post","link":"https:\/\/focotocantinense.com.br\/?p=6304","title":{"rendered":"Em Porto Nacional, Antonio Andrade se re\u00fane com empres\u00e1rios e discute sobre novos investimentos para o munic\u00edpio"},"content":{"rendered":"\n<p>Participaram do encontro representantes das empresas Porto Cereais e Frigor\u00edfico Goi\u00e1s<\/p>\n\n\n\n<p>Com o objetivo de melhorar a vida da popula\u00e7\u00e3o portuense por meio da gera\u00e7\u00e3o de emprego e renda, o deputado federal Antonio Andrade (Republicanos), tem constantemente se reunido com empres\u00e1rios que visam investir, ou mesmo expandir neg\u00f3cios na cidade.<\/p>\n\n\n\n<p>Na manh\u00e3 desta ter\u00e7a-feira, 14 de novembro, o parlamentar esteve na sede da Porto Cereais, onde se reuniu com representantes da empresa e tamb\u00e9m do Frigor\u00edfico Goi\u00e1s. Dentre eles, Leonardo Alves Farias, Nat\u00e1lia Tomazini, Andr\u00e9 Polizel, Valdir Tomazini e Manoel Alexandre Barros.<\/p>\n\n\n\n<p>O deputado explicou que vem dialogando com empres\u00e1rios e tem buscado novas possibilidades para impulsionar a economia do munic\u00edpio. \u201cPorto Nacional est\u00e1 em um momento oportuno que favorece o surgimento de investidores, e isso \u00e9 um fator bastante positivo, pois significa uma maior gera\u00e7\u00e3o de emprego e renda. Nesse sentido, constru\u00edmos um di\u00e1logo aberto com empres\u00e1rios e poss\u00edveis novos investidores. \u00c9 disso que precisamos, parcerias com o setor privado para que desse modo possamos conseguir gerar o desenvolvimento que a cidade necessita, e em consequ\u00eancia beneficiar a popula\u00e7\u00e3o\u201d, pontuou.<\/p>\n\n\n\n<p>\u201cA gera\u00e7\u00e3o de emprego \u00e9 uma grande demanda em nosso munic\u00edpio e, \u00e9 nosso dever lutar por essa causa. Vamos continuar trabalhando pelo progresso de Porto Nacional\u201d, concluiu o parlamentar.<\/p>\n\n\n\n<p>Assessoria de Comunica\u00e7\u00e3o \u2013 Deputado Federal Antonio Andrade<\/p>\n","protected":false},"excerpt":{"rendered":"<p>Participaram do encontro representantes das empresas Porto Cereais e Frigor\u00edfico Goi\u00e1s Com o objetivo de melhorar a vida da popula\u00e7\u00e3o portuense por meio da gera\u00e7\u00e3o de emprego e renda, o deputado federal Antonio Andrade (Republicanos), tem constantemente se reunido com empres\u00e1rios que visam investir, ou mesmo expandir neg\u00f3cios na cidade. Na manh\u00e3 desta ter\u00e7a-feira, 14 &hellip;<\/p>\n","protected":false},"author":5,"featured_media":6305,"comment_status":"open","ping_status":"open","sticky":false,"template":"","format":"standard","meta":{"footnotes":""},"categories":[1],"tags":[],"class_list":["post-6304","post","type-post","status-publish","format-standard","has-post-thumbnail","","category-sem-categoria"],"_links":{"self":[{"href":"https:\/\/focotocantinense.com.br\/index.php?rest_route=\/wp\/v2\/posts\/6304","targetHints":{"allow":["GET"]}}],"collection":[{"href":"https:\/\/focotocantinense.com.br\/index.php?rest_route=\/wp\/v2\/posts"}],"about":[{"href":"https:\/\/focotocantinense.com.br\/index.php?rest_route=\/wp\/v2\/types\/post"}],"author":[{"embeddable":true,"href":"https:\/\/focotocantinense.com.br\/index.php?rest_route=\/wp\/v2\/users\/5"}],"replies":[{"embeddable":true,"href":"https:\/\/focotocantinense.com.br\/index.php?rest_route=%2Fwp%2Fv2%2Fcomments&post=6304"}],"version-history":[{"count":1,"href":"https:\/\/focotocantinense.com.br\/index.php?rest_route=\/wp\/v2\/posts\/6304\/revisions"}],"predecessor-version":[{"id":6306,"href":"https:\/\/focotocantinense.com.br\/index.php?rest_route=\/wp\/v2\/posts\/6304\/revisions\/6306"}],"wp:featuredmedia":[{"embeddable":true,"href":"https:\/\/focotocantinense.com.br\/index.php?rest_route=\/wp\/v2\/media\/6305"}],"wp:attachment":[{"href":"https:\/\/focotocantinense.com.br\/index.php?rest_route=%2Fwp%2Fv2%2Fmedia&parent=6304"}],"wp:term":[{"taxonomy":"category","embeddable":true,"href":"https:\/\/focotocantinense.com.br\/index.php?rest_route=%2Fwp%2Fv2%2Fcategories&post=6304"},{"taxonomy":"post_tag","embeddable":true,"href":"https:\/\/focotocantinense.com.br\/index.php?rest_route=%2Fwp%2Fv2%2Ftags&post=6304"}],"curies":[{"name":"wp","href":"https:\/\/api.w.org\/{rel}","templated":true}]}}