{"id":6294,"date":"2023-11-13T21:38:00","date_gmt":"2023-11-14T00:38:00","guid":{"rendered":"https:\/\/focotocantinense.com.br\/?p=6294"},"modified":"2023-11-13T21:42:10","modified_gmt":"2023-11-14T00:42:10","slug":"governo-do-tocantins-celebra-65o-aniversario-de-gurupi-impulsionando-o-desenvolvimento-da-cidade-com-beneficios-a-populacao","status":"publish","type":"post","link":"https:\/\/focotocantinense.com.br\/?p=6294","title":{"rendered":"Governo do Tocantins celebra 65\u00ba anivers\u00e1rio de Gurupi impulsionando o desenvolvimento da cidade com benef\u00edcios \u00e0 popula\u00e7\u00e3o"},"content":{"rendered":"\n<p>O Governo do Tocantins celebra o anivers\u00e1rio de uma das cidades mais importantes do Estado, Gurupi, que completa 65 anos neste dia 14 de novembro. \u201c\u00c9 momento de festa e celebra\u00e7\u00e3o para Gurupi, uma cidade que tem um lugar especial em nossos cora\u00e7\u00f5es. No anivers\u00e1rio deste munic\u00edpio, que tanto representa para o Tocantins, reitero o compromisso da nossa gest\u00e3o com o progresso e o bem-estar de sua popula\u00e7\u00e3o. Estamos empenhados em fortalecer os la\u00e7os com a maior cidade da regi\u00e3o sul, promovendo investimentos em infraestrutura, educa\u00e7\u00e3o e sa\u00fade, para que continue a crescer e prosperar. Parab\u00e9ns a todos os gurupienses por mais um ano de hist\u00f3ria e conquistas&#8221;, comemorou o governador Wanderlei Barbosa.<br><br>O vice-governador Laurez Moreira, que j\u00e1 foi prefeito da cidade por dois mandatos, externou a alegria e orgulho, parabenizando o munic\u00edpio. \u201cQuero enviar um abra\u00e7o especial a todos os meus amigos de Gurupi e expressar a minha alegria em ver a cidade celebrando mais um ano de progresso. Como centro irradiador do desenvolvimento da regi\u00e3o sul, Gurupi desempenha um papel fundamental no desenvolvimento do Tocantins. Acredito firmemente na import\u00e2ncia da cidade e de seus diversos setores para o Estado. Parab\u00e9ns, Gurupi, pelos seus 65 anos de hist\u00f3ria e crescimento cont\u00ednuo\u201d, comentou.<br><br>Com investimentos na sa\u00fade, em infraestrutura, fomento no com\u00e9rcio, agroneg\u00f3cio, incentivo na educa\u00e7\u00e3o e tecnologia, o Governo do Tocantins&nbsp; se destaca na execu\u00e7\u00e3o de pol\u00edticas p\u00fablicas em uma das cidades mais expoentes do Estado.<\/p>\n\n\n\n<p><strong>Obras e reformas<\/strong><br><br>Por meio do Programa de Fortalecimento da Economia e Gera\u00e7\u00e3o de Emprego do Estado do Tocantins, o Governo do Tocantins possibilitou a realiza\u00e7\u00e3o de obras de pavimenta\u00e7\u00e3o na cidade, destinando de R$ 2 milh\u00f5es para a prefeitura do munic\u00edpio que realizou com o recurso a recupera\u00e7\u00e3o asf\u00e1ltica de 2 mil metros na Avenida Par\u00e1 e Avenida Maranh\u00e3o.&nbsp;<br><br>Ainda se tratando de investimentos para a infraestrutura, o Programa de Impulsionamento da Ind\u00fastria, Com\u00e9rcio e Servi\u00e7os (Pics) da Secretaria da Ind\u00fastria, Com\u00e9rcio e Servi\u00e7os do Tocantins (Sics), concedeu R$ 4 milh\u00f5es ao munic\u00edpio para investimento no Parque Agroindustrial de Gurupi (Paig), possibilitando ainda a amplia\u00e7\u00e3o da Avenida Goi\u00e1s no trecho que d\u00e1 acesso ao Paig, como tamb\u00e9m melhorias na ilumina\u00e7\u00e3o p\u00fablica e na seguran\u00e7a.&nbsp;<br><br>Outra obra muito esperada pela popula\u00e7\u00e3o \u00e9 a pavimenta\u00e7\u00e3o da rodovia TO-365, trecho do entroncamento da BR-153 ao Trevo da Praia. As obras contam com investimentos na ordem de R$ 70 milh\u00f5es. O trecho tem 50,25 km de extens\u00e3o, onde est\u00e3o sendo executados os servi\u00e7os de terraplanagem, drenagem, pavimenta\u00e7\u00e3o asf\u00e1ltica, obras de arte e programas ambientais.<br><br>O governador Wanderlei Barbosa e o vice-governador Laurez Moreira estiveram com o ministro dos Transportes, Renan Filho, para a assinatura do servi\u00e7o de obras da duplica\u00e7\u00e3o da BR-153, nos per\u00edmetros urbanos de Gurupi e Alian\u00e7a do Tocantins.&nbsp;Em Gurupi, o projeto visa a duplica\u00e7\u00e3o de&nbsp;11,25 km de extens\u00e3o, incluindo tr\u00eas retornos, passagens inferiores, uma passarela para pedestres e dois viadutos localizados nas entradas norte e sul da cidade. As obras proporcionar\u00e3o maior seguran\u00e7a para pedestres e ciclistas devido ao intenso tr\u00e1fego de caminh\u00f5es no per\u00edmetro urbano da rodovia.<br><br><strong>Educa\u00e7\u00e3o<\/strong><br><br>O governador Wanderlei Barbosa concentrou esfor\u00e7os na melhoria da educa\u00e7\u00e3o de Gurupi, com reforma em escolas estaduais, fornecendo aparelhamento educacional nas unidades de educa\u00e7\u00e3o e valorizando o corpo docente estadual. Estudantes e servidores do Centro de Ensino M\u00e9dio (CEM) Bom Jesus e do CEM de &nbsp;Gurupi contam hoje com uma unidade ampla e moderna. O Governo do Tocantins destinou R$ 2.344.550,22 para a constru\u00e7\u00e3o de refeit\u00f3rio climatizado, central de GLP, dep\u00f3sito de lixo org\u00e2nico e recicl\u00e1vel, passarela coberta, rampa, reforma de cozinha e ambientes administrativos al\u00e9m de implanta\u00e7\u00e3o de laborat\u00f3rio de qu\u00edmica, arquitetura paisag\u00edstica e reforma da quadra poliesportiva.<\/p>\n\n\n\n<p>Outra unidade que passou por melhorias foi o Centro de Ensino M\u00e9dio de Gurupi, recebendo R$ 1.659.041,99 para a constru\u00e7\u00e3o de refeit\u00f3rio climatizado e cozinha integrados, passarela coberta, dep\u00f3sito de lixo org\u00e2nico e recicl\u00e1vel, reforma de sal\u00e3o para transforma\u00e7\u00e3o em sala de dan\u00e7a e artes, al\u00e9m de paisagismo.<br><br>Tamb\u00e9m na regional de Gurupi outras duas obras est\u00e3o em andamento. Na Escola Estadual Ind\u00edgena Oytiri, foram investidos R$ 780.808,56 para a constru\u00e7\u00e3o de novas salas de aula. A obra est\u00e1 com 44,21% de&nbsp;execu\u00e7\u00e3o, no qual foram investidos at\u00e9 o momento R$ 345.159,03. J\u00e1 para o Col\u00e9gio Militar do Estado do Tocantins Presidente Costa e Silva s\u00e3o mais de R$ 3 milh\u00f5es para a realiza\u00e7\u00e3o de uma ampla reforma do pr\u00e9dio escolar. A obra est\u00e1 com 55,83% dos servi\u00e7os em execu\u00e7\u00e3o.<\/p>\n\n\n\n<p>Al\u00e9m de obras e reformas, a Gest\u00e3o Estadual est\u00e1 equipando as unidades de ensino da cidade. Por meio do Programa TO Ligado, foram entregues equipamentos tecnol\u00f3gicos para 26 escolas de Gurupi, da rede estadual e municipal. As unidades recebem chromebooks, notebooks, carrinhos de recarga, dentre outros equipamentos. O TO Ligado \u00e9 um programa que tem como proposta desenvolver uma pol\u00edtica de inova\u00e7\u00e3o e tecnologia na rede de ensino do Estado.&nbsp;<br><br><strong>Sa\u00fade<\/strong><br><br>Na \u00e1rea da sa\u00fade, o governador Wanderlei Barbosa, reconhecendo a cidade como refer\u00eancia para todo o sul e sudeste do Estado, tem tido aten\u00e7\u00e3o com as obras de readequa\u00e7\u00e3o da 1\u00aa etapa do Hospital Geral de Gurupi (HGG). O extrato de contrato da empresa respons\u00e1vel pela obra foi publicado no Di\u00e1rio Oficial, no m\u00eas de outubro, e o contrato tem o prazo de vig\u00eancia de oito meses. Ap\u00f3s a finaliza\u00e7\u00e3o da obra, a Gest\u00e3o Estadual iniciar\u00e1 os trabalhos de transfer\u00eancia dos servi\u00e7os hospitalares do Hospital Regional de Gurupi (HRG), para a nova estrutura de acordo com planejamento preestabelecido.<\/p>\n\n\n\n<p>Quando estiver totalmente conclu\u00eddo, o Hospital Geral de Gurupi contar\u00e1 com blocos do pronto-socorro infantil e adulto, enfermarias, ambulat\u00f3rio e administrativo, rampa, passarela, escada, centros cir\u00fargicos adultos e pedi\u00e1tricos, Unidade de Tratamento Intensivo (UTI) e servi\u00e7os de imagem. A obra ter\u00e1 capacidade total de 200 leitos, o que vai ampliar e melhorar o atendimento prestado aos usu\u00e1rios do Sistema \u00danico de Sa\u00fade (SUS) em Gurupi e regi\u00e3o.<br><br>Vale destacar que a cidade continuar\u00e1 com a assist\u00eancia prestada pelo Hospital Regional de Gurupi (HRG), que realiza uma m\u00e9dia mensal de dois mil atendimentos na urg\u00eancia, emerg\u00eancia e ambulat\u00f3rio e mais de 1,5 mil atendimentos por m\u00eas, na pediatria e maternidade. Neste ano, o HRG realizou mais de 600 cirurgias eletivas.<\/p>\n\n\n\n<figure class=\"wp-block-image\"><img decoding=\"async\" src=\"https:\/\/central.to.gov.br\/image\/354788?w=670&amp;h=383\" alt=\"\"\/><\/figure>\n\n\n\n<p><em><strong>Vice-governador Laurez Moreira parabeniza Gurupi e externa alegria e orgulho por ser da cidade &#8211; Foto:&nbsp; Loise Maria\/Governo do Tocantins<\/strong><\/em><\/p>\n\n\n\n<p><\/p>\n\n\n\n<figure class=\"wp-block-image\"><img decoding=\"async\" src=\"https:\/\/central.to.gov.br\/image\/354787?w=670&amp;h=383\" alt=\"\"\/><\/figure>\n\n\n\n<p><em><strong>Governador do Tocantins, Wanderlei Barbosa, destaca o compromisso com o progresso de Gurupi e parabeniza a cidade mais populosa do sul do Estado &#8211; Foto: Adilvan Nogueira\/Governo do Tocantins<\/strong><\/em><\/p>\n\n\n\n<p><\/p>\n\n\n\n<figure class=\"wp-block-image\"><img decoding=\"async\" src=\"https:\/\/central.to.gov.br\/image\/354789?w=670&amp;h=383\" alt=\"\"\/><\/figure>\n\n\n\n<p><strong>Com investimento de R$ 2 milh\u00f5es, o Governo do Tocantins possibilitou a recupera\u00e7\u00e3o asf\u00e1ltica de dois mil metros na Avenida Par\u00e1 e Avenida Maranh\u00e3o &#8211; Foto: Adilvan Nogueira\/Governo do Tocantins&nbsp;<\/strong><\/p>\n\n\n\n<p><\/p>\n\n\n\n<figure class=\"wp-block-image\"><img decoding=\"async\" src=\"https:\/\/central.to.gov.br\/image\/354790?w=670&amp;h=383\" alt=\"\"\/><\/figure>\n\n\n\n<p><em><strong>Na educa\u00e7\u00e3o de Gurupi, o Governo do Tocantins investe na reforma de escolas, valoriza\u00e7\u00e3o do corpo docente e equipamento tecnol\u00f3gico &#8211; Foto: Antonio Gon\u00e7alves\/Governo do Tocantins&nbsp;<\/strong><\/em><\/p>\n\n\n\n<p><\/p>\n\n\n\n<figure class=\"wp-block-image\"><img decoding=\"async\" src=\"https:\/\/central.to.gov.br\/image\/354792?w=670&amp;h=383\" alt=\"\"\/><\/figure>\n\n\n\n<p><em><strong>Obra muito esperada pela popula\u00e7\u00e3o \u00e9 a pavimenta\u00e7\u00e3o da rodovia TO-365, trecho do entroncamento da BR-153 ao Trevo da Praia &#8211; Foto:&nbsp; Adilvan Nogueira\/Governo do Tocantins&nbsp;<\/strong><\/em><\/p>\n\n\n\n<p><\/p>\n\n\n\n<figure class=\"wp-block-image\"><img decoding=\"async\" src=\"https:\/\/central.to.gov.br\/image\/354791?w=670&amp;h=383\" alt=\"\"\/><\/figure>\n\n\n\n<p><em><strong>Governador Wanderlei Barbosa concentrou esfor\u00e7os na melhoria da educa\u00e7\u00e3o de Gurupi, com reforma em escolas estaduais, &#8211; Foto: Antonio Gon\u00e7alves\/Governo do Tocantins<\/strong><\/em><\/p>\n\n\n\n<p><\/p>\n\n\n\n<figure class=\"wp-block-image\"><img decoding=\"async\" src=\"https:\/\/central.to.gov.br\/image\/354793?w=670&amp;h=383\" alt=\"\"\/><\/figure>\n\n\n\n<p><em><strong>Com investimentos em infraestrutura, o Governo do Tocantins se destaca na execu\u00e7\u00e3o de pol\u00edticas p\u00fablicas em uma das cidades mais expoentes do Estado &#8211; Foto:&nbsp; Adilvan Nogueira\/Governo do Tocantins&nbsp;<\/strong><\/em><\/p>\n\n\n\n<p><\/p>\n\n\n\n<figure class=\"wp-block-image size-large\"><img loading=\"lazy\" decoding=\"async\" width=\"1024\" height=\"585\" src=\"https:\/\/focotocantinense.com.br\/wp-content\/uploads\/2023\/11\/354786-1024x585.jpg\" alt=\"\" class=\"wp-image-6295\" srcset=\"https:\/\/focotocantinense.com.br\/wp-content\/uploads\/2023\/11\/354786-1024x585.jpg 1024w, https:\/\/focotocantinense.com.br\/wp-content\/uploads\/2023\/11\/354786-300x171.jpg 300w, https:\/\/focotocantinense.com.br\/wp-content\/uploads\/2023\/11\/354786-768x439.jpg 768w, https:\/\/focotocantinense.com.br\/wp-content\/uploads\/2023\/11\/354786-1536x878.jpg 1536w, https:\/\/focotocantinense.com.br\/wp-content\/uploads\/2023\/11\/354786-2048x1170.jpg 2048w\" sizes=\"auto, (max-width: 1024px) 100vw, 1024px\" \/><\/figure>\n\n\n\n<p><\/p>\n\n\n\n<figure class=\"wp-block-image size-full\"><img loading=\"lazy\" decoding=\"async\" width=\"640\" height=\"193\" src=\"https:\/\/focotocantinense.com.br\/wp-content\/uploads\/2023\/11\/VINI-2.jpg\" alt=\"\" class=\"wp-image-6285\" srcset=\"https:\/\/focotocantinense.com.br\/wp-content\/uploads\/2023\/11\/VINI-2.jpg 640w, https:\/\/focotocantinense.com.br\/wp-content\/uploads\/2023\/11\/VINI-2-300x90.jpg 300w\" sizes=\"auto, (max-width: 640px) 100vw, 640px\" \/><\/figure>\n","protected":false},"excerpt":{"rendered":"<p>O Governo do Tocantins celebra o anivers\u00e1rio de uma das cidades mais importantes do Estado, Gurupi, que completa 65 anos neste dia 14 de novembro. \u201c\u00c9 momento de festa e celebra\u00e7\u00e3o para Gurupi, uma cidade que tem um lugar especial em nossos cora\u00e7\u00f5es. No anivers\u00e1rio deste munic\u00edpio, que tanto representa para o Tocantins, reitero o &hellip;<\/p>\n","protected":false},"author":5,"featured_media":6295,"comment_status":"open","ping_status":"open","sticky":false,"template":"","format":"standard","meta":{"footnotes":""},"categories":[38],"tags":[],"class_list":["post-6294","post","type-post","status-publish","format-standard","has-post-thumbnail","","category-gurupi"],"_links":{"self":[{"href":"https:\/\/focotocantinense.com.br\/index.php?rest_route=\/wp\/v2\/posts\/6294","targetHints":{"allow":["GET"]}}],"collection":[{"href":"https:\/\/focotocantinense.com.br\/index.php?rest_route=\/wp\/v2\/posts"}],"about":[{"href":"https:\/\/focotocantinense.com.br\/index.php?rest_route=\/wp\/v2\/types\/post"}],"author":[{"embeddable":true,"href":"https:\/\/focotocantinense.com.br\/index.php?rest_route=\/wp\/v2\/users\/5"}],"replies":[{"embeddable":true,"href":"https:\/\/focotocantinense.com.br\/index.php?rest_route=%2Fwp%2Fv2%2Fcomments&post=6294"}],"version-history":[{"count":8,"href":"https:\/\/focotocantinense.com.br\/index.php?rest_route=\/wp\/v2\/posts\/6294\/revisions"}],"predecessor-version":[{"id":6303,"href":"https:\/\/focotocantinense.com.br\/index.php?rest_route=\/wp\/v2\/posts\/6294\/revisions\/6303"}],"wp:featuredmedia":[{"embeddable":true,"href":"https:\/\/focotocantinense.com.br\/index.php?rest_route=\/wp\/v2\/media\/6295"}],"wp:attachment":[{"href":"https:\/\/focotocantinense.com.br\/index.php?rest_route=%2Fwp%2Fv2%2Fmedia&parent=6294"}],"wp:term":[{"taxonomy":"category","embeddable":true,"href":"https:\/\/focotocantinense.com.br\/index.php?rest_route=%2Fwp%2Fv2%2Fcategories&post=6294"},{"taxonomy":"post_tag","embeddable":true,"href":"https:\/\/focotocantinense.com.br\/index.php?rest_route=%2Fwp%2Fv2%2Ftags&post=6294"}],"curies":[{"name":"wp","href":"https:\/\/api.w.org\/{rel}","templated":true}]}}