{"id":6289,"date":"2023-11-13T21:05:53","date_gmt":"2023-11-14T00:05:53","guid":{"rendered":"https:\/\/focotocantinense.com.br\/?p=6289"},"modified":"2023-11-13T21:07:26","modified_gmt":"2023-11-14T00:07:26","slug":"alunos-de-tocantinia-participam-de-oficina-de-contacao-de-historia-no-centro-de-referencia-do-projeto-leitura-viva","status":"publish","type":"post","link":"https:\/\/focotocantinense.com.br\/?p=6289","title":{"rendered":"Alunos de Tocant\u00ednia participam de oficina de conta\u00e7\u00e3o de hist\u00f3ria no Centro de Refer\u00eancia do Projeto Leitura Viva"},"content":{"rendered":"\n<p>Numa&nbsp; iniciativa da Prefeitura &nbsp;de Tocant\u00ednia, por meio da Secretaria Municipal Educa\u00e7\u00e3o, a professora e escritora de Miracema do Tocantins, &nbsp;Mauric\u00e9ia Bastos da Silva, coordenou, nesta ter\u00e7a-feira, 13,&nbsp; de uma oficina de conta\u00e7\u00e3o de hist\u00f3ria. O p\u00fablico-alvo foi um grupo de alunos da rede municipal de educa\u00e7\u00e3o.<\/p>\n\n\n\n<p>A oficina aconteceu no Centro de Refer\u00eancia do Projeto Leitura Viva, &nbsp;tendo como tema Negra\/ Identidade Brasileira.<\/p>\n\n\n\n<p>A coordenadora do Centro de Refer\u00eancia do Projeto Leitura, professora Carmem L\u00facia Dias de Oliveira, explicou que&nbsp; essa a\u00e7\u00e3o teve por objetivo estimular a oralidade do aluno na forma\u00e7\u00e3o do pensamento criativo e cr\u00edtico por diferentes aspectos da linguagem. &nbsp;\u201cFoi uma a\u00e7\u00e3o onde conseguimos promover o &nbsp;&nbsp;apego pela leitura\u201d, asseverou.<\/p>\n\n\n\n<p>J\u00e1 a professora, Mauric\u00e9ia Bastos fez quest\u00e3o de destacar que a &nbsp;leitura \u00e9 muito importante para que se desenvolva a criatividade e o racioc\u00ednio dos alunos, e a partir disso, eles passam a expressar de forma significativa os sentimentos, pensamentos e emo\u00e7\u00f5es atrav\u00e9s da produ\u00e7\u00e3o textual, seja um conto, narra\u00e7\u00e3o ou at\u00e9 mesmo no sentido religioso.<\/p>\n\n\n\n<p>\u201cA partir desse ponto, o aluno come\u00e7a a materializar tudo por meio &nbsp;da escrita. Tal registro possibilita a preserva\u00e7\u00e3o e a valoriza\u00e7\u00e3o de nossas hist\u00f3rias, j\u00e1 que a pr\u00e1tica da leitura nos torna pessoas aut\u00f4nomas e competentes, capazes de sermos protagonistas das nossas pr\u00f3prias vidas&#8221;, finalizou&nbsp;<\/p>\n\n\n\n<figure class=\"wp-block-image is-resized\"><img decoding=\"async\" src=\"https:\/\/blogger.googleusercontent.com\/img\/b\/R29vZ2xl\/AVvXsEg0F6jijQ934GCGK4RwMJEpBijhFK25rTMrF1bAzvECvAD6RtEFsazXXayuL_0URTFasYdFLGoCfOulVt-fgICXvvj21b0T9iXbYNVA02z9i0fvDreGVm736RSDxJo-H09R_9jg73ob27j9HqJDsLJnaMQUi-bKkOtwVtXWue7iBFsFou2hG9OIEdflf9Me\/w496-h374\/5%20CONTA%C3%87%C3%83O%20DE%20HISTORIAS.jpg\" alt=\"\" style=\"width:840px;height:auto\"\/><\/figure>\n\n\n\n<p><\/p>\n\n\n\n<figure class=\"wp-block-image is-resized\"><img decoding=\"async\" src=\"https:\/\/blogger.googleusercontent.com\/img\/b\/R29vZ2xl\/AVvXsEjxr2Ur1pcAIicw0QDtf6EUH5Xk4o30zO8ILbOW9ywWbHHbe6Q1qAOvFYxf2TEO7bIqkVU9l6YlmGYCqghowupCM-fsDDTlTLSV4eVKwbZcuhrzZDvw3-ojILTNr3uFs194UfJn4qvWMEX0roVqeUKfTfwhI-HLDHUKcpOPV6nI5IqEr3nHXEdXt7bP7kzv\/w476-h357\/2%20%20CONTA%C3%87%C3%83O%20DE%20HISTORIAS.jpg\" alt=\"\" style=\"width:843px;height:auto\"\/><\/figure>\n\n\n\n<p><\/p>\n\n\n\n<figure class=\"wp-block-image is-resized\"><img decoding=\"async\" src=\"https:\/\/blogger.googleusercontent.com\/img\/b\/R29vZ2xl\/AVvXsEj7IpXP_JSN5MHRPglKruZrVKVxnzMlRbmtWrLDwo9iEkFRyqWjfVRtwXt5DvBgRIeWV_HeTyzO6fsUxsVIX4XVRp9wHmuobAW8Qe05y0nhjp5WVLbhIaHO9k38QC2qugT-6WjzS_bAnmZr-x9rbsoMFFpz4lMdc0Cez5MJGuU8ev69q6xN3kSbpk2kKQIY\/w495-h372\/3%20CONTA%C3%87%C3%83O%20DE%20HISTORIAS.jpg\" alt=\"\" style=\"width:840px;height:auto\"\/><\/figure>\n\n\n\n<figure class=\"wp-block-image\"><img decoding=\"async\" src=\"https:\/\/blogger.googleusercontent.com\/img\/b\/R29vZ2xl\/AVvXsEhye8nL-4no8FQAYZFISB4woRxCrgOoIi6StyCJKliG_gH3RHWEBMy5MyqIwLdsIzB0arbZ_pXqcpYYvKqCMIXhPXElAiABEQV68tEo0-NlfZiXJavrSyLWAO2FPVyauw1YVN0VHVrS_dnmLPRO7Fl5OeTuxEf2z5blR1I1cjwt1mkaHeXHOUhWefqlwO2M\/s971\/1%20CONTA%C3%87%C3%83O%20DE%20HISTORIAS.jpg\" alt=\"\"\/><\/figure>\n\n\n\n<p><\/p>\n\n\n\n<figure class=\"wp-block-image size-full\"><img loading=\"lazy\" decoding=\"async\" width=\"640\" height=\"193\" src=\"https:\/\/focotocantinense.com.br\/wp-content\/uploads\/2023\/11\/VINI-2.jpg\" alt=\"\" class=\"wp-image-6285\" srcset=\"https:\/\/focotocantinense.com.br\/wp-content\/uploads\/2023\/11\/VINI-2.jpg 640w, https:\/\/focotocantinense.com.br\/wp-content\/uploads\/2023\/11\/VINI-2-300x90.jpg 300w\" sizes=\"auto, (max-width: 640px) 100vw, 640px\" \/><\/figure>\n","protected":false},"excerpt":{"rendered":"<p>Numa&nbsp; iniciativa da Prefeitura &nbsp;de Tocant\u00ednia, por meio da Secretaria Municipal Educa\u00e7\u00e3o, a professora e escritora de Miracema do Tocantins, &nbsp;Mauric\u00e9ia Bastos da Silva, coordenou, nesta ter\u00e7a-feira, 13,&nbsp; de uma oficina de conta\u00e7\u00e3o de hist\u00f3ria. O p\u00fablico-alvo foi um grupo de alunos da rede municipal de educa\u00e7\u00e3o. A oficina aconteceu no Centro de Refer\u00eancia do &hellip;<\/p>\n","protected":false},"author":5,"featured_media":6290,"comment_status":"open","ping_status":"open","sticky":false,"template":"","format":"standard","meta":{"footnotes":""},"categories":[78],"tags":[],"class_list":["post-6289","post","type-post","status-publish","format-standard","has-post-thumbnail","","category-tocantinia"],"_links":{"self":[{"href":"https:\/\/focotocantinense.com.br\/index.php?rest_route=\/wp\/v2\/posts\/6289","targetHints":{"allow":["GET"]}}],"collection":[{"href":"https:\/\/focotocantinense.com.br\/index.php?rest_route=\/wp\/v2\/posts"}],"about":[{"href":"https:\/\/focotocantinense.com.br\/index.php?rest_route=\/wp\/v2\/types\/post"}],"author":[{"embeddable":true,"href":"https:\/\/focotocantinense.com.br\/index.php?rest_route=\/wp\/v2\/users\/5"}],"replies":[{"embeddable":true,"href":"https:\/\/focotocantinense.com.br\/index.php?rest_route=%2Fwp%2Fv2%2Fcomments&post=6289"}],"version-history":[{"count":2,"href":"https:\/\/focotocantinense.com.br\/index.php?rest_route=\/wp\/v2\/posts\/6289\/revisions"}],"predecessor-version":[{"id":6293,"href":"https:\/\/focotocantinense.com.br\/index.php?rest_route=\/wp\/v2\/posts\/6289\/revisions\/6293"}],"wp:featuredmedia":[{"embeddable":true,"href":"https:\/\/focotocantinense.com.br\/index.php?rest_route=\/wp\/v2\/media\/6290"}],"wp:attachment":[{"href":"https:\/\/focotocantinense.com.br\/index.php?rest_route=%2Fwp%2Fv2%2Fmedia&parent=6289"}],"wp:term":[{"taxonomy":"category","embeddable":true,"href":"https:\/\/focotocantinense.com.br\/index.php?rest_route=%2Fwp%2Fv2%2Fcategories&post=6289"},{"taxonomy":"post_tag","embeddable":true,"href":"https:\/\/focotocantinense.com.br\/index.php?rest_route=%2Fwp%2Fv2%2Ftags&post=6289"}],"curies":[{"name":"wp","href":"https:\/\/api.w.org\/{rel}","templated":true}]}}