{"id":6279,"date":"2023-11-13T11:11:26","date_gmt":"2023-11-13T14:11:26","guid":{"rendered":"https:\/\/focotocantinense.com.br\/?p=6279"},"modified":"2023-11-13T11:11:26","modified_gmt":"2023-11-13T14:11:26","slug":"gurupi-65-anos-prefeitura-de-gurupi-entrega-revitalizacao-da-praca-da-biblia-e-moradores-comemoram-transformacao-do-espaco","status":"publish","type":"post","link":"https:\/\/focotocantinense.com.br\/?p=6279","title":{"rendered":"Gurupi 65 anos: Prefeitura de Gurupi entrega revitaliza\u00e7\u00e3o da Pra\u00e7a da B\u00edblia e moradores comemoram transforma\u00e7\u00e3o do espa\u00e7o"},"content":{"rendered":"\n<p>Em meio \u00e0s comemora\u00e7\u00f5es do anivers\u00e1rio de 65 anos da Capital da Amizade, a Prefeitura de Gurupi inaugurou mais uma obra na cidade: a aguardada revitaliza\u00e7\u00e3o da Pra\u00e7a Pr. Jo\u00e3o da Cruz Gomes Feitosa, conhecida como Pra\u00e7a da B\u00edblia, localizada no setor Jardim Eldorado. O evento, que aconteceu na noite desta sexta-feira, 10, contou com a presen\u00e7a da prefeita Josi Nunes, autoridades pol\u00edticas e moradores que celebraram mais uma conquista para a regi\u00e3o. A programa\u00e7\u00e3o contou ainda com show da Banda Skema do Brasil.<\/p>\n\n\n\n<p>A revitaliza\u00e7\u00e3o da Pra\u00e7a da B\u00edblia foi poss\u00edvel gra\u00e7as aos esfor\u00e7os conjuntos, com a deputada estadual Luana Ribeiro destinando recursos no valor de R$ 500 mil, al\u00e9m de recurso pr\u00f3prio do Munic\u00edpio no valor de R$ 200 mil. Os investimentos foram direcionados para uma s\u00e9rie de melhorias que transformaram o espa\u00e7o em um ponto de encontro ainda mais acolhedor para as fam\u00edlias dos bairros Jardim Eldorado, Sol Nascente e regi\u00e3o.<\/p>\n\n\n\n<p>Entre as melhorias realizadas na pra\u00e7a est\u00e3o a renova\u00e7\u00e3o da pista de caminhada; a instala\u00e7\u00e3o de rampas de acessibilidade e piso ecol\u00f3gico drenante; a moderniza\u00e7\u00e3o da ilumina\u00e7\u00e3o p\u00fablica com tecnologia LED abastecida por energia solar; a reforma dos equipamentos da academia ao ar livre; a instala\u00e7\u00e3o de um playground infantil e uma quadra de areia para realiza\u00e7\u00e3o de atividades esportivas; al\u00e9m da cria\u00e7\u00e3o de um novo espa\u00e7o para os mototaxistas, com melhor estrutura para atender \u00e0s necessidades de mobilidade da comunidade.<\/p>\n\n\n\n<p>A prefeita Josi Nunes externou seu entusiasmo ao entregar mais uma obra importante para os gurupienses, destacando que a revitaliza\u00e7\u00e3o da Pra\u00e7a da B\u00edblia era um pedido antigo dos moradores da regi\u00e3o. \u201cEstou muito feliz por inaugurar a revitaliza\u00e7\u00e3o dessa pra\u00e7a que h\u00e1 muito tempo n\u00e3o recebia melhorias e os moradores esperavam ansiosamente por isso, e gra\u00e7as a parceria com a deputada Luana Ribeiro foi poss\u00edvel realizarmos essa obra. Estamos cumprindo compromissos e proporcionando espa\u00e7os p\u00fablicos de qualidade para a comunidade\u201d, afirmou.<\/p>\n\n\n\n<p><img loading=\"lazy\" decoding=\"async\" width=\"500\" height=\"323\" srcset=\"https:\/\/gurupi.to.gov.br\/wp-content\/uploads\/2023\/11\/IMG-20231110-WA0222.jpg 1600w, https:\/\/gurupi.to.gov.br\/wp-content\/uploads\/2023\/11\/IMG-20231110-WA0222-300x194.jpg 300w, https:\/\/gurupi.to.gov.br\/wp-content\/uploads\/2023\/11\/IMG-20231110-WA0222-1024x661.jpg 1024w, https:\/\/gurupi.to.gov.br\/wp-content\/uploads\/2023\/11\/IMG-20231110-WA0222-768x496.jpg 768w, https:\/\/gurupi.to.gov.br\/wp-content\/uploads\/2023\/11\/IMG-20231110-WA0222-1536x992.jpg 1536w\" src=\"https:\/\/gurupi.to.gov.br\/wp-content\/uploads\/2023\/11\/IMG-20231110-WA0222.jpg\" alt=\"\"><\/p>\n\n\n\n<p>A ex-deputada estadual Luana Ribeiro, respons\u00e1vel pela destina\u00e7\u00e3o do recurso, fez quest\u00e3o de estar presente na inaugura\u00e7\u00e3o e compartilhou sua alegria em ver a obra conclu\u00edda, reafirmando seu compromisso com Gurupi.<\/p>\n\n\n\n<p>\u201c\u00c9 uma obra de qualidade, feita pela melhor prefeita da hist\u00f3ria de Gurupi, Josi Nunes, estamos em uma semana de entrega de muitas obras de qualidade para a popula\u00e7\u00e3o, mas al\u00e9m das obras, essa gest\u00e3o cuida das pessoas e atende as necessidades da popula\u00e7\u00e3o. Essa parceria \u00e9 um exemplo de como, juntos, podemos fazer a diferen\u00e7a na vida das pessoas. Gurupi merece cada investimento, e continuaremos trabalhando juntos com a prefeita Josi Nunes por essa cidade que tanto amo\u201d, ressaltou Luana Ribeiro.<\/p>\n\n\n\n<p><img loading=\"lazy\" decoding=\"async\" src=\"https:\/\/gurupi.to.gov.br\/wp-content\/uploads\/2023\/11\/IMG-20231110-WA0215.jpg\" alt=\"\" width=\"500\" height=\"329\" srcset=\"https:\/\/gurupi.to.gov.br\/wp-content\/uploads\/2023\/11\/IMG-20231110-WA0215.jpg 1600w, https:\/\/gurupi.to.gov.br\/wp-content\/uploads\/2023\/11\/IMG-20231110-WA0215-300x197.jpg 300w, https:\/\/gurupi.to.gov.br\/wp-content\/uploads\/2023\/11\/IMG-20231110-WA0215-1024x673.jpg 1024w, https:\/\/gurupi.to.gov.br\/wp-content\/uploads\/2023\/11\/IMG-20231110-WA0215-768x505.jpg 768w, https:\/\/gurupi.to.gov.br\/wp-content\/uploads\/2023\/11\/IMG-20231110-WA0215-1536x1010.jpg 1536w\"><\/p>\n\n\n\n<p id=\"caption-attachment-27738\"><strong><em>Luana Ribeiro elogiou gest\u00e3o da prefeita Josi Nunes.<\/em><\/strong><\/p>\n\n\n\n<p><\/p>\n\n\n\n<figure class=\"wp-block-image size-full\"><img loading=\"lazy\" decoding=\"async\" width=\"640\" height=\"193\" src=\"https:\/\/focotocantinense.com.br\/wp-content\/uploads\/2023\/11\/VINI-1.jpg\" alt=\"\" class=\"wp-image-6281\" srcset=\"https:\/\/focotocantinense.com.br\/wp-content\/uploads\/2023\/11\/VINI-1.jpg 640w, https:\/\/focotocantinense.com.br\/wp-content\/uploads\/2023\/11\/VINI-1-300x90.jpg 300w\" sizes=\"auto, (max-width: 640px) 100vw, 640px\" \/><\/figure>\n","protected":false},"excerpt":{"rendered":"<p>Em meio \u00e0s comemora\u00e7\u00f5es do anivers\u00e1rio de 65 anos da Capital da Amizade, a Prefeitura de Gurupi inaugurou mais uma obra na cidade: a aguardada revitaliza\u00e7\u00e3o da Pra\u00e7a Pr. Jo\u00e3o da Cruz Gomes Feitosa, conhecida como Pra\u00e7a da B\u00edblia, localizada no setor Jardim Eldorado. O evento, que aconteceu na noite desta sexta-feira, 10, contou com &hellip;<\/p>\n","protected":false},"author":5,"featured_media":6280,"comment_status":"open","ping_status":"open","sticky":false,"template":"","format":"standard","meta":{"footnotes":""},"categories":[38],"tags":[],"class_list":["post-6279","post","type-post","status-publish","format-standard","has-post-thumbnail","","category-gurupi"],"_links":{"self":[{"href":"https:\/\/focotocantinense.com.br\/index.php?rest_route=\/wp\/v2\/posts\/6279","targetHints":{"allow":["GET"]}}],"collection":[{"href":"https:\/\/focotocantinense.com.br\/index.php?rest_route=\/wp\/v2\/posts"}],"about":[{"href":"https:\/\/focotocantinense.com.br\/index.php?rest_route=\/wp\/v2\/types\/post"}],"author":[{"embeddable":true,"href":"https:\/\/focotocantinense.com.br\/index.php?rest_route=\/wp\/v2\/users\/5"}],"replies":[{"embeddable":true,"href":"https:\/\/focotocantinense.com.br\/index.php?rest_route=%2Fwp%2Fv2%2Fcomments&post=6279"}],"version-history":[{"count":1,"href":"https:\/\/focotocantinense.com.br\/index.php?rest_route=\/wp\/v2\/posts\/6279\/revisions"}],"predecessor-version":[{"id":6282,"href":"https:\/\/focotocantinense.com.br\/index.php?rest_route=\/wp\/v2\/posts\/6279\/revisions\/6282"}],"wp:featuredmedia":[{"embeddable":true,"href":"https:\/\/focotocantinense.com.br\/index.php?rest_route=\/wp\/v2\/media\/6280"}],"wp:attachment":[{"href":"https:\/\/focotocantinense.com.br\/index.php?rest_route=%2Fwp%2Fv2%2Fmedia&parent=6279"}],"wp:term":[{"taxonomy":"category","embeddable":true,"href":"https:\/\/focotocantinense.com.br\/index.php?rest_route=%2Fwp%2Fv2%2Fcategories&post=6279"},{"taxonomy":"post_tag","embeddable":true,"href":"https:\/\/focotocantinense.com.br\/index.php?rest_route=%2Fwp%2Fv2%2Ftags&post=6279"}],"curies":[{"name":"wp","href":"https:\/\/api.w.org\/{rel}","templated":true}]}}