{"id":6273,"date":"2023-11-13T11:04:56","date_gmt":"2023-11-13T14:04:56","guid":{"rendered":"https:\/\/focotocantinense.com.br\/?p=6273"},"modified":"2023-11-13T11:07:17","modified_gmt":"2023-11-13T14:07:17","slug":"prefeita-josi-nunes-decreta-ponto-facultativo-na-proxima-segunda-feira-13-vespera-do-aniversario-de-gurupi","status":"publish","type":"post","link":"https:\/\/focotocantinense.com.br\/?p=6273","title":{"rendered":"Prefeita Josi Nunes decreta ponto facultativo nesta segunda-feira, 13, v\u00e9spera do anivers\u00e1rio de Gurupi"},"content":{"rendered":"\n<p>A prefeita de Gurupi, Josi Nunes, decretou ponto facultativo nas reparti\u00e7\u00f5es p\u00fablicas municipais na pr\u00f3xima segunda-feira, 13, em raz\u00e3o das festividades em comemora\u00e7\u00e3o ao anivers\u00e1rio da cidade. A Capital da Amizade completa 65 anos de emancipa\u00e7\u00e3o pol\u00edtica na pr\u00f3xima ter\u00e7a-feira, 14.&nbsp;<\/p>\n\n\n\n<p>O decreto n\u00ba 1.363\/2023 foi publicado no Di\u00e1rio Oficial do Munic\u00edpio nesta quinta-feira, 09, e leva em considera\u00e7\u00e3o a reduzida demanda pelos servi\u00e7os p\u00fablicos n\u00e3o essenciais em raz\u00e3o do feriado de anivers\u00e1rio de Gurupi.<\/p>\n\n\n\n<p>O ponto facultativo n\u00e3o se aplica a servi\u00e7os essenciais de sa\u00fade como UPA e SAMU; institui\u00e7\u00f5es municipais de ensino; unidades de atendimento da Secretaria Municipal de Assist\u00eancia Social e Cidadania; Conselho Tutelar; departamentos de licita\u00e7\u00f5es; e aos demais \u00f3rg\u00e3os e entidades de servi\u00e7os considerados essenciais, que por sua natureza, exijam regime de plant\u00e3o permanente.<\/p>\n\n\n\n<figure class=\"wp-block-image size-large is-resized\"><img loading=\"lazy\" decoding=\"async\" width=\"1024\" height=\"576\" src=\"https:\/\/focotocantinense.com.br\/wp-content\/uploads\/2023\/11\/GURUPI-PANORAMICA-2020-1024x576.jpg\" alt=\"\" class=\"wp-image-6275\" style=\"width:413px;height:auto\" srcset=\"https:\/\/focotocantinense.com.br\/wp-content\/uploads\/2023\/11\/GURUPI-PANORAMICA-2020-1024x576.jpg 1024w, https:\/\/focotocantinense.com.br\/wp-content\/uploads\/2023\/11\/GURUPI-PANORAMICA-2020-300x169.jpg 300w, https:\/\/focotocantinense.com.br\/wp-content\/uploads\/2023\/11\/GURUPI-PANORAMICA-2020-768x432.jpg 768w, https:\/\/focotocantinense.com.br\/wp-content\/uploads\/2023\/11\/GURUPI-PANORAMICA-2020.jpg 1279w\" sizes=\"auto, (max-width: 1024px) 100vw, 1024px\" \/><\/figure>\n\n\n\n<p><\/p>\n\n\n\n<figure class=\"wp-block-image size-full is-style-default\"><img loading=\"lazy\" decoding=\"async\" width=\"640\" height=\"193\" src=\"https:\/\/focotocantinense.com.br\/wp-content\/uploads\/2023\/11\/VINI.jpg\" alt=\"\" class=\"wp-image-6243\" srcset=\"https:\/\/focotocantinense.com.br\/wp-content\/uploads\/2023\/11\/VINI.jpg 640w, https:\/\/focotocantinense.com.br\/wp-content\/uploads\/2023\/11\/VINI-300x90.jpg 300w\" sizes=\"auto, (max-width: 640px) 100vw, 640px\" \/><\/figure>\n","protected":false},"excerpt":{"rendered":"<p>A prefeita de Gurupi, Josi Nunes, decretou ponto facultativo nas reparti\u00e7\u00f5es p\u00fablicas municipais na pr\u00f3xima segunda-feira, 13, em raz\u00e3o das festividades em comemora\u00e7\u00e3o ao anivers\u00e1rio da cidade. A Capital da Amizade completa 65 anos de emancipa\u00e7\u00e3o pol\u00edtica na pr\u00f3xima ter\u00e7a-feira, 14.&nbsp; O decreto n\u00ba 1.363\/2023 foi publicado no Di\u00e1rio Oficial do Munic\u00edpio nesta quinta-feira, 09, &hellip;<\/p>\n","protected":false},"author":5,"featured_media":6274,"comment_status":"open","ping_status":"open","sticky":false,"template":"","format":"standard","meta":{"footnotes":""},"categories":[38],"tags":[],"class_list":["post-6273","post","type-post","status-publish","format-standard","has-post-thumbnail","","category-gurupi"],"_links":{"self":[{"href":"https:\/\/focotocantinense.com.br\/index.php?rest_route=\/wp\/v2\/posts\/6273","targetHints":{"allow":["GET"]}}],"collection":[{"href":"https:\/\/focotocantinense.com.br\/index.php?rest_route=\/wp\/v2\/posts"}],"about":[{"href":"https:\/\/focotocantinense.com.br\/index.php?rest_route=\/wp\/v2\/types\/post"}],"author":[{"embeddable":true,"href":"https:\/\/focotocantinense.com.br\/index.php?rest_route=\/wp\/v2\/users\/5"}],"replies":[{"embeddable":true,"href":"https:\/\/focotocantinense.com.br\/index.php?rest_route=%2Fwp%2Fv2%2Fcomments&post=6273"}],"version-history":[{"count":3,"href":"https:\/\/focotocantinense.com.br\/index.php?rest_route=\/wp\/v2\/posts\/6273\/revisions"}],"predecessor-version":[{"id":6278,"href":"https:\/\/focotocantinense.com.br\/index.php?rest_route=\/wp\/v2\/posts\/6273\/revisions\/6278"}],"wp:featuredmedia":[{"embeddable":true,"href":"https:\/\/focotocantinense.com.br\/index.php?rest_route=\/wp\/v2\/media\/6274"}],"wp:attachment":[{"href":"https:\/\/focotocantinense.com.br\/index.php?rest_route=%2Fwp%2Fv2%2Fmedia&parent=6273"}],"wp:term":[{"taxonomy":"category","embeddable":true,"href":"https:\/\/focotocantinense.com.br\/index.php?rest_route=%2Fwp%2Fv2%2Fcategories&post=6273"},{"taxonomy":"post_tag","embeddable":true,"href":"https:\/\/focotocantinense.com.br\/index.php?rest_route=%2Fwp%2Fv2%2Ftags&post=6273"}],"curies":[{"name":"wp","href":"https:\/\/api.w.org\/{rel}","templated":true}]}}