{"id":6268,"date":"2023-11-12T18:39:50","date_gmt":"2023-11-12T21:39:50","guid":{"rendered":"https:\/\/focotocantinense.com.br\/?p=6268"},"modified":"2023-11-12T18:42:33","modified_gmt":"2023-11-12T21:42:33","slug":"sabado-letivo-com-alunos-da-eja-movimenta-escola-municipal-de-tocantinia","status":"publish","type":"post","link":"https:\/\/focotocantinense.com.br\/?p=6268","title":{"rendered":"S\u00e1bado letivo com alunos da EJA movimenta escola municipal de Tocant\u00ednia"},"content":{"rendered":"\n<p><strong>Por Zacarias Martins<\/strong><\/p>\n\n\n\n<p>A Escola Municipal de Tempo Integral Ant\u00f4nio Benvindo da Luz, que&nbsp; faz parte da &nbsp;Rede Municipal de Educa\u00e7\u00e3o de Tocant\u00ednia,&nbsp; realizou no s\u00e1bado letivo neste dia 11, &nbsp;com a culmin\u00e2ncia do estudo de L\u00edngua Portuguesa com o objeto de conhecimento &nbsp;do&nbsp; g\u00eanero textual receitas e na Matem\u00e1tica, bem como, no\u00e7\u00f5es b\u00e1sicas sobre unidade de medida.<\/p>\n\n\n\n<p>Os alunos da EJA (Educa\u00e7\u00e3o de Jovens e Adultos), vivenciaram o dia da receita pr\u00e1tica. Literalmente, eles colocaram a m\u00e3o na massa e prepararam deliciosas pizzas para aplica\u00e7\u00e3o, na pr\u00e1tica, do estudo trabalhado em sala de aula,<\/p>\n\n\n\n<p>O professor Genivaldo Rodrigues trindade explicou a din\u00e2mica da aula que naquele&nbsp; momento saiu das paredes com quadro negro e partiu para cozinha escolar. Por isso, convidou o pizzaiolo Pedro Lima para ajudar os alunos aplicarem na pr\u00e1tica as unidades de medidas de volume, temperatura, massa e tempo, al\u00e9m de praticarem a receita estudada em sala de aula. &nbsp;&nbsp;\u201cFoi uma aula diferente e movimentada\u201d, destacou o professor.<\/p>\n\n\n\n<p>O aluno Jo\u00e3o Lucas era um dos mais entusiasmado com essa experi\u00eancia.\u00a0 Ele afirmou que estava contando nos dedos esse dia que estava programado para este s\u00e1bado letivo.<\/p>\n\n\n\n<figure class=\"wp-block-gallery has-nested-images columns-default is-cropped wp-block-gallery-1 is-layout-flex wp-block-gallery-is-layout-flex\">\n<figure class=\"wp-block-image size-large\"><img loading=\"lazy\" decoding=\"async\" width=\"800\" height=\"400\" data-id=\"6269\" src=\"https:\/\/focotocantinense.com.br\/wp-content\/uploads\/2023\/11\/EJA-TOCANTINIA-22023.jpg\" alt=\"\" class=\"wp-image-6269\" srcset=\"https:\/\/focotocantinense.com.br\/wp-content\/uploads\/2023\/11\/EJA-TOCANTINIA-22023.jpg 800w, https:\/\/focotocantinense.com.br\/wp-content\/uploads\/2023\/11\/EJA-TOCANTINIA-22023-300x150.jpg 300w, https:\/\/focotocantinense.com.br\/wp-content\/uploads\/2023\/11\/EJA-TOCANTINIA-22023-768x384.jpg 768w, https:\/\/focotocantinense.com.br\/wp-content\/uploads\/2023\/11\/EJA-TOCANTINIA-22023-660x330.jpg 660w\" sizes=\"auto, (max-width: 800px) 100vw, 800px\" \/><\/figure>\n<\/figure>\n\n\n\n<p><\/p>\n\n\n\n<p><\/p>\n\n\n\n<figure class=\"wp-block-image\"><img decoding=\"async\" src=\"http:\/\/n1to.com.br\/img\/uploads\/3bdd4e28-090a-4324-b386-c0020d66f252.jpg\" alt=\"\"\/><\/figure>\n\n\n\n<figure class=\"wp-block-image size-full\"><img loading=\"lazy\" decoding=\"async\" width=\"640\" height=\"193\" src=\"https:\/\/focotocantinense.com.br\/wp-content\/uploads\/2023\/11\/VINI.jpg\" alt=\"\" class=\"wp-image-6243\" srcset=\"https:\/\/focotocantinense.com.br\/wp-content\/uploads\/2023\/11\/VINI.jpg 640w, https:\/\/focotocantinense.com.br\/wp-content\/uploads\/2023\/11\/VINI-300x90.jpg 300w\" sizes=\"auto, (max-width: 640px) 100vw, 640px\" \/><\/figure>\n","protected":false},"excerpt":{"rendered":"<p>Por Zacarias Martins A Escola Municipal de Tempo Integral Ant\u00f4nio Benvindo da Luz, que&nbsp; faz parte da &nbsp;Rede Municipal de Educa\u00e7\u00e3o de Tocant\u00ednia,&nbsp; realizou no s\u00e1bado letivo neste dia 11, &nbsp;com a culmin\u00e2ncia do estudo de L\u00edngua Portuguesa com o objeto de conhecimento &nbsp;do&nbsp; g\u00eanero textual receitas e na Matem\u00e1tica, bem como, no\u00e7\u00f5es b\u00e1sicas sobre &hellip;<\/p>\n","protected":false},"author":5,"featured_media":6269,"comment_status":"open","ping_status":"open","sticky":false,"template":"","format":"standard","meta":{"footnotes":""},"categories":[78],"tags":[],"class_list":["post-6268","post","type-post","status-publish","format-standard","has-post-thumbnail","","category-tocantinia"],"_links":{"self":[{"href":"https:\/\/focotocantinense.com.br\/index.php?rest_route=\/wp\/v2\/posts\/6268","targetHints":{"allow":["GET"]}}],"collection":[{"href":"https:\/\/focotocantinense.com.br\/index.php?rest_route=\/wp\/v2\/posts"}],"about":[{"href":"https:\/\/focotocantinense.com.br\/index.php?rest_route=\/wp\/v2\/types\/post"}],"author":[{"embeddable":true,"href":"https:\/\/focotocantinense.com.br\/index.php?rest_route=\/wp\/v2\/users\/5"}],"replies":[{"embeddable":true,"href":"https:\/\/focotocantinense.com.br\/index.php?rest_route=%2Fwp%2Fv2%2Fcomments&post=6268"}],"version-history":[{"count":3,"href":"https:\/\/focotocantinense.com.br\/index.php?rest_route=\/wp\/v2\/posts\/6268\/revisions"}],"predecessor-version":[{"id":6272,"href":"https:\/\/focotocantinense.com.br\/index.php?rest_route=\/wp\/v2\/posts\/6268\/revisions\/6272"}],"wp:featuredmedia":[{"embeddable":true,"href":"https:\/\/focotocantinense.com.br\/index.php?rest_route=\/wp\/v2\/media\/6269"}],"wp:attachment":[{"href":"https:\/\/focotocantinense.com.br\/index.php?rest_route=%2Fwp%2Fv2%2Fmedia&parent=6268"}],"wp:term":[{"taxonomy":"category","embeddable":true,"href":"https:\/\/focotocantinense.com.br\/index.php?rest_route=%2Fwp%2Fv2%2Fcategories&post=6268"},{"taxonomy":"post_tag","embeddable":true,"href":"https:\/\/focotocantinense.com.br\/index.php?rest_route=%2Fwp%2Fv2%2Ftags&post=6268"}],"curies":[{"name":"wp","href":"https:\/\/api.w.org\/{rel}","templated":true}]}}